{"id":4405,"date":"2026-07-31T08:03:51","date_gmt":"2026-07-31T08:03:51","guid":{"rendered":"https:\/\/turkiyemhaber.com\/?p=4405"},"modified":"2026-07-31T08:03:56","modified_gmt":"2026-07-31T08:03:56","slug":"gazeteci-cem-kucuk-gozaltina-alindi","status":"publish","type":"post","link":"https:\/\/turkiyemhaber.com\/?p=4405","title":{"rendered":"Gazeteci Cem K\u00fc\u00e7\u00fck g\u00f6zalt\u0131na al\u0131nd\u0131"},"content":{"rendered":"\n<p class=\"wp-block-paragraph\">Ge\u00e7ti\u011fimiz g\u00fcnlerde 10 y\u0131ld\u0131r g\u00f6rev yapt\u0131\u011f\u0131 T\u00fcrkiye gazetesi ve ekran y\u00fcz\u00fc oldu\u011fu TGRT Haber&#8217;den ayr\u0131ld\u0131\u011f\u0131n\u0131 duyuran gazeteci Cem K\u00fc\u00e7\u00fck, &#8216;halk\u0131 yan\u0131lt\u0131c\u0131 bilgiyi alenen yayma&#8217; ve &#8216;\u015fantaj&#8217; su\u00e7lamalar\u0131 ile g\u00f6zalt\u0131na al\u0131nd\u0131. K\u00fc\u00e7\u00fck hakk\u0131nda, baz\u0131 i\u015f insanlar\u0131ndan maddi menfaat kar\u015f\u0131l\u0131\u011f\u0131 sanal medya payla\u015f\u0131mlar\u0131 yapt\u0131\u011f\u0131na ili\u015fkin \u015fikayetler bulundu\u011fu ve \u0130BB soru\u015fturmas\u0131 s\u00fcrecinde medyada yer alan bir k\u0131s\u0131m beyanatlar ile ilgili bir soru\u015fturma y\u00fcr\u00fct\u00fcld\u00fc\u011f\u00fc \u00f6\u011frenildi.<\/p>\n\n\n\n<p class=\"wp-block-paragraph\">Gazeteci&nbsp;<a href=\"https:\/\/www.sondakika.com\/cem-kucuk\/\">Cem K\u00fc\u00e7\u00fck<\/a>&nbsp;g\u00f6zalt\u0131na al\u0131nd\u0131.<\/p>\n\n\n\n<h3 class=\"wp-block-heading\">\u0130K\u0130 AYRI SU\u00c7LAMA Y\u00d6NELT\u0130LD\u0130<\/h3>\n\n\n\n<p class=\"wp-block-paragraph\">\u0130stanbul Cumhuriyet Ba\u015fsavc\u0131l\u0131\u011f\u0131&#8217;n\u0131n y\u00fcr\u00fctt\u00fc\u011f\u00fc soru\u015fturma \u00e7er\u00e7evesinde, gazeteci Cem K\u00fc\u00e7\u00fck hakk\u0131nda &#8216;halk\u0131 yan\u0131lt\u0131c\u0131 bilgiyi alenen yayma&#8217; ile &#8216;\u015fantaj&#8217; su\u00e7lamalar\u0131 kapsam\u0131nda g\u00f6zalt\u0131 karar\u0131 \u00e7\u0131kar\u0131ld\u0131.&nbsp;Karar\u0131n ard\u0131ndan harekete ge\u00e7en \u0130stanbul \u0130l Jandarma Komutanl\u0131\u011f\u0131 Ka\u00e7ak\u00e7\u0131l\u0131k ve Organize Su\u00e7larla M\u00fccadele (KOM) \u015eube M\u00fcd\u00fcrl\u00fc\u011f\u00fc ekipleri, d\u00fczenledikleri operasyonla K\u00fc\u00e7\u00fck&#8217;\u00fc g\u00f6zalt\u0131na ald\u0131.&nbsp;<\/p>\n\n\n\n<p class=\"wp-block-paragraph\">K\u00fc\u00e7\u00fck hakk\u0131nda, baz\u0131 i\u015f insanlar\u0131ndan maddi menfaat kar\u015f\u0131l\u0131\u011f\u0131 sanal medya payla\u015f\u0131mlar\u0131 yapt\u0131\u011f\u0131na ili\u015fkin \u015fikayetler bulundu\u011fu ve \u0130BB soru\u015fturmas\u0131 s\u00fcrecinde medyada yer alan bir k\u0131s\u0131m beyanatlar ile ilgili bir soru\u015fturma y\u00fcr\u00fct\u00fcld\u00fc\u011f\u00fc \u00f6\u011frenildi.<\/p>\n\n\n\n<h3 class=\"wp-block-heading\">SA\u011eLIK KONTROL\u00dcNE GET\u0130R\u0130LD\u0130<\/h3>\n\n\n\n<p class=\"wp-block-paragraph\">G\u00f6zalt\u0131na al\u0131nan Cem K\u00fc\u00e7\u00fck, sa\u011fl\u0131k kontrol\u00fc i\u00e7in Seyrantepe Hamidiye Etfal E\u011fitim ve Ara\u015ft\u0131rma Hastanesi&#8217;ne getirildi. Hastanede i\u015flemleri tamamlanan k\u00fc\u00e7\u00fck \u0130stanbul \u0130l Jandarma Komutanl\u0131\u011f\u0131&#8217;na g\u00f6t\u00fcr\u00fcld\u00fc.<\/p>\n\n\n\n<h3 class=\"wp-block-heading\">T\u00dcRK\u0130YE GAZETES\u0130 VE TGRT HABER \u0130LE YOLLARINI AYIRMI\u015eTI<\/h3>\n\n\n\n<p class=\"wp-block-paragraph\">Cem K\u00fc\u00e7\u00fck, ge\u00e7ti\u011fimiz g\u00fcnlerde 10 y\u0131ld\u0131r g\u00f6rev yapt\u0131\u011f\u0131&nbsp;<a href=\"https:\/\/www.sondakika.com\/turkiye\/\">T\u00fcrkiye<\/a>&nbsp;gazetesi ve ekran y\u00fcz\u00fc oldu\u011fu TGRT Haber&#8217;den ayr\u0131ld\u0131\u011f\u0131n\u0131 duyurmu\u015ftu.&nbsp;K\u00fc\u00e7\u00fck,&nbsp;<a href=\"https:\/\/www.sondakika.com\/turkiye-gazetesi\/\">T\u00fcrkiye Gazetesi<\/a>&#8216;nde k\u00f6\u015fe yazarl\u0131\u011f\u0131n\u0131n yan\u0131 s\u0131ra TGRT Haber&#8217;de sabah yay\u0131nlanan &#8220;Cem K\u00fc\u00e7\u00fck ile G\u00fcnayd\u0131n T\u00fcrkiye&#8221; adl\u0131 haber program\u0131n\u0131 sunuyordu. K\u00fc\u00e7\u00fck ayr\u0131ca haftada \u00fc\u00e7 g\u00fcn yay\u0131nlanan &#8220;<a href=\"https:\/\/www.sondakika.com\/medya\/\">Medya<\/a>&nbsp;Kritik&#8221; program\u0131n\u0131n da yorumcular\u0131ndand\u0131.<\/p>\n","protected":false},"excerpt":{"rendered":"<p>Ge\u00e7ti\u011fimiz g\u00fcnlerde 10 y\u0131ld\u0131r g\u00f6rev yapt\u0131\u011f\u0131 T\u00fcrkiye gazetesi ve ekran y\u00fcz\u00fc oldu\u011fu TGRT Haber&#8217;den ayr\u0131ld\u0131\u011f\u0131n\u0131<\/p>\n","protected":false},"author":1,"featured_media":4406,"comment_status":"open","ping_status":"open","sticky":false,"template":"","format":"standard","meta":{"_rtcl_gb_attr":"","footnotes":""},"categories":[1],"tags":[],"class_list":["post-4405","post","type-post","status-publish","format-standard","has-post-thumbnail","hentry","category-http-turkiyemhaber-com-wp-content-uploads-2026-03-saray-59-haber-13-mart-pdf"],"_links":{"self":[{"href":"https:\/\/turkiyemhaber.com\/index.php?rest_route=\/wp\/v2\/posts\/4405","targetHints":{"allow":["GET"]}}],"collection":[{"href":"https:\/\/turkiyemhaber.com\/index.php?rest_route=\/wp\/v2\/posts"}],"about":[{"href":"https:\/\/turkiyemhaber.com\/index.php?rest_route=\/wp\/v2\/types\/post"}],"author":[{"embeddable":true,"href":"https:\/\/turkiyemhaber.com\/index.php?rest_route=\/wp\/v2\/users\/1"}],"replies":[{"embeddable":true,"href":"https:\/\/turkiyemhaber.com\/index.php?rest_route=%2Fwp%2Fv2%2Fcomments&post=4405"}],"version-history":[{"count":1,"href":"https:\/\/turkiyemhaber.com\/index.php?rest_route=\/wp\/v2\/posts\/4405\/revisions"}],"predecessor-version":[{"id":4407,"href":"https:\/\/turkiyemhaber.com\/index.php?rest_route=\/wp\/v2\/posts\/4405\/revisions\/4407"}],"wp:featuredmedia":[{"embeddable":true,"href":"https:\/\/turkiyemhaber.com\/index.php?rest_route=\/wp\/v2\/media\/4406"}],"wp:attachment":[{"href":"https:\/\/turkiyemhaber.com\/index.php?rest_route=%2Fwp%2Fv2%2Fmedia&parent=4405"}],"wp:term":[{"taxonomy":"category","embeddable":true,"href":"https:\/\/turkiyemhaber.com\/index.php?rest_route=%2Fwp%2Fv2%2Fcategories&post=4405"},{"taxonomy":"post_tag","embeddable":true,"href":"https:\/\/turkiyemhaber.com\/index.php?rest_route=%2Fwp%2Fv2%2Ftags&post=4405"}],"curies":[{"name":"wp","href":"https:\/\/api.w.org\/{rel}","templated":true}]}}