{"id":4402,"date":"2026-07-31T07:56:37","date_gmt":"2026-07-31T07:56:37","guid":{"rendered":"https:\/\/turkiyemhaber.com\/?p=4402"},"modified":"2026-07-31T07:56:42","modified_gmt":"2026-07-31T07:56:42","slug":"ahbap-sorusturmasinda-is-insani-huseyin-basaran-dahil-7-kisi-tutuklandi","status":"publish","type":"post","link":"https:\/\/turkiyemhaber.com\/?p=4402","title":{"rendered":"Ahbap soru\u015fturmas\u0131nda i\u015f insan\u0131 H\u00fcseyin Ba\u015faran dahil 7 ki\u015fi tutukland\u0131."},"content":{"rendered":"\n<p class=\"wp-block-paragraph\">Ahbap Derne\u011fi&#8217;ne y\u00f6nelik y\u00fcr\u00fct\u00fclen soru\u015fturma kapsam\u0131nda d\u00fczenlenen 4\u2019\u00fcnc\u00fc dalga operasyonda 13 \u015f\u00fcpheli g\u00f6zalt\u0131na al\u0131nd\u0131. Emniyetteki i\u015flemlerin ard\u0131ndan adliyeye sevk edilen \u015f\u00fcphelilerden aralar\u0131nda H\u00fcseyin Ba\u015faran&#8217;\u0131n da oldu\u011fu 7 \u015f\u00fcpheli \u00e7\u0131kar\u0131ld\u0131klar\u0131 mahkemece tutuklan\u0131rken, 6 ki\u015fi ise adli kontrol \u015fart\u0131yla serbest b\u0131rak\u0131ld\u0131<\/p>\n\n\n\n<p class=\"wp-block-paragraph\">\u0130stanbul Cumhuriyet Ba\u015fsavc\u0131l\u0131\u011f\u0131nca Ahbaplar Derne\u011fi\u2019ne y\u00f6nelik y\u00fcr\u00fct\u00fclen soru\u015fturma kapsam\u0131nda, konut ve konteyner al\u0131mlar\u0131, \u015f\u00fcpheli ta\u015f\u0131nmaz devirleri, dernek taraf\u0131ndan d\u00fczenlenen \u00e7ekler ile mali ve ticari ili\u015fkiler olmak \u00fczere 4 ana ba\u015fl\u0131k alt\u0131nda inceleme y\u00fcr\u00fct\u00fcld\u00fc. Bu kapsamda \u0130stanbul \u0130l Emniyet M\u00fcd\u00fcrl\u00fc\u011f\u00fc ekiplerince 27 Temmuz Pazartesi g\u00fcn\u00fc sabah saatlerinde d\u00fczenlenen 4\u2019\u00fcnc\u00fc dalga operasyonda 13 \u015f\u00fcpheli g\u00f6zalt\u0131na al\u0131nd\u0131.<\/p>\n\n\n\n<h3 class=\"wp-block-heading\">KONUT VE KONTEYNER ALIMLARI \u0130NCELEND\u0130<\/h3>\n\n\n\n<p class=\"wp-block-paragraph\">Soru\u015fturmada, Ahbap Derne\u011fi\u2019nin 2023 y\u0131l\u0131nda konut yap\u0131m\u0131 amac\u0131yla anla\u015fma sa\u011flad\u0131\u011f\u0131 ve ba\u011f\u0131\u015flardan \u00f6nemli miktarda para aktard\u0131\u011f\u0131 halde taahh\u00fct edilen konutlar\u0131n tamamlanmad\u0131\u011f\u0131 de\u011ferlendirilen \u015firketlerin yetkilileri hakk\u0131nda i\u015flem ba\u015flat\u0131ld\u0131. Bu kapsamda Ayhan Demir, Nejdet Kuy, Murat Yaren, Ayhan \u00c7evik ile derne\u011fin sat\u0131n alma m\u00fcd\u00fcr\u00fc Deniz \u015eim\u015fek hakk\u0131nda i\u015flem ba\u015flat\u0131ld\u0131.<\/p>\n\n\n\n<h3 class=\"wp-block-heading\">TA\u015eINMAZ DEV\u0130RLER\u0130 VE \u00c7EKLER \u0130NCELEMEYE ALINDI<\/h3>\n\n\n\n<p class=\"wp-block-paragraph\">Di\u011fer yandan soru\u015fturma kapsam\u0131nda baz\u0131 \u015firketler ve ki\u015filer taraf\u0131ndan \u015f\u00fcpheli Yeliz Kaya\u2019ya \u00e7ok say\u0131da ta\u015f\u0131nmaz devredildi\u011fi tespit edildi. Ta\u015f\u0131nmaz devirleriyle ba\u011flant\u0131l\u0131 olarak H\u00fcseyin Ba\u015faran., Recep Demir, Emre Saral, Faruk Ko\u00e7 ve Orhan \u0130nan hakk\u0131nda i\u015flem ba\u015flat\u0131ld\u0131. Dernek taraf\u0131ndan d\u00fczenlenen baz\u0131 \u00e7eklerin dola\u015f\u0131m\u0131 ve tahsil s\u00fcre\u00e7leri de incelenirken, \u00e7ekleri devrald\u0131\u011f\u0131 belirlenen Sibel K. ile Muhammed Ali Y. hakk\u0131nda da i\u015flem yap\u0131ld\u0131.<\/p>\n\n\n\n<h3 class=\"wp-block-heading\">HALUK LEVENT \u0130LE MAL\u0130 \u0130L\u0130\u015eK\u0130LER\u0130 \u0130NCELEND\u0130<\/h3>\n\n\n\n<p class=\"wp-block-paragraph\">Soru\u015fturma kapsam\u0131nda ayr\u0131ca&nbsp;<a href=\"https:\/\/www.sondakika.com\/haluk-levent\/\">Haluk Levent<\/a>&nbsp;ile aras\u0131ndaki mali ve ticari ili\u015fkinin \u015f\u00fcpheli nitelikte oldu\u011fu de\u011ferlendirilen Ali D. hakk\u0131nda da i\u015flem ba\u015flat\u0131ld\u0131\u011f\u0131 \u00f6\u011frenildi.<\/p>\n\n\n\n<h3 class=\"wp-block-heading\">7 \u015e\u00dcPHEL\u0130YE TUTUKLAMA TALEB\u0130<\/h3>\n\n\n\n<p class=\"wp-block-paragraph\">27 Temmuz g\u00fcn\u00fc g\u00f6zalt\u0131na al\u0131nan 13 \u015f\u00fcpheli sabah saatlerinde emniyetteki i\u015flemlerinin ard\u0131ndan adliyeye sevk edildi.&nbsp;Savc\u0131l\u0131ktaki ifade i\u015flemleri tamamlanan \u015f\u00fcphelilerden H\u00fcseyin Ba\u015faran, Deniz \u015eim\u015fek, Ayhan \u00c7evik, Murat Yaren, Nejdet Kuy, Emin Arat ile Muhammed Ali Y\u0131lmaz tutuklama talebiyle, Ali Demirhan, Orhan \u0130nan, Faruk Ko\u00e7, Emre Saral, Recep Demir ve Ayhan Demir ise adli kontrol istemiyle N\u00f6bet\u00e7i Sulh Ceza Hakimli\u011fi&#8217;ne sevk edildi.<\/p>\n\n\n\n<h3 class=\"wp-block-heading\">TAMAMI TUTUKLANDI<\/h3>\n\n\n\n<p class=\"wp-block-paragraph\">N\u00f6bet\u00e7i Sulh Ceza Hakimli\u011fi&#8217;ne \u00e7\u0131kar\u0131lan \u015f\u00fcphelilerden H\u00fcseyin Ba\u015faran, Deniz \u015eim\u015fek, Ayhan \u00c7evik, Murat Yaren, Nejdet Kuy, Emin Arat, Muhammed Ali Y\u0131lmaz \u00e7\u0131kar\u0131ld\u0131klar\u0131 mahkemece tutuklanarak cezaevine g\u00f6nderildi. \u00d6te yandan Ali Demirhan, Orhan \u0130nan, Faruk Ko\u00e7, Emre Saral, Recep Demir ve Ayhan Demir adli kontrol \u015fart\u0131yla serbest b\u0131rak\u0131ld\u0131.<\/p>\n","protected":false},"excerpt":{"rendered":"<p>Ahbap Derne\u011fi&#8217;ne y\u00f6nelik y\u00fcr\u00fct\u00fclen soru\u015fturma kapsam\u0131nda d\u00fczenlenen 4\u2019\u00fcnc\u00fc dalga operasyonda 13 \u015f\u00fcpheli g\u00f6zalt\u0131na al\u0131nd\u0131. Emniyetteki<\/p>\n","protected":false},"author":1,"featured_media":4403,"comment_status":"open","ping_status":"open","sticky":false,"template":"","format":"standard","meta":{"_rtcl_gb_attr":"","footnotes":""},"categories":[1],"tags":[],"class_list":["post-4402","post","type-post","status-publish","format-standard","has-post-thumbnail","hentry","category-http-turkiyemhaber-com-wp-content-uploads-2026-03-saray-59-haber-13-mart-pdf"],"_links":{"self":[{"href":"https:\/\/turkiyemhaber.com\/index.php?rest_route=\/wp\/v2\/posts\/4402","targetHints":{"allow":["GET"]}}],"collection":[{"href":"https:\/\/turkiyemhaber.com\/index.php?rest_route=\/wp\/v2\/posts"}],"about":[{"href":"https:\/\/turkiyemhaber.com\/index.php?rest_route=\/wp\/v2\/types\/post"}],"author":[{"embeddable":true,"href":"https:\/\/turkiyemhaber.com\/index.php?rest_route=\/wp\/v2\/users\/1"}],"replies":[{"embeddable":true,"href":"https:\/\/turkiyemhaber.com\/index.php?rest_route=%2Fwp%2Fv2%2Fcomments&post=4402"}],"version-history":[{"count":1,"href":"https:\/\/turkiyemhaber.com\/index.php?rest_route=\/wp\/v2\/posts\/4402\/revisions"}],"predecessor-version":[{"id":4404,"href":"https:\/\/turkiyemhaber.com\/index.php?rest_route=\/wp\/v2\/posts\/4402\/revisions\/4404"}],"wp:featuredmedia":[{"embeddable":true,"href":"https:\/\/turkiyemhaber.com\/index.php?rest_route=\/wp\/v2\/media\/4403"}],"wp:attachment":[{"href":"https:\/\/turkiyemhaber.com\/index.php?rest_route=%2Fwp%2Fv2%2Fmedia&parent=4402"}],"wp:term":[{"taxonomy":"category","embeddable":true,"href":"https:\/\/turkiyemhaber.com\/index.php?rest_route=%2Fwp%2Fv2%2Fcategories&post=4402"},{"taxonomy":"post_tag","embeddable":true,"href":"https:\/\/turkiyemhaber.com\/index.php?rest_route=%2Fwp%2Fv2%2Ftags&post=4402"}],"curies":[{"name":"wp","href":"https:\/\/api.w.org\/{rel}","templated":true}]}}