{"id":4399,"date":"2026-07-31T07:50:54","date_gmt":"2026-07-31T07:50:54","guid":{"rendered":"https:\/\/turkiyemhaber.com\/?p=4399"},"modified":"2026-07-31T07:50:59","modified_gmt":"2026-07-31T07:50:59","slug":"ogrenci-affi-duzenlemesi-tbmmde-kabul-edildi","status":"publish","type":"post","link":"https:\/\/turkiyemhaber.com\/?p=4399","title":{"rendered":"\u00d6\u011frenci aff\u0131 d\u00fczenlemesi TBMM&#8217;de kabul edildi"},"content":{"rendered":"\n<p class=\"wp-block-paragraph\">Ge\u00e7mi\u015fte e\u011fitim g\u00f6rd\u00fckleri okullardan ili\u015fi\u011fi kesilen \u00fcniversite \u00f6\u011frencilerine y\u00f6nelik af d\u00fczenlemesi TBMM Genel Kurulu&#8217;nda kabul edildi. D\u00fczenleme; haz\u0131rl\u0131k, \u00f6n lisans, lisans, y\u00fcksek lisans ve doktora d\u00fczeyindeki t\u00fcm \u00f6\u011frencileri kapsarken, \u00fcniversiteyi kazand\u0131\u011f\u0131 h\u00e2lde zaman\u0131nda kay\u0131t yapt\u0131ramayanlar da aftan faydalanabilecek.<\/p>\n\n\n\n<p class=\"wp-block-paragraph\">TBMM Genel Kurulu&#8217;nda g\u00f6r\u00fc\u015f\u00fclen Y\u00fcksek\u00f6\u011fretim Kanunu ve Baz\u0131 Kanunlarda De\u011fi\u015fiklik Yap\u0131lmas\u0131na Dair Kanun Teklifi&#8217;nde yer alan y\u00fcksek\u00f6\u011fretim kurumlar\u0131nda \u00f6\u011frenim g\u00f6rmekteyken ili\u015fi\u011fi kesilenler ile kay\u0131t hakk\u0131 kazand\u0131\u011f\u0131 halde \u00e7e\u015fitli nedenlerle kay\u0131t yapt\u0131ramayan \u00f6\u011frencilere y\u00fcksek\u00f6\u011frenimlerine devam etme hakk\u0131 tan\u0131yan 15&#8217;inci madde kabul edildi.<\/p>\n\n\n\n<h3 class=\"wp-block-heading\">\u00d6\u011eRENC\u0130 AFFI K\u0130MLER\u0130 KAPSIYOR?<\/h3>\n\n\n\n<p class=\"wp-block-paragraph\">Kanun teklifine g\u00f6re belirlenen \u015fartlar\u0131 ta\u015f\u0131yan;<\/p>\n\n\n\n<ul class=\"wp-block-list\">\n<li>Haz\u0131rl\u0131k s\u0131n\u0131f\u0131 \u00f6\u011frencileri,<\/li>\n\n\n\n<li>\u0130ntibak program\u0131ndaki \u00f6\u011frenciler,<\/li>\n\n\n\n<li>\u00d6n lisans \u00f6\u011frencileri,<\/li>\n\n\n\n<li>Lisans tamamlama \u00f6\u011frencileri,<\/li>\n\n\n\n<li>Lisans \u00f6\u011frencileri,<\/li>\n\n\n\n<li>Y\u00fcksek lisans \u00f6\u011frencileri,<\/li>\n\n\n\n<li>Doktora ve di\u011fer lisans\u00fcst\u00fc programlarda \u00f6\u011frenim g\u00f6ren \u00f6\u011frenciler,<\/li>\n\n\n\n<li>\u00f6\u011frenci aff\u0131ndan yararlanabilecek gruplar aras\u0131nda yer al\u0131yor.<\/li>\n\n\n\n<li>Ayr\u0131ca;<\/li>\n\n\n\n<li>Kendi iste\u011fiyle \u00fcniversiteyle ili\u015fi\u011fini kesenler,<\/li>\n\n\n\n<li>Akademik veya idari nedenlerle kayd\u0131 silinenler,<\/li>\n\n\n\n<li>Herhangi bir nedenle y\u00fcksek\u00f6\u011fretim kurumuyla ili\u015fi\u011fi kesilen \u00f6\u011frenciler,<\/li>\n\n\n\n<li>\u00dcniversiteyi kazand\u0131\u011f\u0131 halde kay\u0131t yapt\u0131rmayan adaylar,<\/li>\n\n\n\n<li>kanunda \u00f6ng\u00f6r\u00fclen \u015fartlar\u0131 sa\u011flamalar\u0131 halinde yeniden e\u011fitim hakk\u0131 elde edebilecek.<\/li>\n<\/ul>\n\n\n\n<h3 class=\"wp-block-heading\">\u00d6\u011eRENC\u0130 AFFINDAN K\u0130MLER YARARLANAMAZ?<\/h3>\n\n\n\n<p class=\"wp-block-paragraph\">Kanun teklifine g\u00f6re \u00f6\u011frenci aff\u0131 geni\u015f bir \u00f6\u011frenci kitlesini kapsasa da baz\u0131 ki\u015filer ve kurumlar a\u00e7\u0131k \u015fekilde d\u00fczenleme d\u0131\u015f\u0131nda b\u0131rak\u0131l\u0131yor.<\/p>\n\n\n\n<p class=\"wp-block-paragraph\">Teklif kapsam\u0131nda a\u015fa\u011f\u0131daki nedenlerle y\u00fcksek\u00f6\u011fretim kurumuyla ili\u015fi\u011fi kesilen ki\u015filer \u00f6\u011frenci aff\u0131ndan yararlanamayacak:<\/p>\n\n\n\n<ul class=\"wp-block-list\">\n<li>Ter\u00f6r su\u00e7lar\u0131 nedeniyle ili\u015fi\u011fi kesilenler,<\/li>\n\n\n\n<li>Kasten \u00f6ld\u00fcrme su\u00e7undan ili\u015fi\u011fi kesilenler,<\/li>\n\n\n\n<li>\u0130\u015fkence su\u00e7undan ili\u015fi\u011fi kesilenler,<\/li>\n\n\n\n<li>Eziyet su\u00e7undan ili\u015fi\u011fi kesilenler,<\/li>\n\n\n\n<li>Cinsel sald\u0131r\u0131 su\u00e7undan ili\u015fi\u011fi kesilenler,<\/li>\n\n\n\n<li>\u00c7ocuklar\u0131n cinsel istismar\u0131 su\u00e7undan ili\u015fi\u011fi kesilenler,<\/li>\n\n\n\n<li>Uyu\u015fturucu veya uyar\u0131c\u0131 madde imal ve ticareti su\u00e7undan ili\u015fi\u011fi kesilenler,<\/li>\n\n\n\n<li>Sahte belge nedeniyle kayd\u0131 iptal edilenler,<\/li>\n\n\n\n<li>Kay\u0131t s\u0131ras\u0131nda sahte belge verenler,<\/li>\n\n\n\n<li>Fikir ve Sanat Eserleri Kanunu kapsam\u0131nda belirtilen baz\u0131 su\u00e7lar nedeniyle ili\u015fi\u011fi kesilenler,<\/li>\n\n\n\n<li>Ter\u00f6r \u00f6rg\u00fctleri veya Milli G\u00fcvenlik Kurulunca devletin milli g\u00fcvenli\u011fine kar\u015f\u0131 faaliyette bulundu\u011funa karar verilen yap\u0131, olu\u015fum veya gruplarla \u00fcyelik, mensubiyet, iltisak ya da irtibat nedeniyle ili\u015fi\u011fi kesilen ki\u015filer.<\/li>\n\n\n\n<li>Kanun teklifinde bu gruplar\u0131n \u00f6\u011frenci aff\u0131 kapsam\u0131 d\u0131\u015f\u0131nda tutulaca\u011f\u0131 a\u00e7\u0131k \u015fekilde belirtiliyor.<\/li>\n<\/ul>\n\n\n\n<h3 class=\"wp-block-heading\">KAPSAM DI\u015eINDA BIRAKILAN KURUMLAR<\/h3>\n\n\n\n<p class=\"wp-block-paragraph\">Komisyonda kabul edilen \u00f6nergeyle \u00f6\u011frenci aff\u0131 kapsam\u0131 d\u0131\u015f\u0131nda kalan e\u011fitim kurumlar\u0131 da teklif metninde a\u00e7\u0131k \u015fekilde d\u00fczenlendi.<\/p>\n\n\n\n<p class=\"wp-block-paragraph\">Buna g\u00f6re;&nbsp;Polis Akademisi,&nbsp;Jandarma ve Sahil G\u00fcvenlik Akademisi,&nbsp;Milli Savunma \u00dcniversitesine ba\u011fl\u0131 harp okullar\u0131,&nbsp;Astsubay meslek y\u00fcksekokullar\u0131,&nbsp;Enstit\u00fcler,&nbsp;\u00f6\u011frenci aff\u0131 kapsam\u0131na dahil edilmeyecek.<\/p>\n\n\n\n<p class=\"wp-block-paragraph\">Bunun yan\u0131nda;&nbsp;Milli Savunma Bakanl\u0131\u011f\u0131,&nbsp;Polis Akademisi,&nbsp;Jandarma Genel Komutanl\u0131\u011f\u0131,&nbsp;Sahil G\u00fcvenlik Komutanl\u0131\u011f\u0131&nbsp;ad\u0131na ba\u015fka y\u00fcksek\u00f6\u011fretim kurumlar\u0131nda \u00f6\u011frenim g\u00f6r\u00fcrken ili\u015fi\u011fi kesilen \u00f6\u011frenciler de d\u00fczenlemeden yararlanamayacak.<\/p>\n\n\n\n<h3 class=\"wp-block-heading\">D\u00dcZENLEMEDE YER ALAN YATAY GE\u00c7\u0130\u015e HAKKI<\/h3>\n\n\n\n<p class=\"wp-block-paragraph\">Kanun teklifinde \u00f6\u011frenci stat\u00fcs\u00fcn\u00fc yeniden kazanan ki\u015filere y\u00f6nelik yatay ge\u00e7i\u015f imkan\u0131 da bulunuyor.<\/p>\n\n\n\n<p class=\"wp-block-paragraph\">Teklife g\u00f6re d\u00fczenlemeden yararlanarak yeniden \u00f6\u011frenci stat\u00fcs\u00fc elde eden ki\u015filer, gerekli \u015fartlar\u0131 ta\u015f\u0131malar\u0131 halinde giri\u015f y\u0131l\u0131 itibar\u0131yla taban puan\u0131 uygun olan ba\u015fka diploma programlar\u0131na yatay ge\u00e7i\u015f talebinde bulunabilecek.<\/p>\n\n\n\n<p class=\"wp-block-paragraph\">Bunun yan\u0131 s\u0131ra isteyen \u00f6\u011frenciler, ba\u015fvurmalar\u0131 halinde;&nbsp;Anadolu \u00dcniversitesi,&nbsp;Ankara \u00dcniversitesi,&nbsp;Atat\u00fcrk \u00dcniversitesi,&nbsp;\u0130stanbul \u00dcniversitesi&nbsp;b\u00fcnyesindeki a\u00e7\u0131k \u00f6\u011fretim \u00f6n lisans veya lisans programlar\u0131na yatay ge\u00e7i\u015f yapabilecek.<\/p>\n\n\n\n<h3 class=\"wp-block-heading\">ASKERL\u0130K G\u00d6REV\u0130N\u0130 S\u00dcRD\u00dcRENLER \u0130\u00c7\u0130N BA\u015eVURU HAKKI<\/h3>\n\n\n\n<p class=\"wp-block-paragraph\">Kanun teklifinde askerlik hizmetini s\u00fcrd\u00fcren \u00f6\u011frenciler i\u00e7in de \u00f6zel h\u00fck\u00fcm yer al\u0131yor.<\/p>\n\n\n\n<p class=\"wp-block-paragraph\">Buna g\u00f6re d\u00fczenlemenin y\u00fcr\u00fcrl\u00fc\u011fe girdi\u011fi tarihte askerlik g\u00f6revini yapan ki\u015filer, terhis tarihinden itibaren iki ay i\u00e7erisinde ilgili y\u00fcksek\u00f6\u011fretim kurumuna ba\u015fvurmalar\u0131 halinde kanunun \u00f6ng\u00f6rd\u00fc\u011f\u00fc haklardan yararlanabilecek.<\/p>\n","protected":false},"excerpt":{"rendered":"<p>Ge\u00e7mi\u015fte e\u011fitim g\u00f6rd\u00fckleri okullardan ili\u015fi\u011fi kesilen \u00fcniversite \u00f6\u011frencilerine y\u00f6nelik af d\u00fczenlemesi TBMM Genel Kurulu&#8217;nda kabul<\/p>\n","protected":false},"author":1,"featured_media":4400,"comment_status":"open","ping_status":"open","sticky":false,"template":"","format":"standard","meta":{"_rtcl_gb_attr":"","footnotes":""},"categories":[1],"tags":[],"class_list":["post-4399","post","type-post","status-publish","format-standard","has-post-thumbnail","hentry","category-http-turkiyemhaber-com-wp-content-uploads-2026-03-saray-59-haber-13-mart-pdf"],"_links":{"self":[{"href":"https:\/\/turkiyemhaber.com\/index.php?rest_route=\/wp\/v2\/posts\/4399","targetHints":{"allow":["GET"]}}],"collection":[{"href":"https:\/\/turkiyemhaber.com\/index.php?rest_route=\/wp\/v2\/posts"}],"about":[{"href":"https:\/\/turkiyemhaber.com\/index.php?rest_route=\/wp\/v2\/types\/post"}],"author":[{"embeddable":true,"href":"https:\/\/turkiyemhaber.com\/index.php?rest_route=\/wp\/v2\/users\/1"}],"replies":[{"embeddable":true,"href":"https:\/\/turkiyemhaber.com\/index.php?rest_route=%2Fwp%2Fv2%2Fcomments&post=4399"}],"version-history":[{"count":1,"href":"https:\/\/turkiyemhaber.com\/index.php?rest_route=\/wp\/v2\/posts\/4399\/revisions"}],"predecessor-version":[{"id":4401,"href":"https:\/\/turkiyemhaber.com\/index.php?rest_route=\/wp\/v2\/posts\/4399\/revisions\/4401"}],"wp:featuredmedia":[{"embeddable":true,"href":"https:\/\/turkiyemhaber.com\/index.php?rest_route=\/wp\/v2\/media\/4400"}],"wp:attachment":[{"href":"https:\/\/turkiyemhaber.com\/index.php?rest_route=%2Fwp%2Fv2%2Fmedia&parent=4399"}],"wp:term":[{"taxonomy":"category","embeddable":true,"href":"https:\/\/turkiyemhaber.com\/index.php?rest_route=%2Fwp%2Fv2%2Fcategories&post=4399"},{"taxonomy":"post_tag","embeddable":true,"href":"https:\/\/turkiyemhaber.com\/index.php?rest_route=%2Fwp%2Fv2%2Ftags&post=4399"}],"curies":[{"name":"wp","href":"https:\/\/api.w.org\/{rel}","templated":true}]}}