{"id":4396,"date":"2026-07-31T07:46:10","date_gmt":"2026-07-31T07:46:10","guid":{"rendered":"https:\/\/turkiyemhaber.com\/?p=4396"},"modified":"2026-07-31T07:46:17","modified_gmt":"2026-07-31T07:46:17","slug":"en-dusuk-emekli-ayligini-23-bin-552-liraya-cikaran-duzenleme-yururluge-girdi","status":"publish","type":"post","link":"https:\/\/turkiyemhaber.com\/?p=4396","title":{"rendered":"En d\u00fc\u015f\u00fck emekli ayl\u0131\u011f\u0131n\u0131 23 bin 552 liraya \u00e7\u0131karan d\u00fczenleme y\u00fcr\u00fcrl\u00fc\u011fe girdi"},"content":{"rendered":"\n<p class=\"wp-block-paragraph\">En d\u00fc\u015f\u00fck emekli ayl\u0131\u011f\u0131n\u0131n 2026 y\u0131l\u0131 Temmuz ay\u0131ndan itibaren 23 bin 552 liraya y\u00fckseltilmesini \u00f6ng\u00f6ren d\u00fczenleme Resmi Gazete&#8217;de yay\u0131mland\u0131. D\u00fczenlemede ayr\u0131ca vergi, enerji, turizm, ula\u015ft\u0131rma, \u00f6zel \u00f6\u011fretim kurumlar\u0131, PTT ve siber g\u00fcvenlik alanlar\u0131ndaki de\u011fi\u015fiklikler de yer ald\u0131.<\/p>\n\n\n\n<p class=\"wp-block-paragraph\">7590 say\u0131l\u0131 Baz\u0131 Kanun ve Kanun H\u00fckm\u00fcnde Kararnamelerde De\u011fi\u015fiklik Yap\u0131lmas\u0131na Dair Kanun, Resmi Gazete&#8217;de yay\u0131mland\u0131.<\/p>\n\n\n\n<h3 class=\"wp-block-heading\">EN D\u00dc\u015e\u00dcK EMEKL\u0130 AYLI\u011eI 23 B\u0130N 55 L\u0130RA OLDU<\/h3>\n\n\n\n<p class=\"wp-block-paragraph\">Kanunla, dosya baz\u0131nda \u00f6denen en d\u00fc\u015f\u00fck emekli ayl\u0131\u011f\u0131 20 bin liradan 23 bin 552 liraya \u00e7\u0131kar\u0131ld\u0131. D\u00fczenleme, 2026 y\u0131l\u0131 temmuz ay\u0131 \u00f6deme d\u00f6neminden itibaren uygulanacak.<\/p>\n\n\n\n<h3 class=\"wp-block-heading\">ADAY S\u00dcR\u00dcC\u00dcLERE \u0130L\u0130\u015eK\u0130N KURALLAR DE\u011e\u0130\u015eT\u0130R\u0130LD\u0130<\/h3>\n\n\n\n<p class=\"wp-block-paragraph\">\u0130lk kez s\u00fcr\u00fcc\u00fc belgesi alanlar ile belgesi iptal edildikten sonra yeniden ehliyet alanlar, iki y\u0131l boyunca aday s\u00fcr\u00fcc\u00fc say\u0131lacak.<\/p>\n\n\n\n<p class=\"wp-block-paragraph\">Bu d\u00f6nemde ehliyetin ge\u00e7ici olarak geri al\u0131nmas\u0131n\u0131 gerektiren bir ihlal yapanlar\u0131n, 75 ceza puan\u0131n\u0131 a\u015fanlar\u0131n veya 0,20 promilin \u00fczerinde alkoll\u00fc ara\u00e7 kulland\u0131\u011f\u0131 belirlenenlerin aday s\u00fcr\u00fcc\u00fc belgeleri iptal edilecek.<\/p>\n\n\n\n<h3 class=\"wp-block-heading\">TUR\u0130ZM \u0130\u015eLETMELER\u0130NE PR\u0130M DESTE\u011e\u0130<\/h3>\n\n\n\n<p class=\"wp-block-paragraph\"><a href=\"https:\/\/www.sondakika.com\/turizm\/\">Turizm<\/a>&nbsp;i\u015fletmesi belgeli \u00f6zel konaklama tesislerine, 2026 y\u0131l\u0131 may\u0131s-aral\u0131k d\u00f6neminde \u00e7al\u0131\u015ft\u0131rd\u0131klar\u0131 sigortal\u0131lar i\u00e7in prim deste\u011fi sa\u011flanacak. Destek, i\u015fverenlerin Sosyal G\u00fcvenlik Kurumuna \u00f6deyece\u011fi primlerden mahsup edilerek \u0130\u015fsizlik Sigortas\u0131 Fonu\u2019ndan kar\u015f\u0131lanacak.<\/p>\n\n\n\n<p class=\"wp-block-paragraph\">Prim borcu bulunan, bildirgelerini s\u00fcresinde vermeyen veya kay\u0131t d\u0131\u015f\u0131 i\u015f\u00e7i \u00e7al\u0131\u015ft\u0131rd\u0131\u011f\u0131 belirlenen i\u015fletmeler destekten yararlanamayacak.<\/p>\n\n\n\n<h3 class=\"wp-block-heading\">N\u00dcKLEER ENERJ\u0130 YATIRIMLARINA VERG\u0130 D\u00dcZENLEMES\u0130<\/h3>\n\n\n\n<p class=\"wp-block-paragraph\">N\u00fckleer enerji santrali yat\u0131r\u0131mlar\u0131na ili\u015fkin baz\u0131 i\u015flemler damga vergisinden muaf tutuldu. Bu yat\u0131r\u0131mlar kapsam\u0131nda yap\u0131lan in\u015faat i\u015fleri ile makine ve te\u00e7hizat teslimlerine y\u00f6nelik Katma De\u011fer Vergisi istisnas\u0131 ve iade imk\u00e2n\u0131 getirildi.<\/p>\n\n\n\n<p class=\"wp-block-paragraph\">N\u00fckleer enerji santrali yat\u0131r\u0131mlar\u0131 i\u00e7in yap\u0131lan baz\u0131 bor\u00e7lanmalarda kurumlar vergisi mevzuat\u0131ndaki oran, 2045 y\u0131l\u0131n\u0131n sonuna kadar y\u00fczde 50 yerine y\u00fczde 25 olarak uygulanacak.<\/p>\n\n\n\n<h3 class=\"wp-block-heading\">ARA\u00c7LARDA \u00d6TV D\u00dcZENLEMES\u0130<\/h3>\n\n\n\n<p class=\"wp-block-paragraph\">Kanunla baz\u0131 ara\u00e7lar i\u00e7in asgari maktu \u00d6zel T\u00fcketim Vergisi getirildi. Buna g\u00f6re belirli ara\u00e7larda hesaplanan \u00d6TV, L s\u0131n\u0131f\u0131 ara\u00e7lar i\u00e7in 30 bin liradan, di\u011fer ara\u00e7lar i\u00e7in ise 100 bin liradan az olamayacak.<\/p>\n\n\n\n<p class=\"wp-block-paragraph\">Cumhurba\u015fkan\u0131na ara\u00e7lar\u0131n motor g\u00fcc\u00fc, silindir hacmi, \u00e7eki\u015f sistemi, menzili, batarya kapasitesi, emisyon de\u011feri ve ta\u015f\u0131ma kapasitesine g\u00f6re farkl\u0131 vergi tutarlar\u0131 belirleme yetkisi verildi.<\/p>\n\n\n\n<h3 class=\"wp-block-heading\">\u00d6ZEL \u00d6\u011eRET\u0130M KURUMLARINA YEN\u0130 YAPTIRIMLAR<\/h3>\n\n\n\n<p class=\"wp-block-paragraph\">Milletleraras\u0131 okullar\u0131n T\u00fcrkiye Cumhuriyeti vatanda\u015f\u0131 \u00f6\u011frencileri kaydetmesi veya bu \u00f6\u011frencilere e\u011fitim vermesi h\u00e2linde idari para cezas\u0131 uygulanacak ve kurumun a\u00e7ma izni ile \u00e7al\u0131\u015fma ruhsat\u0131 iptal edilecek.<\/p>\n\n\n\n<p class=\"wp-block-paragraph\">\u00d6zel \u00f6\u011fretim kurumlar\u0131nda g\u00f6rev yapacak \u00f6\u011fretmen, y\u00f6netici ve uzman \u00f6\u011freticilerin niteliklerine ili\u015fkin d\u00fczenlemeler de de\u011fi\u015ftirildi.<\/p>\n\n\n\n<h3 class=\"wp-block-heading\">KAMU ALIMLARINDA KAR\u015eILIKLILIK \u0130LKES\u0130<\/h3>\n\n\n\n<p class=\"wp-block-paragraph\">Cumhurba\u015fkan\u0131, kamu al\u0131mlar\u0131nda yerli isteklilere ve yerli mallara tan\u0131nan avantajlar\u0131n, kar\u015f\u0131l\u0131kl\u0131l\u0131k esas\u0131na g\u00f6re Avrupa Birli\u011fi \u00fclkelerinde yerle\u015fik isteklilere ve Avrupa Birli\u011fi men\u015feli \u00fcr\u00fcnlere de uygulanmas\u0131na karar verebilecek.<\/p>\n\n\n\n<h3 class=\"wp-block-heading\">PTT PERSONEL\u0130N\u0130N \u00c7ALI\u015eMA STAT\u00dcS\u00dc DE\u011e\u0130\u015eT\u0130R\u0130LD\u0130<\/h3>\n\n\n\n<p class=\"wp-block-paragraph\">\u0130\u015f Kanunu kapsam\u0131nda \u00e7al\u0131\u015fanlar d\u0131\u015f\u0131ndaki&nbsp;<a href=\"https:\/\/www.sondakika.com\/ptt\/\">PTT<\/a>&nbsp;personeli, idari hizmet s\u00f6zle\u015fmesiyle istihdam edilecek. Personelin \u00fccretleri, sosyal haklar\u0131, g\u00f6revde y\u00fckselmesi, g\u00f6revlendirilmesi ve s\u00f6zle\u015fmesinin sona erdirilmesine ili\u015fkin esaslar PTT Y\u00f6netim Kurulu taraf\u0131ndan belirlenecek.<\/p>\n\n\n\n<p class=\"wp-block-paragraph\">Mevcut personelin yeni stat\u00fcye ge\u00e7irilmesine ve baz\u0131 \u00e7al\u0131\u015fanlar\u0131n di\u011fer kamu kurumlar\u0131na nakledilmesine ili\u015fkin ge\u00e7i\u015f h\u00fck\u00fcmleri de kanunda yer ald\u0131.<\/p>\n\n\n\n<h3 class=\"wp-block-heading\">S\u0130BER G\u00dcVENL\u0130K BA\u015eKANLI\u011eINA YEN\u0130 YETK\u0130LER<\/h3>\n\n\n\n<p class=\"wp-block-paragraph\">\u0130nternet alan adlar\u0131na ili\u015fkin politika ve d\u00fczenleme yapma yetkisi Siber G\u00fcvenlik Ba\u015fkanl\u0131\u011f\u0131na verildi.<\/p>\n\n\n\n<p class=\"wp-block-paragraph\">Gecikmesinde sak\u0131nca bulunan durumlarda Ba\u015fkanl\u0131k, g\u00fcvenlik ve istihbarat kurumlar\u0131n\u0131n talebi \u00fczerine tedbir karar\u0131 alabilecek. Karar\u0131n en ge\u00e7 iki saat i\u00e7inde uygulanmas\u0131 ve 24 saat i\u00e7inde sulh ceza h\u00e2kiminin onay\u0131na sunulmas\u0131 gerekecek.<\/p>\n\n\n\n<h3 class=\"wp-block-heading\">ULA\u015eTIRMA ALANINDAK\u0130 CEZALAR YEN\u0130DEN D\u00dcZENLEND\u0130<\/h3>\n\n\n\n<p class=\"wp-block-paragraph\">Karayolu, demiryolu, denizcilik ve tehlikeli madde ta\u015f\u0131mac\u0131l\u0131\u011f\u0131ndaki y\u00fck\u00fcml\u00fcl\u00fcklere ayk\u0131r\u0131 hareket edenlere uygulanacak idari para cezalar\u0131 yeniden belirlendi.<\/p>\n\n\n\n<p class=\"wp-block-paragraph\">Yasak tehlikeli madde ta\u015f\u0131nmas\u0131, gerekli belgeler olmadan faaliyet y\u00fcr\u00fct\u00fclmesi, demiryolu g\u00fcvenli\u011fi kurallar\u0131n\u0131n ihlal edilmesi ve denizcilik mevzuat\u0131na ayk\u0131r\u0131l\u0131klar i\u00e7in ihlalin t\u00fcr\u00fcne g\u00f6re farkl\u0131 tutarlarda para cezalar\u0131 uygulanacak. Baz\u0131 ihlallerde ceza 10 milyon liraya kadar \u00e7\u0131kabilecek.<\/p>\n\n\n\n<p class=\"wp-block-paragraph\">Kanunun baz\u0131 h\u00fck\u00fcmleri farkl\u0131 tarihlerde y\u00fcr\u00fcrl\u00fc\u011fe girecek. En d\u00fc\u015f\u00fck emekli ayl\u0131\u011f\u0131na ili\u015fkin d\u00fczenleme temmuz \u00f6deme d\u00f6neminden itibaren, prim oranlar\u0131na ili\u015fkin de\u011fi\u015fiklik ise 1 A\u011fustos 2026 tarihinde uygulanacak. Di\u011fer h\u00fck\u00fcmlerin b\u00fcy\u00fck b\u00f6l\u00fcm\u00fc yay\u0131m\u0131 tarihinde y\u00fcr\u00fcrl\u00fc\u011fe girdi.<\/p>\n\n\n\n<h3 class=\"wp-block-heading\">&#8220;IBAN MA\u011eDURLARI&#8221; D\u00dcZENLEMES\u0130 DE RESM\u0130 GAZETE&#8217;DE<\/h3>\n\n\n\n<p class=\"wp-block-paragraph\">\u00d6te yandan kamuoyunda &#8220;12. Yarg\u0131 Paketi&#8221; olarak adland\u0131r\u0131lan &#8220;Yarg\u0131n\u0131n Etkin ve Verimli \u0130\u015flemesine Y\u00f6nelik Baz\u0131 Kanunlarda De\u011fi\u015fiklik Yap\u0131lmas\u0131na Dair Kanun da Resmi Gazete&#8217;de yay\u0131mland\u0131.&nbsp;<\/p>\n\n\n\n<p class=\"wp-block-paragraph\">Doland\u0131r\u0131c\u0131l\u0131k su\u00e7una i\u015ftiraki, banka hesab\u0131, kredi kart\u0131, \u00f6deme arac\u0131 veya kripto varl\u0131k hesab\u0131n\u0131n kullan\u0131lmas\u0131n\u0131 sa\u011flayan bilgi ve ara\u00e7lar\u0131 ba\u015fkas\u0131na vermekle s\u0131n\u0131rl\u0131 kalan ki\u015filere verilecek ceza yar\u0131 oran\u0131nda indirilecek.<\/p>\n\n\n\n<p class=\"wp-block-paragraph\">Kanunun y\u00fcr\u00fcrl\u00fc\u011fe girmesinden \u00f6nce bu su\u00e7lardan haklar\u0131nda h\u00fck\u00fcm kurulan ve dosyalar\u0131 kanun yolu incelemesinde bulunan baz\u0131 san\u0131klar\u0131n dosyalar\u0131 yeniden de\u011ferlendirilmek \u00fczere ilk derece mahkemelerine g\u00f6nderilecek.<\/p>\n\n\n\n<p class=\"wp-block-paragraph\">\u0130nfaz a\u015famas\u0131ndaki baz\u0131 h\u00fck\u00fcml\u00fcler de ma\u011fdurun zarar\u0131n\u0131 alt\u0131 ay i\u00e7inde tamamen kar\u015f\u0131lamalar\u0131 h\u00e2linde etkin pi\u015fmanl\u0131k h\u00fck\u00fcmlerinden yararlanabilecek.<\/p>\n","protected":false},"excerpt":{"rendered":"<p>En d\u00fc\u015f\u00fck emekli ayl\u0131\u011f\u0131n\u0131n 2026 y\u0131l\u0131 Temmuz ay\u0131ndan itibaren 23 bin 552 liraya y\u00fckseltilmesini \u00f6ng\u00f6ren<\/p>\n","protected":false},"author":1,"featured_media":4397,"comment_status":"open","ping_status":"open","sticky":false,"template":"","format":"standard","meta":{"_rtcl_gb_attr":"","footnotes":""},"categories":[1],"tags":[],"class_list":["post-4396","post","type-post","status-publish","format-standard","has-post-thumbnail","hentry","category-http-turkiyemhaber-com-wp-content-uploads-2026-03-saray-59-haber-13-mart-pdf"],"_links":{"self":[{"href":"https:\/\/turkiyemhaber.com\/index.php?rest_route=\/wp\/v2\/posts\/4396","targetHints":{"allow":["GET"]}}],"collection":[{"href":"https:\/\/turkiyemhaber.com\/index.php?rest_route=\/wp\/v2\/posts"}],"about":[{"href":"https:\/\/turkiyemhaber.com\/index.php?rest_route=\/wp\/v2\/types\/post"}],"author":[{"embeddable":true,"href":"https:\/\/turkiyemhaber.com\/index.php?rest_route=\/wp\/v2\/users\/1"}],"replies":[{"embeddable":true,"href":"https:\/\/turkiyemhaber.com\/index.php?rest_route=%2Fwp%2Fv2%2Fcomments&post=4396"}],"version-history":[{"count":1,"href":"https:\/\/turkiyemhaber.com\/index.php?rest_route=\/wp\/v2\/posts\/4396\/revisions"}],"predecessor-version":[{"id":4398,"href":"https:\/\/turkiyemhaber.com\/index.php?rest_route=\/wp\/v2\/posts\/4396\/revisions\/4398"}],"wp:featuredmedia":[{"embeddable":true,"href":"https:\/\/turkiyemhaber.com\/index.php?rest_route=\/wp\/v2\/media\/4397"}],"wp:attachment":[{"href":"https:\/\/turkiyemhaber.com\/index.php?rest_route=%2Fwp%2Fv2%2Fmedia&parent=4396"}],"wp:term":[{"taxonomy":"category","embeddable":true,"href":"https:\/\/turkiyemhaber.com\/index.php?rest_route=%2Fwp%2Fv2%2Fcategories&post=4396"},{"taxonomy":"post_tag","embeddable":true,"href":"https:\/\/turkiyemhaber.com\/index.php?rest_route=%2Fwp%2Fv2%2Ftags&post=4396"}],"curies":[{"name":"wp","href":"https:\/\/api.w.org\/{rel}","templated":true}]}}