{"id":4388,"date":"2026-07-27T19:10:06","date_gmt":"2026-07-27T19:10:06","guid":{"rendered":"https:\/\/turkiyemhaber.com\/?p=4388"},"modified":"2026-07-27T19:10:11","modified_gmt":"2026-07-27T19:10:11","slug":"tekirdagda-hava-kirliligine-gecit-yok-29-isletmeye-15-milyon-lirayi-asan-ceza","status":"publish","type":"post","link":"https:\/\/turkiyemhaber.com\/?p=4388","title":{"rendered":"Tekirda\u011f&#8217;da Hava Kirlili\u011fine Ge\u00e7it Yok: 29 \u0130\u015fletmeye 15 Milyon Liray\u0131 A\u015fan Ceza"},"content":{"rendered":"\n<p class=\"wp-block-paragraph\"><strong>TEK\u0130RDA\u011e<\/strong> \u2013 Tekirda\u011f&#8217;da y\u0131l\u0131n ilk alt\u0131 ay\u0131nda hava kirlili\u011fine y\u00f6nelik ger\u00e7ekle\u015ftirilen denetimlerde \u00e7evre mevzuat\u0131na ayk\u0131r\u0131 faaliyet g\u00f6sterdi\u011fi belirlenen 29 i\u015fletmeye toplam <strong>15 milyon 266 bin 825 lira<\/strong> idari para cezas\u0131 uyguland\u0131.<\/p>\n\n\n\n<p class=\"wp-block-paragraph\">Yap\u0131lan denetimlerde hava kirlili\u011fine neden olan uygulamalar mercek alt\u0131na al\u0131n\u0131rken, \u00e7evre mevzuat\u0131na ayk\u0131r\u0131 faaliyet y\u00fcr\u00fctt\u00fc\u011f\u00fc tespit edilen i\u015fletmeler hakk\u0131nda idari yapt\u0131r\u0131m karar\u0131 al\u0131nd\u0131.<\/p>\n\n\n\n<p class=\"wp-block-paragraph\">Denetimler sonucunda 29 i\u015fletmeye toplam 15 milyon 266 bin 825 lira idari para cezas\u0131 kesilirken, \u00e7evre kurallar\u0131n\u0131 ihlal etti\u011fi belirlenen <strong>12 i\u015fletmenin faaliyetleri de durduruldu.<\/strong><\/p>\n\n\n\n<p class=\"wp-block-paragraph\">\u00c7evrenin korunmas\u0131 ve hava kalitesinin iyile\u015ftirilmesi amac\u0131yla ger\u00e7ekle\u015ftirilen denetimlerin kent genelinde aral\u0131ks\u0131z devam edece\u011fi belirtilirken, \u00e7evreyi kirleten i\u015fletmelere y\u00f6nelik yapt\u0131r\u0131mlar\u0131n kararl\u0131l\u0131kla uygulanaca\u011f\u0131 ifade edildi.<\/p>\n","protected":false},"excerpt":{"rendered":"<p>TEK\u0130RDA\u011e \u2013 Tekirda\u011f&#8217;da y\u0131l\u0131n ilk alt\u0131 ay\u0131nda hava kirlili\u011fine y\u00f6nelik ger\u00e7ekle\u015ftirilen denetimlerde \u00e7evre mevzuat\u0131na ayk\u0131r\u0131<\/p>\n","protected":false},"author":1,"featured_media":4389,"comment_status":"open","ping_status":"open","sticky":false,"template":"","format":"standard","meta":{"_rtcl_gb_attr":"","footnotes":""},"categories":[1],"tags":[],"class_list":["post-4388","post","type-post","status-publish","format-standard","has-post-thumbnail","hentry","category-http-turkiyemhaber-com-wp-content-uploads-2026-03-saray-59-haber-13-mart-pdf"],"_links":{"self":[{"href":"https:\/\/turkiyemhaber.com\/index.php?rest_route=\/wp\/v2\/posts\/4388","targetHints":{"allow":["GET"]}}],"collection":[{"href":"https:\/\/turkiyemhaber.com\/index.php?rest_route=\/wp\/v2\/posts"}],"about":[{"href":"https:\/\/turkiyemhaber.com\/index.php?rest_route=\/wp\/v2\/types\/post"}],"author":[{"embeddable":true,"href":"https:\/\/turkiyemhaber.com\/index.php?rest_route=\/wp\/v2\/users\/1"}],"replies":[{"embeddable":true,"href":"https:\/\/turkiyemhaber.com\/index.php?rest_route=%2Fwp%2Fv2%2Fcomments&post=4388"}],"version-history":[{"count":1,"href":"https:\/\/turkiyemhaber.com\/index.php?rest_route=\/wp\/v2\/posts\/4388\/revisions"}],"predecessor-version":[{"id":4390,"href":"https:\/\/turkiyemhaber.com\/index.php?rest_route=\/wp\/v2\/posts\/4388\/revisions\/4390"}],"wp:featuredmedia":[{"embeddable":true,"href":"https:\/\/turkiyemhaber.com\/index.php?rest_route=\/wp\/v2\/media\/4389"}],"wp:attachment":[{"href":"https:\/\/turkiyemhaber.com\/index.php?rest_route=%2Fwp%2Fv2%2Fmedia&parent=4388"}],"wp:term":[{"taxonomy":"category","embeddable":true,"href":"https:\/\/turkiyemhaber.com\/index.php?rest_route=%2Fwp%2Fv2%2Fcategories&post=4388"},{"taxonomy":"post_tag","embeddable":true,"href":"https:\/\/turkiyemhaber.com\/index.php?rest_route=%2Fwp%2Fv2%2Ftags&post=4388"}],"curies":[{"name":"wp","href":"https:\/\/api.w.org\/{rel}","templated":true}]}}