{"id":4379,"date":"2026-07-27T18:48:38","date_gmt":"2026-07-27T18:48:38","guid":{"rendered":"https:\/\/turkiyemhaber.com\/?p=4379"},"modified":"2026-07-27T18:48:43","modified_gmt":"2026-07-27T18:48:43","slug":"sahilden-100-torba-atik-toplandi-cevre-duyarliligi-takdir-topladi-belediyeye-elestiriler-yukseldi","status":"publish","type":"post","link":"https:\/\/turkiyemhaber.com\/?p=4379","title":{"rendered":"Sahilden 100 Torba At\u0131k Topland\u0131: \u00c7evre Duyarl\u0131l\u0131\u011f\u0131 Takdir Toplad\u0131, Belediyeye Ele\u015ftiriler Y\u00fckseldi"},"content":{"rendered":"\n<p class=\"wp-block-paragraph\"><strong>TEK\u0130RDA\u011e \u2013<\/strong> Tekirda\u011f&#8217;\u0131n Marmaraere\u011flisi il\u00e7esinde, Tekirda\u011f B\u00fcy\u00fck\u015fehir Belediyesi \u00f6nc\u00fcl\u00fc\u011f\u00fcnde d\u00fczenlenen k\u0131y\u0131 temizli\u011fi etkinli\u011finde sahilden 100 \u00e7\u00f6p torbas\u0131 at\u0131k topland\u0131. Belediye ekipleri ve g\u00f6n\u00fcll\u00fclerin kat\u0131l\u0131m\u0131yla ger\u00e7ekle\u015ftirilen \u00e7al\u0131\u015fma, \u00e7evre bilincine dikkat \u00e7ekerken il\u00e7e belediyesine y\u00f6nelik ele\u015ftirileri de beraberinde getirdi.<\/p>\n\n\n\n<p class=\"wp-block-paragraph\">Marmaraere\u011flisi \u00c7e\u015fmeli Liman\u0131 sahilinde d\u00fczenlenen etkinlikte ekipler ve g\u00f6n\u00fcll\u00fcler, k\u0131y\u0131 \u015feridine geli\u015fig\u00fczel b\u0131rak\u0131lan plastik, cam ve metal at\u0131klar\u0131 toplad\u0131. T\u00fcrlerine g\u00f6re ayr\u0131\u015ft\u0131r\u0131lan at\u0131klar, geri d\u00f6n\u00fc\u015f\u00fcm ve bertaraf i\u015flemleri i\u00e7in ilgili birimlere teslim edildi.<\/p>\n\n\n\n<p class=\"wp-block-paragraph\">\u00c7al\u0131\u015fmalar sonucunda sahilden toplam <strong>100 \u00e7\u00f6p torbas\u0131<\/strong> at\u0131k \u00e7\u0131kar\u0131l\u0131rken, Tekirda\u011f B\u00fcy\u00fck\u015fehir Belediyesi yetkilileri etkinli\u011fin amac\u0131n\u0131n k\u0131y\u0131 kirlili\u011fine dikkat \u00e7ekmek, \u00e7evre bilincini art\u0131rmak ve denizlerin korunmas\u0131na katk\u0131 sa\u011flamak oldu\u011funu belirtti.<\/p>\n\n\n\n<p class=\"wp-block-paragraph\">Ancak etkinli\u011fin ard\u0131ndan baz\u0131 vatanda\u015flar, ortaya \u00e7\u0131kan tabloya tepki g\u00f6sterdi. \u00d6zellikle yaz aylar\u0131nda binlerce ziyaret\u00e7iyi a\u011f\u0131rlayan ve Tekirda\u011f&#8217;\u0131n \u00f6nemli turizm merkezlerinden biri olan Marmaraere\u011flisi&#8217;nde bu denli fazla at\u0131\u011f\u0131n toplanmas\u0131n\u0131n d\u00fc\u015f\u00fcnd\u00fcr\u00fcc\u00fc oldu\u011funu ifade eden vatanda\u015flar, il\u00e7e genelindeki temizlik hizmetlerinin daha etkin y\u00fcr\u00fct\u00fclmesi gerekti\u011fini dile getirdi.<\/p>\n\n\n\n<p class=\"wp-block-paragraph\">Vatanda\u015flar, k\u0131y\u0131 temizli\u011finin elbette \u00f6nemli bir fark\u0131ndal\u0131k \u00e7al\u0131\u015fmas\u0131 oldu\u011funu ancak bu t\u00fcr manzaralar\u0131n olu\u015fmamas\u0131 i\u00e7in d\u00fczenli temizlik faaliyetlerinin aksat\u0131lmamas\u0131 gerekti\u011fini belirterek, <strong>Marmaraere\u011flisi Belediyesi&#8217;nin \u00e7evre temizli\u011fi konusunda daha etkin bir \u00e7al\u0131\u015fma y\u00fcr\u00fctmesi gerekti\u011fini<\/strong> savundu. Baz\u0131 vatanda\u015flar ise sahilden 100 torba \u00e7\u00f6p \u00e7\u0131kmas\u0131n\u0131n, il\u00e7edeki \u00e7evre temizli\u011fi konusunda ya\u015fanan eksiklikleri g\u00f6zler \u00f6n\u00fcne serdi\u011fini ifade etti.<\/p>\n\n\n\n<p class=\"wp-block-paragraph\">\u00c7evre g\u00f6n\u00fcll\u00fcleri ise denizlerin ve k\u0131y\u0131lar\u0131n korunmas\u0131n\u0131n yaln\u0131zca belediyelerin de\u011fil, t\u00fcm vatanda\u015flar\u0131n ortak sorumlulu\u011fu oldu\u011funa dikkat \u00e7ekerek, \u00e7evreye at\u0131k b\u0131rak\u0131lmamas\u0131 konusunda duyarl\u0131l\u0131k \u00e7a\u011fr\u0131s\u0131nda bulundu.<\/p>\n","protected":false},"excerpt":{"rendered":"<p>TEK\u0130RDA\u011e \u2013 Tekirda\u011f&#8217;\u0131n Marmaraere\u011flisi il\u00e7esinde, Tekirda\u011f B\u00fcy\u00fck\u015fehir Belediyesi \u00f6nc\u00fcl\u00fc\u011f\u00fcnde d\u00fczenlenen k\u0131y\u0131 temizli\u011fi etkinli\u011finde sahilden 100<\/p>\n","protected":false},"author":1,"featured_media":4380,"comment_status":"open","ping_status":"open","sticky":false,"template":"","format":"standard","meta":{"_rtcl_gb_attr":"","footnotes":""},"categories":[74],"tags":[],"class_list":["post-4379","post","type-post","status-publish","format-standard","has-post-thumbnail","hentry","category-yerel-haberler"],"_links":{"self":[{"href":"https:\/\/turkiyemhaber.com\/index.php?rest_route=\/wp\/v2\/posts\/4379","targetHints":{"allow":["GET"]}}],"collection":[{"href":"https:\/\/turkiyemhaber.com\/index.php?rest_route=\/wp\/v2\/posts"}],"about":[{"href":"https:\/\/turkiyemhaber.com\/index.php?rest_route=\/wp\/v2\/types\/post"}],"author":[{"embeddable":true,"href":"https:\/\/turkiyemhaber.com\/index.php?rest_route=\/wp\/v2\/users\/1"}],"replies":[{"embeddable":true,"href":"https:\/\/turkiyemhaber.com\/index.php?rest_route=%2Fwp%2Fv2%2Fcomments&post=4379"}],"version-history":[{"count":1,"href":"https:\/\/turkiyemhaber.com\/index.php?rest_route=\/wp\/v2\/posts\/4379\/revisions"}],"predecessor-version":[{"id":4381,"href":"https:\/\/turkiyemhaber.com\/index.php?rest_route=\/wp\/v2\/posts\/4379\/revisions\/4381"}],"wp:featuredmedia":[{"embeddable":true,"href":"https:\/\/turkiyemhaber.com\/index.php?rest_route=\/wp\/v2\/media\/4380"}],"wp:attachment":[{"href":"https:\/\/turkiyemhaber.com\/index.php?rest_route=%2Fwp%2Fv2%2Fmedia&parent=4379"}],"wp:term":[{"taxonomy":"category","embeddable":true,"href":"https:\/\/turkiyemhaber.com\/index.php?rest_route=%2Fwp%2Fv2%2Fcategories&post=4379"},{"taxonomy":"post_tag","embeddable":true,"href":"https:\/\/turkiyemhaber.com\/index.php?rest_route=%2Fwp%2Fv2%2Ftags&post=4379"}],"curies":[{"name":"wp","href":"https:\/\/api.w.org\/{rel}","templated":true}]}}