{"id":4375,"date":"2026-07-27T06:58:17","date_gmt":"2026-07-27T06:58:17","guid":{"rendered":"https:\/\/turkiyemhaber.com\/?p=4375"},"modified":"2026-07-27T06:58:21","modified_gmt":"2026-07-27T06:58:21","slug":"petrol-fiyatlarinda-sert-dusus-piyasalar-diplomasi-umudunu-fiyatliyor","status":"publish","type":"post","link":"https:\/\/turkiyemhaber.com\/?p=4375","title":{"rendered":"Petrol Fiyatlar\u0131nda Sert D\u00fc\u015f\u00fc\u015f! Piyasalar Diplomasi Umudunu Fiyatl\u0131yor"},"content":{"rendered":"\n<p class=\"wp-block-paragraph\">K\u00fcresel petrol piyasalar\u0131 haftaya sert sat\u0131\u015flarla ba\u015flad\u0131. ABD Ba\u015fkan\u0131 Donald Trump&#8217;\u0131n \u0130ran&#8217;a y\u00f6nelik yeni hava sald\u0131r\u0131lar\u0131n\u0131 durdurma karar\u0131 ald\u0131\u011f\u0131 y\u00f6n\u00fcndeki haberler ve diplomatik temaslar\u0131n yeniden ba\u015flayabilece\u011fi beklentisi, enerji piyasalar\u0131nda gerilimin azalaca\u011f\u0131 y\u00f6n\u00fcndeki iyimserli\u011fi art\u0131rd\u0131.<\/p>\n\n\n\n<h2 class=\"wp-block-heading\"><strong>Brent ve WTI&#8217;da Y\u00fczde 5&#8217;i A\u015fan Kay\u0131p<\/strong><\/h2>\n\n\n\n<p class=\"wp-block-paragraph\">Uluslararas\u0131 piyasalarda <strong>Brent petrol\u00fcn varil fiyat\u0131 y\u00fczde 5,8 gerileyerek 91,20 dolara<\/strong>, ABD ham petrol\u00fc (WTI) ise <strong>y\u00fczde 5,5 d\u00fc\u015f\u00fc\u015fle 84,40 dolara<\/strong> kadar indi.<\/p>\n\n\n\n<p class=\"wp-block-paragraph\">Analistler, fiyatlardaki sert geri \u00e7ekilmede jeopolitik risklerin azalaca\u011f\u0131 beklentisinin etkili oldu\u011funu belirtiyor.<\/p>\n\n\n\n<h2 class=\"wp-block-heading\"><strong>Diplomasi Beklentisi Piyasalar\u0131 Rahatlatt\u0131<\/strong><\/h2>\n\n\n\n<p class=\"wp-block-paragraph\">Yakla\u015f\u0131k iki hafta s\u00fcren askeri operasyonlar\u0131n ard\u0131ndan ABD y\u00f6netiminin yeni sald\u0131r\u0131lar\u0131 durdurma karar\u0131 ald\u0131\u011f\u0131 y\u00f6n\u00fcndeki geli\u015fmeler, Washington ile Tahran aras\u0131nda diplomatik g\u00f6r\u00fc\u015fmelerin yeniden ba\u015flayabilece\u011fi beklentisini g\u00fc\u00e7lendirdi.<\/p>\n\n\n\n<p class=\"wp-block-paragraph\">Bu geli\u015fme, k\u00fcresel petrol arz\u0131nda ya\u015fanabilecek olas\u0131 kesintilere ili\u015fkin endi\u015feleri azalt\u0131rken, petrol fiyatlar\u0131 \u00fczerindeki &#8220;jeopolitik risk primi&#8221;nin de \u00f6nemli \u00f6l\u00e7\u00fcde gerilemesine neden oldu.<\/p>\n\n\n\n<p class=\"wp-block-paragraph\">Ge\u00e7ti\u011fimiz hafta Orta Do\u011fu&#8217;da artan gerilim nedeniyle <strong>Brent petrol 100 dolar\u0131n \u00fczerine \u00e7\u0131karak son d\u00f6nemin en y\u00fcksek seviyelerini g\u00f6rm\u00fc\u015ft\u00fc.<\/strong> Diplomasi umutlar\u0131n\u0131n g\u00fc\u00e7lenmesiyle birlikte fiyatlar yeniden 90 dolar seviyelerine \u00e7ekildi.<\/p>\n\n\n\n<h2 class=\"wp-block-heading\"><strong>H\u00fcrm\u00fcz Bo\u011faz\u0131 Yak\u0131ndan \u0130zleniyor<\/strong><\/h2>\n\n\n\n<p class=\"wp-block-paragraph\">Enerji piyasalar\u0131n\u0131n g\u00fcndemindeki en \u00f6nemli ba\u015fl\u0131klardan biri olmay\u0131 s\u00fcrd\u00fcren <strong>H\u00fcrm\u00fcz Bo\u011faz\u0131<\/strong>&#8216;ndaki geli\u015fmeler de yak\u0131ndan takip ediliyor.<\/p>\n\n\n\n<p class=\"wp-block-paragraph\">Uzmanlar, bo\u011fazdaki petrol sevkiyat\u0131n\u0131n normal seyrine d\u00f6nmesi halinde fiyatlarda a\u015fa\u011f\u0131 y\u00f6nl\u00fc bask\u0131n\u0131n devam edebilece\u011fini, ancak b\u00f6lgede ya\u015fanabilecek yeni bir askeri gerilimin fiyatlar\u0131 yeniden y\u00fckseltebilece\u011fi uyar\u0131s\u0131nda bulunuyor.<\/p>\n\n\n\n<h2 class=\"wp-block-heading\"><strong>G\u00f6zler ABD-\u0130ran Temaslar\u0131nda<\/strong><\/h2>\n\n\n\n<p class=\"wp-block-paragraph\">ABD ile \u0130ran aras\u0131nda diplomatik s\u00fcrecin yeniden ba\u015flayabilece\u011fine y\u00f6nelik beklentiler yaln\u0131zca enerji piyasalar\u0131n\u0131 de\u011fil, k\u00fcresel finans piyasalar\u0131n\u0131 da etkiliyor. Risk i\u015ftah\u0131n\u0131n artt\u0131\u011f\u0131 piyasalarda yat\u0131r\u0131mc\u0131lar, taraflardan gelecek resmi a\u00e7\u0131klamalar\u0131 ve H\u00fcrm\u00fcz Bo\u011faz\u0131&#8217;ndaki geli\u015fmeleri yak\u0131ndan izlemeyi s\u00fcrd\u00fcr\u00fcyor.<\/p>\n\n\n\n<blockquote class=\"wp-block-quote is-layout-flow wp-block-quote-is-layout-flow\">\n<p class=\"wp-block-paragraph\"><strong>Not:<\/strong> Haberde yer alan geli\u015fmeler uluslararas\u0131 ajanslar ve piyasa kaynaklar\u0131nda yer alan bilgilere dayanmaktad\u0131r. Petrol fiyatlar\u0131 jeopolitik geli\u015fmeler, arz-talep dengesi ve k\u00fcresel ekonomik g\u00f6r\u00fcn\u00fcm do\u011frultusunda anl\u0131k olarak de\u011fi\u015fiklik g\u00f6sterebilir.<\/p>\n<\/blockquote>\n","protected":false},"excerpt":{"rendered":"<p>K\u00fcresel petrol piyasalar\u0131 haftaya sert sat\u0131\u015flarla ba\u015flad\u0131. ABD Ba\u015fkan\u0131 Donald Trump&#8217;\u0131n \u0130ran&#8217;a y\u00f6nelik yeni hava<\/p>\n","protected":false},"author":1,"featured_media":4376,"comment_status":"open","ping_status":"open","sticky":false,"template":"","format":"standard","meta":{"_rtcl_gb_attr":"","footnotes":""},"categories":[14],"tags":[],"class_list":["post-4375","post","type-post","status-publish","format-standard","has-post-thumbnail","hentry","category-ekonomi"],"_links":{"self":[{"href":"https:\/\/turkiyemhaber.com\/index.php?rest_route=\/wp\/v2\/posts\/4375","targetHints":{"allow":["GET"]}}],"collection":[{"href":"https:\/\/turkiyemhaber.com\/index.php?rest_route=\/wp\/v2\/posts"}],"about":[{"href":"https:\/\/turkiyemhaber.com\/index.php?rest_route=\/wp\/v2\/types\/post"}],"author":[{"embeddable":true,"href":"https:\/\/turkiyemhaber.com\/index.php?rest_route=\/wp\/v2\/users\/1"}],"replies":[{"embeddable":true,"href":"https:\/\/turkiyemhaber.com\/index.php?rest_route=%2Fwp%2Fv2%2Fcomments&post=4375"}],"version-history":[{"count":1,"href":"https:\/\/turkiyemhaber.com\/index.php?rest_route=\/wp\/v2\/posts\/4375\/revisions"}],"predecessor-version":[{"id":4377,"href":"https:\/\/turkiyemhaber.com\/index.php?rest_route=\/wp\/v2\/posts\/4375\/revisions\/4377"}],"wp:featuredmedia":[{"embeddable":true,"href":"https:\/\/turkiyemhaber.com\/index.php?rest_route=\/wp\/v2\/media\/4376"}],"wp:attachment":[{"href":"https:\/\/turkiyemhaber.com\/index.php?rest_route=%2Fwp%2Fv2%2Fmedia&parent=4375"}],"wp:term":[{"taxonomy":"category","embeddable":true,"href":"https:\/\/turkiyemhaber.com\/index.php?rest_route=%2Fwp%2Fv2%2Fcategories&post=4375"},{"taxonomy":"post_tag","embeddable":true,"href":"https:\/\/turkiyemhaber.com\/index.php?rest_route=%2Fwp%2Fv2%2Ftags&post=4375"}],"curies":[{"name":"wp","href":"https:\/\/api.w.org\/{rel}","templated":true}]}}