{"id":4373,"date":"2026-07-27T06:51:02","date_gmt":"2026-07-27T06:51:02","guid":{"rendered":"https:\/\/turkiyemhaber.com\/?p=4373"},"modified":"2026-07-27T06:51:06","modified_gmt":"2026-07-27T06:51:06","slug":"altin-fiyatlarinda-yukselis-gozler-fedin-faiz-kararinda","status":"publish","type":"post","link":"https:\/\/turkiyemhaber.com\/?p=4373","title":{"rendered":"Alt\u0131n Fiyatlar\u0131nda Y\u00fckseli\u015f! G\u00f6zler Fed&#8217;in Faiz Karar\u0131nda"},"content":{"rendered":"\n<p class=\"wp-block-paragraph\">K\u00fcresel piyasalarda yeni haftaya y\u00fckseli\u015fle ba\u015flayan alt\u0131n fiyatlar\u0131, yat\u0131r\u0131mc\u0131lar\u0131n yeniden g\u00fcvenli liman aray\u0131\u015f\u0131na y\u00f6nelmesiyle de\u011fer kazand\u0131. Ortado\u011fu&#8217;da jeopolitik gerilimin azalmas\u0131, petrol fiyatlar\u0131ndaki d\u00fc\u015f\u00fc\u015f ve dolar\u0131n zay\u0131flamas\u0131, de\u011ferli metallere olan talebi art\u0131rd\u0131.<\/p>\n\n\n\n<h2 class=\"wp-block-heading\"><strong>Alt\u0131n G\u00fc\u00e7l\u00fc Y\u00fckseldi<\/strong><\/h2>\n\n\n\n<p class=\"wp-block-paragraph\">Spot alt\u0131n, haftan\u0131n ilk i\u015flem g\u00fcn\u00fcnde y\u00fczde 1,4 y\u00fckselerek <strong>ons ba\u015f\u0131na 4.110,56 dolar<\/strong> seviyesine \u00e7\u0131kt\u0131. ABD alt\u0131n vadeli kontratlar\u0131 ise y\u00fczde 1 primle <strong>4.112,10 dolar<\/strong> seviyesinden i\u015flem g\u00f6rd\u00fc.<\/p>\n\n\n\n<p class=\"wp-block-paragraph\">Dolar endeksindeki gerileme de alt\u0131n\u0131 yabanc\u0131 yat\u0131r\u0131mc\u0131lar a\u00e7\u0131s\u0131ndan daha cazip hale getirerek fiyatlardaki y\u00fckseli\u015fi destekledi.<\/p>\n\n\n\n<h2 class=\"wp-block-heading\"><strong>Petrol Fiyatlar\u0131ndaki D\u00fc\u015f\u00fc\u015f Etkili Oldu<\/strong><\/h2>\n\n\n\n<p class=\"wp-block-paragraph\">ABD ile \u0130ran aras\u0131nda gerilimin azalabilece\u011fine y\u00f6nelik beklentiler, petrol fiyatlar\u0131nda g\u00fcn i\u00e7inde y\u00fczde 4&#8217;\u00fc a\u015fan d\u00fc\u015f\u00fc\u015fe neden oldu. Petrol fiyatlar\u0131n\u0131n gerilemesiyle birlikte k\u00fcresel enflasyon bask\u0131s\u0131n\u0131n hafifleyece\u011fi beklentisi olu\u015furken, yat\u0131r\u0131mc\u0131lar\u0131n g\u00fcvenli liman olarak g\u00f6r\u00fclen alt\u0131na y\u00f6neldi\u011fi de\u011ferlendiriliyor.<\/p>\n\n\n\n<p class=\"wp-block-paragraph\">KCM Trade Ba\u015f Piyasa Analisti Tim Waterer, geli\u015fmeleri de\u011ferlendirirken \u015fu ifadeleri kulland\u0131:<\/p>\n\n\n\n<blockquote class=\"wp-block-quote is-layout-flow wp-block-quote-is-layout-flow\">\n<p class=\"wp-block-paragraph\">&#8220;Alt\u0131n, bug\u00fcn hem petrol hem de ABD dolar\u0131ndaki gev\u015femenin a\u00e7\u0131k bir kazanan\u0131 konumunda. Petrol fiyatlar\u0131ndaki gerileme k\u00fcresel enflasyon endi\u015felerini hafifleterek de\u011ferli metallerin \u00f6n\u00fcn\u00fc a\u00e7\u0131yor.&#8221;<\/p>\n<\/blockquote>\n\n\n\n<h2 class=\"wp-block-heading\"><strong>Piyasalar\u0131n G\u00fcndeminde Fed Var<\/strong><\/h2>\n\n\n\n<p class=\"wp-block-paragraph\">Yat\u0131r\u0131mc\u0131lar\u0131n oda\u011f\u0131nda \u015fimdi ABD Merkez Bankas\u0131&#8217;n\u0131n (Fed) a\u00e7\u0131klayaca\u011f\u0131 faiz karar\u0131 bulunuyor. Uzmanlar, Fed&#8217;in faiz politikas\u0131na ili\u015fkin verece\u011fi mesajlar\u0131n alt\u0131n fiyatlar\u0131n\u0131n k\u0131sa vadeli y\u00f6n\u00fc \u00fczerinde belirleyici olaca\u011f\u0131n\u0131 ifade ediyor.<\/p>\n\n\n\n<p class=\"wp-block-paragraph\">Tim Waterer, uzun vadede alt\u0131na y\u00f6nelik olumlu beklentisini korudu\u011funu belirterek, jeopolitik risklerin tamamen ortadan kalkmamas\u0131 halinde de\u011ferli metalin destek bulmaya devam edebilece\u011fini s\u00f6yledi.<\/p>\n\n\n\n<h2 class=\"wp-block-heading\"><strong>Di\u011fer De\u011ferli Metaller de Prim Yapt\u0131<\/strong><\/h2>\n\n\n\n<p class=\"wp-block-paragraph\">Alt\u0131ndaki y\u00fckseli\u015f, di\u011fer de\u011ferli metallere de yans\u0131d\u0131.<\/p>\n\n\n\n<ul class=\"wp-block-list\">\n<li><strong>Spot g\u00fcm\u00fc\u015f:<\/strong> %2,8 art\u0131\u015fla <strong>59,81 dolar<\/strong><\/li>\n\n\n\n<li><strong>Platin:<\/strong> %2,6 y\u00fckseli\u015fle <strong>1.629,15 dolar<\/strong><\/li>\n\n\n\n<li><strong>Paladyum:<\/strong> %2,1 primle <strong>1.269,43 dolar<\/strong><\/li>\n<\/ul>\n\n\n\n<p class=\"wp-block-paragraph\">K\u00fcresel piyasalarda g\u00f6zler, \u00f6n\u00fcm\u00fczdeki g\u00fcnlerde a\u00e7\u0131klanacak Fed karar\u0131n\u0131n yan\u0131 s\u0131ra jeopolitik geli\u015fmeler ve enerji fiyatlar\u0131n\u0131n seyrine \u00e7evrilmi\u015f durumda.<\/p>\n\n\n\n<blockquote class=\"wp-block-quote is-layout-flow wp-block-quote-is-layout-flow\">\n<p class=\"wp-block-paragraph\"><strong>Not:<\/strong> Haberde yer alan piyasa verileri uluslararas\u0131 kaynaklarda payla\u015f\u0131lan fiyatlamalara dayanmaktad\u0131r. Yat\u0131r\u0131m kararlar\u0131 al\u0131nmadan \u00f6nce g\u00fcncel verilerin takip edilmesi ve uzman g\u00f6r\u00fc\u015f\u00fc al\u0131nmas\u0131 \u00f6nerilir.<\/p>\n<\/blockquote>\n","protected":false},"excerpt":{"rendered":"<p>K\u00fcresel piyasalarda yeni haftaya y\u00fckseli\u015fle ba\u015flayan alt\u0131n fiyatlar\u0131, yat\u0131r\u0131mc\u0131lar\u0131n yeniden g\u00fcvenli liman aray\u0131\u015f\u0131na y\u00f6nelmesiyle de\u011fer<\/p>\n","protected":false},"author":1,"featured_media":4270,"comment_status":"open","ping_status":"open","sticky":false,"template":"","format":"standard","meta":{"_rtcl_gb_attr":"","footnotes":""},"categories":[14],"tags":[],"class_list":["post-4373","post","type-post","status-publish","format-standard","has-post-thumbnail","hentry","category-ekonomi"],"_links":{"self":[{"href":"https:\/\/turkiyemhaber.com\/index.php?rest_route=\/wp\/v2\/posts\/4373","targetHints":{"allow":["GET"]}}],"collection":[{"href":"https:\/\/turkiyemhaber.com\/index.php?rest_route=\/wp\/v2\/posts"}],"about":[{"href":"https:\/\/turkiyemhaber.com\/index.php?rest_route=\/wp\/v2\/types\/post"}],"author":[{"embeddable":true,"href":"https:\/\/turkiyemhaber.com\/index.php?rest_route=\/wp\/v2\/users\/1"}],"replies":[{"embeddable":true,"href":"https:\/\/turkiyemhaber.com\/index.php?rest_route=%2Fwp%2Fv2%2Fcomments&post=4373"}],"version-history":[{"count":1,"href":"https:\/\/turkiyemhaber.com\/index.php?rest_route=\/wp\/v2\/posts\/4373\/revisions"}],"predecessor-version":[{"id":4374,"href":"https:\/\/turkiyemhaber.com\/index.php?rest_route=\/wp\/v2\/posts\/4373\/revisions\/4374"}],"wp:featuredmedia":[{"embeddable":true,"href":"https:\/\/turkiyemhaber.com\/index.php?rest_route=\/wp\/v2\/media\/4270"}],"wp:attachment":[{"href":"https:\/\/turkiyemhaber.com\/index.php?rest_route=%2Fwp%2Fv2%2Fmedia&parent=4373"}],"wp:term":[{"taxonomy":"category","embeddable":true,"href":"https:\/\/turkiyemhaber.com\/index.php?rest_route=%2Fwp%2Fv2%2Fcategories&post=4373"},{"taxonomy":"post_tag","embeddable":true,"href":"https:\/\/turkiyemhaber.com\/index.php?rest_route=%2Fwp%2Fv2%2Ftags&post=4373"}],"curies":[{"name":"wp","href":"https:\/\/api.w.org\/{rel}","templated":true}]}}