{"id":4370,"date":"2026-07-27T06:45:07","date_gmt":"2026-07-27T06:45:07","guid":{"rendered":"https:\/\/turkiyemhaber.com\/?p=4370"},"modified":"2026-07-27T06:45:15","modified_gmt":"2026-07-27T06:45:15","slug":"sibel-arnadan-filenin-sultanlari-icin-sitem-tek-bir-korna-sesi-bile-yok","status":"publish","type":"post","link":"https:\/\/turkiyemhaber.com\/?p=4370","title":{"rendered":"Sibel Arna&#8217;dan Filenin Sultanlar\u0131 \u0130\u00e7in Sitem: &#8220;Tek Bir Korna Sesi Bile Yok&#8221;"},"content":{"rendered":"\n<p class=\"wp-block-paragraph\">A Milli Kad\u0131n Voleybol Tak\u0131m\u0131&#8217;n\u0131n FIVB Milletler Ligi finalinde Brezilya&#8217;y\u0131 3-1 ma\u011flup ederek \u015fampiyonlu\u011fa ula\u015fmas\u0131n\u0131n ard\u0131ndan, gazeteci ve sunucu Sibel Arna&#8217;n\u0131n sosyal medya payla\u015f\u0131m\u0131 g\u00fcndem oldu.<\/p>\n\n\n\n<h2 class=\"wp-block-heading\"><strong>&#8220;T\u00fcrkiye \u015eampiyon Oldu Ama Sokaklar Sessiz&#8221;<\/strong><\/h2>\n\n\n\n<p class=\"wp-block-paragraph\">Filenin Sultanlar\u0131&#8217;n\u0131n tarihi ba\u015far\u0131s\u0131na ra\u011fmen kutlamalar\u0131n beklenen co\u015fkuda yap\u0131lmad\u0131\u011f\u0131n\u0131 dile getiren Arna, payla\u015f\u0131m\u0131nda sokaklardaki sessizli\u011fe dikkat \u00e7ekti.<\/p>\n\n\n\n<p class=\"wp-block-paragraph\">Arna, yapt\u0131\u011f\u0131 payla\u015f\u0131mda \u015fu ifadeleri kulland\u0131:<\/p>\n\n\n\n<blockquote class=\"wp-block-quote is-layout-flow wp-block-quote-is-layout-flow\">\n<p class=\"wp-block-paragraph\">&#8220;T\u00fcrkiye \u015fampiyon oldu, bizim k\u0131zlar kazand\u0131. Ama \u015fu anda tek bir korna sesi bile duyam\u0131yorum ben. Neden? Erkekler \u015fampiyon olsayd\u0131 buras\u0131 y\u0131k\u0131l\u0131p inlerdi.&#8221;<\/p>\n<\/blockquote>\n\n\n\n<h2 class=\"wp-block-heading\"><strong>&#8220;Bas\u0131n Kornaya, K\u0131zlar \u015eampiyon Oldu&#8221;<\/strong><\/h2>\n\n\n\n<p class=\"wp-block-paragraph\">Yoldan ge\u00e7en ara\u00e7lara da seslenen Sibel Arna, &#8220;Bas\u0131n kornaya, k\u0131zlar \u015fampiyon oldu.&#8221; diyerek Filenin Sultanlar\u0131&#8217;n\u0131n elde etti\u011fi ba\u015far\u0131n\u0131n daha b\u00fcy\u00fck bir co\u015fkuyla kutlanmas\u0131 gerekti\u011fini vurgulad\u0131.<\/p>\n\n\n\n<p class=\"wp-block-paragraph\">Payla\u015f\u0131m k\u0131sa s\u00fcrede sosyal medyada geni\u015f yank\u0131 uyand\u0131r\u0131rken, \u00e7ok say\u0131da kullan\u0131c\u0131 Arna&#8217;n\u0131n g\u00f6r\u00fc\u015flerine destek veren yorumlar yapt\u0131. Baz\u0131 kullan\u0131c\u0131lar ise \u015fampiyonlu\u011fun \u00e7e\u015fitli \u015fehirlerde kutland\u0131\u011f\u0131n\u0131 ancak ge\u00e7mi\u015f y\u0131llardaki baz\u0131 organizasyonlara k\u0131yasla daha s\u0131n\u0131rl\u0131 bir kutlama atmosferi olu\u015ftu\u011funu dile getirdi.<\/p>\n\n\n\n<p class=\"wp-block-paragraph\">A Milli Kad\u0131n Voleybol Tak\u0131m\u0131, Brezilya kar\u015f\u0131s\u0131nda ald\u0131\u011f\u0131 3-1&#8217;lik galibiyetle bir kez daha Milletler Ligi \u015fampiyonu olarak T\u00fcrk spor tarihine yeni bir ba\u015far\u0131 daha ekledi.<\/p>\n","protected":false},"excerpt":{"rendered":"<p>A Milli Kad\u0131n Voleybol Tak\u0131m\u0131&#8217;n\u0131n FIVB Milletler Ligi finalinde Brezilya&#8217;y\u0131 3-1 ma\u011flup ederek \u015fampiyonlu\u011fa ula\u015fmas\u0131n\u0131n<\/p>\n","protected":false},"author":1,"featured_media":4371,"comment_status":"open","ping_status":"open","sticky":false,"template":"","format":"standard","meta":{"_rtcl_gb_attr":"","footnotes":""},"categories":[41],"tags":[],"class_list":["post-4370","post","type-post","status-publish","format-standard","has-post-thumbnail","hentry","category-magazin"],"_links":{"self":[{"href":"https:\/\/turkiyemhaber.com\/index.php?rest_route=\/wp\/v2\/posts\/4370","targetHints":{"allow":["GET"]}}],"collection":[{"href":"https:\/\/turkiyemhaber.com\/index.php?rest_route=\/wp\/v2\/posts"}],"about":[{"href":"https:\/\/turkiyemhaber.com\/index.php?rest_route=\/wp\/v2\/types\/post"}],"author":[{"embeddable":true,"href":"https:\/\/turkiyemhaber.com\/index.php?rest_route=\/wp\/v2\/users\/1"}],"replies":[{"embeddable":true,"href":"https:\/\/turkiyemhaber.com\/index.php?rest_route=%2Fwp%2Fv2%2Fcomments&post=4370"}],"version-history":[{"count":1,"href":"https:\/\/turkiyemhaber.com\/index.php?rest_route=\/wp\/v2\/posts\/4370\/revisions"}],"predecessor-version":[{"id":4372,"href":"https:\/\/turkiyemhaber.com\/index.php?rest_route=\/wp\/v2\/posts\/4370\/revisions\/4372"}],"wp:featuredmedia":[{"embeddable":true,"href":"https:\/\/turkiyemhaber.com\/index.php?rest_route=\/wp\/v2\/media\/4371"}],"wp:attachment":[{"href":"https:\/\/turkiyemhaber.com\/index.php?rest_route=%2Fwp%2Fv2%2Fmedia&parent=4370"}],"wp:term":[{"taxonomy":"category","embeddable":true,"href":"https:\/\/turkiyemhaber.com\/index.php?rest_route=%2Fwp%2Fv2%2Fcategories&post=4370"},{"taxonomy":"post_tag","embeddable":true,"href":"https:\/\/turkiyemhaber.com\/index.php?rest_route=%2Fwp%2Fv2%2Ftags&post=4370"}],"curies":[{"name":"wp","href":"https:\/\/api.w.org\/{rel}","templated":true}]}}