{"id":437,"date":"2026-04-22T12:48:11","date_gmt":"2026-04-22T12:48:11","guid":{"rendered":"https:\/\/turkiyemhaber.com\/?p=437"},"modified":"2026-04-22T12:48:16","modified_gmt":"2026-04-22T12:48:16","slug":"abd-israil-iran-lubnan-savasi-ve-baris-muzakereleri","status":"publish","type":"post","link":"https:\/\/turkiyemhaber.com\/?p=437","title":{"rendered":"\u00a0ABD\/\u0130srail-\u0130ran\/L\u00fcbnan sava\u015f\u0131 ve bar\u0131\u015f m\u00fczakereleri"},"content":{"rendered":"\n<p class=\"wp-block-paragraph\">\u0130ran&#8217;\u0131n BM Daimi Temsilcisi \u0130ravani, ABD&#8217;nin &#8220;deniz ablukas\u0131n\u0131&#8221; durdurmaya haz\u0131r oldu\u011funa dair i\u015faret ald\u0131klar\u0131n\u0131 ve ABD&#8217;nin ablukay\u0131 sona erdirmesi halinde bir sonraki g\u00f6r\u00fc\u015fme turunun Pakistan&#8217;da yap\u0131labilece\u011fini belirtti.<\/p>\n\n\n\n<ul class=\"wp-block-list\">\n<li>ABD Ba\u015fkan\u0131 Trump, \u0130ran&#8217;la ge\u00e7ici ate\u015fkesi uzatt\u0131\u011f\u0131n\u0131 a\u00e7\u0131klad\u0131<\/li>\n\n\n\n<li>Trump, &#8220;Gece Yar\u0131s\u0131 \u00c7ekici Operasyonu&#8221; ile \u0130ran&#8217;\u0131n n\u00fckleer tesislerinin tamamen yok edildi\u011fini ve\u00a0<a href=\"https:\/\/v.aa.com.tr\/3912895\" target=\"_blank\" rel=\"noreferrer noopener\">n\u00fckleer materyallerin temizlenmesinin uzun s\u00fcrece\u011fini<\/a>\u00a0a\u00e7\u0131klad\u0131.<\/li>\n\n\n\n<li>Donald Trump,\u00a0<a href=\"https:\/\/v.aa.com.tr\/3913554\" target=\"_blank\" rel=\"noreferrer noopener\">y\u00fcr\u00fct\u00fclen g\u00f6r\u00fc\u015fmeler<\/a>in sonunda &#8220;\u00e7ok iyi bir anla\u015fma&#8221; ile sonu\u00e7lanaca\u011f\u0131n\u0131 d\u00fc\u015f\u00fcnd\u00fc\u011f\u00fcn\u00fc belirtti.<\/li>\n\n\n\n<li>\u0130ran medyas\u0131: \u0130ran yar\u0131n m\u00fczakereler i\u00e7in Pakistan\u2019a gitmeyece\u011fini ABD\u2019ye iletti<\/li>\n\n\n\n<li>BM: Umudumuz, ABD ile \u0130ran aras\u0131nda ate\u015fkesin uzat\u0131lmas\u0131 ve diplomasinin hayata ge\u00e7irilmesi<\/li>\n\n\n\n<li>\u0130srail bas\u0131n\u0131: Tel Aviv y\u00f6netimi, ABD ile \u0130ran&#8217;\u0131n uzla\u015famayaca\u011f\u0131n\u0131 d\u00fc\u015f\u00fcn\u00fcyor<\/li>\n\n\n\n<li>NYT: JD Vance&#8217;in \u0130ran m\u00fczakereleri i\u00e7in yapaca\u011f\u0131 \u0130slamabad ziyareti \u201cask\u0131ya al\u0131nd\u0131\u201d<\/li>\n\n\n\n<li>Pakistan: \u0130ran heyetinin \u0130slamabad&#8217;daki g\u00f6r\u00fc\u015fmelere kat\u0131l\u0131m\u0131na dair resmi yan\u0131t bekleniyor<\/li>\n\n\n\n<li>\u0130slamabad, belirsizli\u011fe ra\u011fmen\u00a0<a href=\"https:\/\/v.aa.com.tr\/3913391\" target=\"_blank\" rel=\"noreferrer noopener\">ABD-\u0130ran aras\u0131 muhtemel ikinci tur m\u00fczakerelere haz\u0131rlan\u0131yor<\/a><\/li>\n\n\n\n<li>\u0130ranl\u0131 Tu\u011fgeneral Musevi, K\u00f6rfez \u00fclkelerini\u00a0<a href=\"https:\/\/v.aa.com.tr\/3914002\" target=\"_blank\" rel=\"noreferrer noopener\">\u0130ran\u2019a y\u00f6nelik olas\u0131 sald\u0131r\u0131lar<\/a>da topraklar\u0131n\u0131 ve hava sahalar\u0131n\u0131 kulland\u0131rmamalar\u0131 konusunda sert bir dille uyard\u0131.<\/li>\n\n\n\n<li>K\u00f6rfez&#8217;deki enerji tesislerinden\u00a0<a href=\"https:\/\/v.aa.com.tr\/3913128\" target=\"_blank\" rel=\"noreferrer noopener\">34&#8217;\u00fcn\u00fcn ciddi hasarl\u0131 oldu\u011funu a\u00e7\u0131klad\u0131<\/a><\/li>\n<\/ul>\n\n\n\n<p class=\"wp-block-paragraph\">\u015eimdi<\/p>\n\n\n\n<h3 class=\"wp-block-heading\">ABD Ba\u015fkan\u0131 Trump, \u0130ran&#8217;la ge\u00e7ici ate\u015fkesi uzatt\u0131\u011f\u0131n\u0131 a\u00e7\u0131klad\u0131<\/h3>\n\n\n\n<p class=\"wp-block-paragraph\">ABD Ba\u015fkan\u0131 Donald Trump, Truth Social hesab\u0131ndan yapt\u0131\u011f\u0131 a\u00e7\u0131klamada, \u0130ran y\u00f6netiminin &#8220;b\u00f6l\u00fcnm\u00fc\u015f&#8221; oldu\u011funu savunarak, Pakistan&#8217;\u0131n da ate\u015fkesle ilgili talebini dikkate alarak, bug\u00fcn sona erecek olan ge\u00e7ici ate\u015fkesi uzatt\u0131\u011f\u0131n\u0131 belirtti.<\/p>\n\n\n\n<p class=\"wp-block-paragraph\">ABD Ba\u015fkan\u0131 Trump, a\u00e7\u0131klamas\u0131nda, \u015fu ifadeleri kulland\u0131:<\/p>\n\n\n\n<p class=\"wp-block-paragraph\">&#8220;\u0130ran y\u00f6netiminin ciddi bir b\u00f6l\u00fcnme i\u00e7inde oldu\u011fu ger\u00e7e\u011fi ve Pakistan&#8217;dan Mare\u015fal As\u0131m M\u00fcnir ile Ba\u015fbakan \u015eahbaz \u015eerif&#8217;in de talebi \u00fczerine, liderleri ve temsilcileri ortak bir \u00f6neri sunana kadar \u0130ran&#8217;a y\u00f6nelik sald\u0131r\u0131m\u0131z\u0131 ask\u0131ya almam\u0131z istendi. Bu nedenle ordumuza ablukay\u0131 s\u00fcrd\u00fcrme ve her a\u00e7\u0131dan haz\u0131r kalmalar\u0131 talimat\u0131 verdim; dolay\u0131s\u0131yla (\u0130ran&#8217;\u0131n) \u00f6nerisi sunulana ve m\u00fczakereler bir \u015fekilde sonu\u00e7lanana kadar ate\u015fkesi uzataca\u011f\u0131m.&#8221;<\/p>\n\n\n\n<h3 class=\"wp-block-heading\">\u0130srail D\u0131\u015fi\u015fleri Bakan\u0131, L\u00fcbnan&#8217;la yaln\u0131zca &#8220;\u00e7\u00f6z\u00fclebilecek k\u00fc\u00e7\u00fck s\u0131n\u0131r anla\u015fmazl\u0131klar\u0131n\u0131n&#8221; oldu\u011funu iddia etti<\/h3>\n\n\n\n<p class=\"wp-block-paragraph\">\u0130srail D\u0131\u015fi\u015fleri Bakan\u0131 Gideon Saar, ABD arabuluculu\u011funda do\u011frudan g\u00f6r\u00fc\u015fmeler y\u00fcr\u00fctt\u00fckleri L\u00fcbnan ile &#8220;\u00e7\u00f6z\u00fclebilecek k\u00fc\u00e7\u00fck s\u0131n\u0131r anla\u015fmazl\u0131klar\u0131&#8221; oldu\u011funu ileri s\u00fcrd\u00fc.<\/p>\n\n\n\n<p class=\"wp-block-paragraph\">Saar, 43 y\u0131l sonra do\u011frudan g\u00f6r\u00fc\u015fmelere ba\u015flad\u0131klar\u0131 L\u00fcbnan&#8217;dan &#8220;\u00e7\u00f6km\u00fc\u015f devlet&#8221; \u015feklinde bahsederek Beyrut y\u00f6netimiyle normalle\u015fmenin \u00f6n\u00fcndeki tek engelin, Hizbullah oldu\u011funu iddia etti.<\/p>\n\n\n\n<p class=\"wp-block-paragraph\">\u0130srailli Bakan konu\u015fmas\u0131nda, &#8220;L\u00fcbnan ile ciddi bir anla\u015fmazl\u0131\u011f\u0131m\u0131z yok. \u00c7\u00f6z\u00fclebilecek birka\u00e7 k\u00fc\u00e7\u00fck s\u0131n\u0131r anla\u015fmazl\u0131\u011f\u0131 mevcut.&#8221; ifadelerini kulland\u0131.<\/p>\n\n\n\n<p class=\"wp-block-paragraph\">ABD\/\u0130srail-\u0130ran sava\u015f\u0131nda ate\u015fkes s\u00fcreci ve m\u00fczakereler<\/p>\n\n\n\n<figure class=\"wp-block-image size-large\"><img loading=\"lazy\" decoding=\"async\" width=\"866\" height=\"1024\" src=\"https:\/\/turkiyemhaber.com\/wp-content\/uploads\/2026\/04\/17a773e657c16d2aa92fcf10ea5f5ef2-866x1024.jpg\" alt=\"\" class=\"wp-image-438\" srcset=\"https:\/\/turkiyemhaber.com\/wp-content\/uploads\/2026\/04\/17a773e657c16d2aa92fcf10ea5f5ef2-866x1024.jpg 866w, https:\/\/turkiyemhaber.com\/wp-content\/uploads\/2026\/04\/17a773e657c16d2aa92fcf10ea5f5ef2-254x300.jpg 254w, https:\/\/turkiyemhaber.com\/wp-content\/uploads\/2026\/04\/17a773e657c16d2aa92fcf10ea5f5ef2-768x908.jpg 768w, https:\/\/turkiyemhaber.com\/wp-content\/uploads\/2026\/04\/17a773e657c16d2aa92fcf10ea5f5ef2-10x12.jpg 10w, https:\/\/turkiyemhaber.com\/wp-content\/uploads\/2026\/04\/17a773e657c16d2aa92fcf10ea5f5ef2.jpg 1120w\" sizes=\"auto, (max-width: 866px) 100vw, 866px\" \/><\/figure>\n\n\n\n<h3 class=\"wp-block-heading\">\u0130ran Devrim Muhaf\u0131zlar\u0131 Ordusu, biri \u0130srail ile ba\u011flant\u0131l\u0131 iki yabanc\u0131 gemiyi ele ge\u00e7irdi\u011fini a\u00e7\u0131klad\u0131<\/h3>\n\n\n\n<p class=\"wp-block-paragraph\">\u0130ran Devrim Muhaf\u0131zlar\u0131 Ordusu, &#8220;deniz g\u00fcvenli\u011fini tehlikeye atan&#8221; biri \u0130srail ile ba\u011flant\u0131l\u0131 iki yabanc\u0131 geminin ele ge\u00e7irilerek \u0130ran k\u0131y\u0131lar\u0131na y\u00f6nlendirildi\u011fini duyurdu.<\/p>\n\n\n\n<p class=\"wp-block-paragraph\">Devrim Muhaf\u0131zlar\u0131 Ordusu Deniz Kuvvetleri Komutanl\u0131\u011f\u0131 taraf\u0131ndan yap\u0131lan yaz\u0131l\u0131 a\u00e7\u0131klamada, &#8220;Gerekli izinleri olmadan ve navigasyon sistemlerini manip\u00fcle ederek deniz g\u00fcvenli\u011fini tehlikeye atan&#8221; &#8220;MSC-Francesca&#8221; ve &#8220;Epaminodes&#8221; adl\u0131 iki gemiye m\u00fcdahale edildi\u011fi belirtildi.<\/p>\n\n\n\n<p class=\"wp-block-paragraph\">A\u00e7\u0131klamada, &#8220;MSC-Francesca&#8221; gemisi &#8220;\u0130srail ile ba\u011flant\u0131l\u0131&#8221; olarak tan\u0131mland\u0131.<\/p>\n\n\n\n<p class=\"wp-block-paragraph\">M\u00fcdahale edilen iki geminin de ele ge\u00e7irilerek \u0130ran k\u0131y\u0131lar\u0131na y\u00f6nlendirildi\u011fi aktar\u0131l\u0131rken m\u00fcdahalenin tam olarak hangi konumda ger\u00e7ekle\u015ftirildi\u011fi bilgisi verilmedi.<\/p>\n\n\n\n<p class=\"wp-block-paragraph\">A\u00e7\u0131klamada, H\u00fcrm\u00fcz Bo\u011faz\u0131&#8217;n\u0131n g\u00fcvenli\u011finin ihlalinin \u0130ran&#8217;\u0131n &#8220;k\u0131rm\u0131z\u0131 \u00e7izgisi&#8221; oldu\u011fu belirtildi.<\/p>\n\n\n\n<h3 class=\"wp-block-heading\">\u0130ran D\u0131\u015fi\u015fleri Bakanl\u0131\u011f\u0131 S\u00f6zc\u00fcs\u00fc&#8217;nden ABD\u2019nin ate\u015fkesi uzatma karar\u0131na ili\u015fkin a\u00e7\u0131klama<\/h3>\n\n\n\n<p class=\"wp-block-paragraph\">\u0130ran D\u0131\u015fi\u015fleri Bakanl\u0131\u011f\u0131 S\u00f6zc\u00fcs\u00fc \u0130smail Bekayi, ate\u015fkesin uzat\u0131lmas\u0131na ili\u015fkin a\u00e7\u0131klamalarda bulundu.<\/p>\n\n\n\n<p class=\"wp-block-paragraph\">\u0130ran\u2019\u0131n sahadaki geli\u015fmeleri yak\u0131ndan izledi\u011fini ve ulusal \u00e7\u0131karlar\u0131n\u0131 korumak i\u00e7in gerekli tedbirleri alaca\u011f\u0131n\u0131 dile getiren Bekayi, \u201c\u0130ran Silahl\u0131 Kuvvetleri de her t\u00fcrl\u00fc tehdit ve sald\u0131r\u0131ya kar\u015f\u0131 \u00fclkeyi korumak i\u00e7in haz\u0131r. Diplomasi ulusal \u00e7\u0131karlar\u0131n ve g\u00fcvenli\u011fin temin edilmesinin bir arac\u0131d\u0131r. Bu arac\u0131 kullanman\u0131n, \u0130ran\u2019\u0131n \u00e7\u0131karlar\u0131n\u0131 yerine getirmek ve \u0130ran halk\u0131n\u0131n kazan\u0131mlar\u0131n\u0131 peki\u015ftirmek a\u00e7\u0131s\u0131ndan mant\u0131kl\u0131 ve gerekli zeminin olu\u015ftu\u011fu sonucuna vard\u0131\u011f\u0131m\u0131zda ad\u0131m ataca\u011f\u0131z.\u201d ifadelerini kulland\u0131.<\/p>\n\n\n\n<p class=\"wp-block-paragraph\">Bekayi ayr\u0131ca \u00fclkesinin, \u201csald\u0131rganlardan ve sava\u015f su\u00e7lular\u0131ndan\u201d hesap sorulmas\u0131 ve tazminat al\u0131nmas\u0131 i\u00e7in t\u00fcm f\u0131rsat ve imkanlardan faydalanaca\u011f\u0131n\u0131 kaydetti.<\/p>\n\n\n\n<h3 class=\"wp-block-heading\">Fransa, ABD&#8217;nin \u0130ran ile ge\u00e7ici ate\u015fkesi uzatma karar\u0131n\u0131 memnuniyetle kar\u015f\u0131lad\u0131<\/h3>\n\n\n\n<p class=\"wp-block-paragraph\">Fransa Savunma Bakanl\u0131\u011f\u0131 nezdindeki Devlet Bakan\u0131 Alice Rufo, yo\u011fun m\u00fczakerelerin y\u00fcr\u00fct\u00fcld\u00fc\u011f\u00fc bir d\u00f6nemde ge\u00e7ici ate\u015fkesin uzat\u0131lmas\u0131n\u0131n kal\u0131c\u0131 bir anla\u015fmaya var\u0131lmas\u0131 i\u00e7in &#8220;gerekli zaman\u0131&#8221; sa\u011flayaca\u011f\u0131n\u0131 kaydetti.<\/p>\n\n\n\n<p class=\"wp-block-paragraph\">Ge\u00e7ici ate\u015fkesin uzat\u0131lmas\u0131 karar\u0131n\u0131 memnuniyetle kar\u015f\u0131lad\u0131\u011f\u0131n\u0131 bildiren Rufo, taraflara ate\u015fkese tam olarak uymalar\u0131 ve &#8220;sa\u011flam bir anla\u015fma&#8221; yapmalar\u0131 \u00e7a\u011fr\u0131s\u0131nda bulundu.<\/p>\n\n\n\n<p class=\"wp-block-paragraph\">Bakan Rufo, ABD\/\u0130srail-\u0130ran Sava\u015f\u0131 s\u00fcrecinde Fransa&#8217;n\u0131n uluslararas\u0131 diplomasi \u00e7er\u00e7evesini in\u015fa etmeye y\u00f6nelik bir strateji izledi\u011fini belirterek Paris&#8217;in ev sahipli\u011finde H\u00fcrm\u00fcz Bo\u011faz\u0131 misyonuna ili\u015fkin konferans d\u00fczenlendi\u011fini hat\u0131rlatt\u0131.<\/p>\n\n\n\n<h3 class=\"wp-block-heading\">\u0130srail ordusu, ge\u00e7ici ate\u015fkese ra\u011fmen L\u00fcbnan&#8217;\u0131n g\u00fcneyinde sald\u0131r\u0131lar\u0131n\u0131 s\u00fcrd\u00fcr\u00fcyor<\/h3>\n\n\n\n<p class=\"wp-block-paragraph\">\u0130srail ordusundan yap\u0131lan a\u00e7\u0131klamada, L\u00fcbnan\u2019\u0131n g\u00fcneyindeki Vadi Saluki Deresi yak\u0131nlar\u0131nda ate\u015fkes hatt\u0131n\u0131 ge\u00e7ti\u011fi iddias\u0131yla 2 Hizbullah mensubunun \u00f6ld\u00fcr\u00fcld\u00fc\u011f\u00fc ifade edildi.<\/p>\n\n\n\n<p class=\"wp-block-paragraph\">Hizbullah mensuplar\u0131n\u0131n i\u015fgal alt\u0131nda tutulan b\u00f6lgeye girdi\u011fi \u00f6ne s\u00fcr\u00fclen a\u00e7\u0131klamada, \u0130srail sava\u015f u\u00e7aklar\u0131n\u0131n \u201ctehdidi ortadan kald\u0131rmak\u201d i\u00e7in hava sald\u0131r\u0131s\u0131 d\u00fczenledi\u011fi bildirildi.<\/p>\n\n\n\n<p class=\"wp-block-paragraph\">\u00d6te yandan \u0130srail ordusundan sabah saatlerinde yap\u0131lan a\u00e7\u0131klamada, L\u00fcbnan taraf\u0131na &#8220;yanl\u0131\u015fl\u0131kla\u201d \u00f6nleyici f\u00fcze at\u0131ld\u0131\u011f\u0131 payla\u015f\u0131ld\u0131.<\/p>\n\n\n\n<p class=\"wp-block-paragraph\"><\/p>\n","protected":false},"excerpt":{"rendered":"<p>\u0130ran&#8217;\u0131n BM Daimi Temsilcisi \u0130ravani, ABD&#8217;nin &#8220;deniz ablukas\u0131n\u0131&#8221; durdurmaya haz\u0131r oldu\u011funa dair i\u015faret ald\u0131klar\u0131n\u0131 ve<\/p>\n","protected":false},"author":1,"featured_media":439,"comment_status":"open","ping_status":"open","sticky":false,"template":"","format":"standard","meta":{"_rtcl_gb_attr":"","footnotes":""},"categories":[1],"tags":[],"class_list":["post-437","post","type-post","status-publish","format-standard","has-post-thumbnail","hentry","category-http-turkiyemhaber-com-wp-content-uploads-2026-03-saray-59-haber-13-mart-pdf"],"_links":{"self":[{"href":"https:\/\/turkiyemhaber.com\/index.php?rest_route=\/wp\/v2\/posts\/437","targetHints":{"allow":["GET"]}}],"collection":[{"href":"https:\/\/turkiyemhaber.com\/index.php?rest_route=\/wp\/v2\/posts"}],"about":[{"href":"https:\/\/turkiyemhaber.com\/index.php?rest_route=\/wp\/v2\/types\/post"}],"author":[{"embeddable":true,"href":"https:\/\/turkiyemhaber.com\/index.php?rest_route=\/wp\/v2\/users\/1"}],"replies":[{"embeddable":true,"href":"https:\/\/turkiyemhaber.com\/index.php?rest_route=%2Fwp%2Fv2%2Fcomments&post=437"}],"version-history":[{"count":1,"href":"https:\/\/turkiyemhaber.com\/index.php?rest_route=\/wp\/v2\/posts\/437\/revisions"}],"predecessor-version":[{"id":440,"href":"https:\/\/turkiyemhaber.com\/index.php?rest_route=\/wp\/v2\/posts\/437\/revisions\/440"}],"wp:featuredmedia":[{"embeddable":true,"href":"https:\/\/turkiyemhaber.com\/index.php?rest_route=\/wp\/v2\/media\/439"}],"wp:attachment":[{"href":"https:\/\/turkiyemhaber.com\/index.php?rest_route=%2Fwp%2Fv2%2Fmedia&parent=437"}],"wp:term":[{"taxonomy":"category","embeddable":true,"href":"https:\/\/turkiyemhaber.com\/index.php?rest_route=%2Fwp%2Fv2%2Fcategories&post=437"},{"taxonomy":"post_tag","embeddable":true,"href":"https:\/\/turkiyemhaber.com\/index.php?rest_route=%2Fwp%2Fv2%2Ftags&post=437"}],"curies":[{"name":"wp","href":"https:\/\/api.w.org\/{rel}","templated":true}]}}