{"id":4367,"date":"2026-07-27T06:38:58","date_gmt":"2026-07-27T06:38:58","guid":{"rendered":"https:\/\/turkiyemhaber.com\/?p=4367"},"modified":"2026-07-27T06:39:03","modified_gmt":"2026-07-27T06:39:03","slug":"asagida-metin-internet-haber-sitesi-uslubuna-uygun-sekilde-yeniden-duzenlenmistir","status":"publish","type":"post","link":"https:\/\/turkiyemhaber.com\/?p=4367","title":{"rendered":"A\u015fa\u011f\u0131da metin, internet haber sitesi \u00fcslubuna uygun \u015fekilde yeniden d\u00fczenlenmi\u015ftir:"},"content":{"rendered":"\n<hr class=\"wp-block-separator has-alpha-channel-opacity\"\/>\n\n\n\n<h1 class=\"wp-block-heading\"><strong>K\u0131l\u0131\u00e7daro\u011flu Cephesinden Dikkat \u00c7eken Fezleke \u00c7\u0131k\u0131\u015f\u0131: &#8220;Ellerimiz Dokunulmazl\u0131klar\u0131n Kald\u0131r\u0131lmas\u0131 \u0130\u00e7in Kalkacak&#8221;<\/strong><\/h1>\n\n\n\n<p class=\"wp-block-paragraph\"><strong>ANKARA<\/strong> \u2013 T\u00fcrkiye B\u00fcy\u00fck Millet Meclisi&#8217;nin yeni yasama y\u0131l\u0131na haz\u0131rlanmas\u0131yla birlikte, milletvekillerine ait dokunulmazl\u0131k dosyalar\u0131 yeniden siyasi g\u00fcndemin merkezine oturdu. Meclis kulislerinde konu\u015fulan iddialara g\u00f6re, CHP eski Genel Ba\u015fkan\u0131 Kemal K\u0131l\u0131\u00e7daro\u011flu&#8217;na yak\u0131n isimler, fezlekelerin Genel Kurul&#8217;a gelmesi halinde dokunulmazl\u0131klar\u0131n kald\u0131r\u0131lmas\u0131 y\u00f6n\u00fcnde oy kullanacak.<\/p>\n\n\n\n<h2 class=\"wp-block-heading\"><strong>&#8220;Dokunulmazl\u0131k Z\u0131rh\u0131n\u0131n Arkas\u0131na Saklan\u0131lamaz&#8221;<\/strong><\/h2>\n\n\n\n<p class=\"wp-block-paragraph\">T\u00fcrkiye Gazetesi&#8217;nin haberine g\u00f6re, K\u0131l\u0131\u00e7daro\u011flu&#8217;na yak\u0131n kurmaylar, hakk\u0131nda iddia bulunan siyaset\u00e7ilerin yarg\u0131 \u00f6n\u00fcnde hesap vermesinin hukuk devleti ilkesinin gere\u011fi oldu\u011funu savunuyor.<\/p>\n\n\n\n<p class=\"wp-block-paragraph\">Kulis bilgilerine g\u00f6re s\u00f6z konusu isimler, milletvekili dokunulmazl\u0131\u011f\u0131n\u0131n yarg\u0131 s\u00fcrecinden tamamen muafiyet anlam\u0131na gelmemesi gerekti\u011fini belirterek \u015fu de\u011ferlendirmeyi yapt\u0131:<\/p>\n\n\n\n<blockquote class=\"wp-block-quote is-layout-flow wp-block-quote-is-layout-flow\">\n<p class=\"wp-block-paragraph\">&#8220;Dokunulmazl\u0131k z\u0131rh\u0131n\u0131n arkas\u0131na saklan\u0131lamaz. E\u011fer bir iddia varsa yarg\u0131n\u0131n \u00f6n\u00fcne \u00e7\u0131kmaktan korkulmamal\u0131. Fezlekeler g\u00fcndeme gelirse ellerimiz dokunulmazl\u0131klar\u0131n kald\u0131r\u0131lmas\u0131 i\u00e7in kalkacak.&#8221;<\/p>\n<\/blockquote>\n\n\n\n<h2 class=\"wp-block-heading\"><strong>G\u00f6zler Yeni Yasama Y\u0131l\u0131nda<\/strong><\/h2>\n\n\n\n<p class=\"wp-block-paragraph\">Meclis&#8217;te bekleyen fezlekelerin, Anayasa ve Adalet Komisyonu \u00fcyelerinden olu\u015fan Karma Komisyon&#8217;daki de\u011ferlendirme s\u00fcrecinin ard\u0131ndan TBMM Genel Kurulu&#8217;nun g\u00fcndemine gelmesi bekleniyor. Siyasi kulislerde, dosyalar\u0131n sonbaharda ba\u015flayacak yeni yasama d\u00f6neminde ele al\u0131nabilece\u011fi konu\u015fuluyor.<\/p>\n\n\n\n<h2 class=\"wp-block-heading\"><strong>\u00d6zg\u00fcr \u00d6zel Hakk\u0131nda 61 Fezleke \u0130ddias\u0131<\/strong><\/h2>\n\n\n\n<p class=\"wp-block-paragraph\">\u0130ddialara g\u00f6re, g\u00fcndeme gelmesi beklenen dosyalar aras\u0131nda Yeni Parti Genel Ba\u015fkan\u0131 \u00d6zg\u00fcr \u00d6zel&#8217;e ait toplam <strong>61 dokunulmazl\u0131k dosyas\u0131<\/strong> da bulunuyor.<\/p>\n\n\n\n<p class=\"wp-block-paragraph\">Ayr\u0131ca, Yeni Parti&#8217;nin kurulmas\u0131ndan \u00f6nce CHP&#8217;li milletvekillerine ait y\u00fczlerce fezlekenin TBMM kay\u0131tlar\u0131nda yer ald\u0131\u011f\u0131, parti de\u011fi\u015fikliklerinin ard\u0131ndan bu dosyalar\u0131n \u00f6nemli bir b\u00f6l\u00fcm\u00fcn\u00fcn Yeni Parti milletvekilleriyle ili\u015fkilendirildi\u011fi ifade ediliyor.<\/p>\n\n\n\n<p class=\"wp-block-paragraph\">Dokunulmazl\u0131k dosyalar\u0131n\u0131n Meclis g\u00fcndemine gelip gelmeyece\u011fi ve Genel Kurul&#8217;da nas\u0131l bir karar al\u0131naca\u011f\u0131 ise yeni yasama d\u00f6neminde netlik kazanacak.<\/p>\n\n\n\n<blockquote class=\"wp-block-quote is-layout-flow wp-block-quote-is-layout-flow\">\n<p class=\"wp-block-paragraph\"><strong>Not:<\/strong> Haberde yer alan bilgiler, T\u00fcrkiye Gazetesi&#8217;nde yer alan kulis iddialar\u0131na dayanmaktad\u0131r. S\u00f6z konusu iddialar hakk\u0131nda ilgili taraflardan yap\u0131lacak a\u00e7\u0131klamalar ve TBMM&#8217;deki resmi s\u00fcre\u00e7, geli\u015fmeler do\u011frultusunda takip edilecektir.<\/p>\n<\/blockquote>\n","protected":false},"excerpt":{"rendered":"<p>K\u0131l\u0131\u00e7daro\u011flu Cephesinden Dikkat \u00c7eken Fezleke \u00c7\u0131k\u0131\u015f\u0131: &#8220;Ellerimiz Dokunulmazl\u0131klar\u0131n Kald\u0131r\u0131lmas\u0131 \u0130\u00e7in Kalkacak&#8221; ANKARA \u2013 T\u00fcrkiye B\u00fcy\u00fck<\/p>\n","protected":false},"author":1,"featured_media":4368,"comment_status":"open","ping_status":"open","sticky":false,"template":"","format":"standard","meta":{"_rtcl_gb_attr":"","footnotes":""},"categories":[44],"tags":[],"class_list":["post-4367","post","type-post","status-publish","format-standard","has-post-thumbnail","hentry","category-politika"],"_links":{"self":[{"href":"https:\/\/turkiyemhaber.com\/index.php?rest_route=\/wp\/v2\/posts\/4367","targetHints":{"allow":["GET"]}}],"collection":[{"href":"https:\/\/turkiyemhaber.com\/index.php?rest_route=\/wp\/v2\/posts"}],"about":[{"href":"https:\/\/turkiyemhaber.com\/index.php?rest_route=\/wp\/v2\/types\/post"}],"author":[{"embeddable":true,"href":"https:\/\/turkiyemhaber.com\/index.php?rest_route=\/wp\/v2\/users\/1"}],"replies":[{"embeddable":true,"href":"https:\/\/turkiyemhaber.com\/index.php?rest_route=%2Fwp%2Fv2%2Fcomments&post=4367"}],"version-history":[{"count":1,"href":"https:\/\/turkiyemhaber.com\/index.php?rest_route=\/wp\/v2\/posts\/4367\/revisions"}],"predecessor-version":[{"id":4369,"href":"https:\/\/turkiyemhaber.com\/index.php?rest_route=\/wp\/v2\/posts\/4367\/revisions\/4369"}],"wp:featuredmedia":[{"embeddable":true,"href":"https:\/\/turkiyemhaber.com\/index.php?rest_route=\/wp\/v2\/media\/4368"}],"wp:attachment":[{"href":"https:\/\/turkiyemhaber.com\/index.php?rest_route=%2Fwp%2Fv2%2Fmedia&parent=4367"}],"wp:term":[{"taxonomy":"category","embeddable":true,"href":"https:\/\/turkiyemhaber.com\/index.php?rest_route=%2Fwp%2Fv2%2Fcategories&post=4367"},{"taxonomy":"post_tag","embeddable":true,"href":"https:\/\/turkiyemhaber.com\/index.php?rest_route=%2Fwp%2Fv2%2Ftags&post=4367"}],"curies":[{"name":"wp","href":"https:\/\/api.w.org\/{rel}","templated":true}]}}