{"id":4364,"date":"2026-07-26T18:51:33","date_gmt":"2026-07-26T18:51:33","guid":{"rendered":"https:\/\/turkiyemhaber.com\/?p=4364"},"modified":"2026-07-26T18:51:38","modified_gmt":"2026-07-26T18:51:38","slug":"tekirdag-milletvekili-faik-oztrak-chpnin-yeni-grup-baskani-secildi","status":"publish","type":"post","link":"https:\/\/turkiyemhaber.com\/?p=4364","title":{"rendered":"Tekirda\u011f Milletvekili Faik \u00d6ztrak, CHP&#8217;nin Yeni Grup Ba\u015fkan\u0131 Se\u00e7ildi"},"content":{"rendered":"\n<p class=\"wp-block-paragraph\"><strong>ANKARA<\/strong> \u2013 Cumhuriyet Halk Partisi&#8217;nde (CHP), \u00d6zg\u00fcr \u00d6zel&#8217;in partiden ayr\u0131larak Yeni Parti&#8217;yi kurmas\u0131n\u0131n ard\u0131ndan bo\u015falan Grup Ba\u015fkanl\u0131\u011f\u0131 g\u00f6revine Tekirda\u011f Milletvekili Faik \u00d6ztrak se\u00e7ildi.<\/p>\n\n\n\n<p class=\"wp-block-paragraph\">CHP Genel Ba\u015fkan\u0131 Kemal K\u0131l\u0131\u00e7daro\u011flu ba\u015fkanl\u0131\u011f\u0131nda milletvekilleriyle ger\u00e7ekle\u015ftirilen grup toplant\u0131s\u0131n\u0131n ard\u0131ndan yap\u0131lan se\u00e7imde, Tekirda\u011f Milletvekili Faik \u00d6ztrak ile Elaz\u0131\u011f Milletvekili G\u00fcrsel Erol Grup Ba\u015fkanl\u0131\u011f\u0131 i\u00e7in yar\u0131\u015ft\u0131.<\/p>\n\n\n\n<p class=\"wp-block-paragraph\">Se\u00e7imin ilk turunda G\u00fcrsel Erol 19, Faik \u00d6ztrak ise 18 oy ald\u0131. \u0130kinci turda dengeler de\u011fi\u015firken \u00d6ztrak 21, Erol ise 17 oy ald\u0131. \u0130kinci turun ard\u0131ndan G\u00fcrsel Erol&#8217;un adayl\u0131ktan \u00e7ekilmesi \u00fczerine Faik \u00d6ztrak, CHP&#8217;nin yeni Grup Ba\u015fkan\u0131 oldu.<\/p>\n\n\n\n<h2 class=\"wp-block-heading\">Grup Ba\u015fkanvekilleri de Belirlendi<\/h2>\n\n\n\n<p class=\"wp-block-paragraph\">Toplant\u0131da Grup Ba\u015fkanvekilli\u011fi g\u00f6revleri i\u00e7in de se\u00e7im ger\u00e7ekle\u015ftirildi. Bal\u0131kesir Milletvekili Serkan Sar\u0131, \u0130zmir Milletvekili Rahmi A\u015fk\u0131n T\u00fcreli, \u0130zmir Milletvekili Sevda Erdan K\u0131l\u0131\u00e7, Kars Milletvekili \u0130nan Akg\u00fcn Alp, K\u00fctahya Milletvekili Ali Faz\u0131l Kasap ve Ordu Milletvekili Mustafa Ad\u0131g\u00fczel&#8217;in aday oldu\u011fu se\u00e7im, d\u00f6rt tur s\u00fcrd\u00fc.<\/p>\n\n\n\n<p class=\"wp-block-paragraph\">Yap\u0131lan oylama sonucunda <strong>\u0130zmir Milletvekilleri Sevda Erdan K\u0131l\u0131\u00e7 ile Rahmi A\u015fk\u0131n T\u00fcreli CHP Grup Ba\u015fkanvekili<\/strong> olarak se\u00e7ildi. Bal\u0131kesir Milletvekili Serkan Sar\u0131 ise yedek grup ba\u015fkanvekili oldu.<\/p>\n\n\n\n<h2 class=\"wp-block-heading\">Alt\u0131 D\u00f6nemdir TBMM&#8217;de<\/h2>\n\n\n\n<p class=\"wp-block-paragraph\">Tekirda\u011f Milletvekili Faik \u00d6ztrak, T\u00fcrkiye B\u00fcy\u00fck Millet Meclisi&#8217;nde alt\u0131 d\u00f6nemdir g\u00f6rev yap\u0131yor. Parti y\u00f6netiminde uzun y\u0131llard\u0131r \u00f6nemli g\u00f6revler \u00fcstlenen \u00d6ztrak, \u00f6nceki d\u00f6nemde CHP Parti S\u00f6zc\u00fcl\u00fc\u011f\u00fc g\u00f6revini y\u00fcr\u00fctm\u00fc\u015f ve ekonomi politikalar\u0131 ba\u015fta olmak \u00fczere bir\u00e7ok konuda partiyi temsil etmi\u015fti.<\/p>\n\n\n\n<p class=\"wp-block-paragraph\">Faik \u00d6ztrak&#8217;\u0131n Grup Ba\u015fkanl\u0131\u011f\u0131 g\u00f6revine se\u00e7ilmesiyle birlikte CHP&#8217;nin TBMM&#8217;deki yeni grup y\u00f6netimi de \u015fekillenmi\u015f oldu.<\/p>\n","protected":false},"excerpt":{"rendered":"<p>ANKARA \u2013 Cumhuriyet Halk Partisi&#8217;nde (CHP), \u00d6zg\u00fcr \u00d6zel&#8217;in partiden ayr\u0131larak Yeni Parti&#8217;yi kurmas\u0131n\u0131n ard\u0131ndan bo\u015falan<\/p>\n","protected":false},"author":1,"featured_media":4365,"comment_status":"open","ping_status":"open","sticky":false,"template":"","format":"standard","meta":{"_rtcl_gb_attr":"","footnotes":""},"categories":[44],"tags":[],"class_list":["post-4364","post","type-post","status-publish","format-standard","has-post-thumbnail","hentry","category-politika"],"_links":{"self":[{"href":"https:\/\/turkiyemhaber.com\/index.php?rest_route=\/wp\/v2\/posts\/4364","targetHints":{"allow":["GET"]}}],"collection":[{"href":"https:\/\/turkiyemhaber.com\/index.php?rest_route=\/wp\/v2\/posts"}],"about":[{"href":"https:\/\/turkiyemhaber.com\/index.php?rest_route=\/wp\/v2\/types\/post"}],"author":[{"embeddable":true,"href":"https:\/\/turkiyemhaber.com\/index.php?rest_route=\/wp\/v2\/users\/1"}],"replies":[{"embeddable":true,"href":"https:\/\/turkiyemhaber.com\/index.php?rest_route=%2Fwp%2Fv2%2Fcomments&post=4364"}],"version-history":[{"count":1,"href":"https:\/\/turkiyemhaber.com\/index.php?rest_route=\/wp\/v2\/posts\/4364\/revisions"}],"predecessor-version":[{"id":4366,"href":"https:\/\/turkiyemhaber.com\/index.php?rest_route=\/wp\/v2\/posts\/4364\/revisions\/4366"}],"wp:featuredmedia":[{"embeddable":true,"href":"https:\/\/turkiyemhaber.com\/index.php?rest_route=\/wp\/v2\/media\/4365"}],"wp:attachment":[{"href":"https:\/\/turkiyemhaber.com\/index.php?rest_route=%2Fwp%2Fv2%2Fmedia&parent=4364"}],"wp:term":[{"taxonomy":"category","embeddable":true,"href":"https:\/\/turkiyemhaber.com\/index.php?rest_route=%2Fwp%2Fv2%2Fcategories&post=4364"},{"taxonomy":"post_tag","embeddable":true,"href":"https:\/\/turkiyemhaber.com\/index.php?rest_route=%2Fwp%2Fv2%2Ftags&post=4364"}],"curies":[{"name":"wp","href":"https:\/\/api.w.org\/{rel}","templated":true}]}}