{"id":4361,"date":"2026-07-26T18:49:00","date_gmt":"2026-07-26T18:49:00","guid":{"rendered":"https:\/\/turkiyemhaber.com\/?p=4361"},"modified":"2026-07-26T18:49:06","modified_gmt":"2026-07-26T18:49:06","slug":"tekirdagda-geri-donusum-tesisinde-korkutan-yangin","status":"publish","type":"post","link":"https:\/\/turkiyemhaber.com\/?p=4361","title":{"rendered":"Tekirda\u011f&#8217;da Geri D\u00f6n\u00fc\u015f\u00fcm Tesisinde Korkutan Yang\u0131n"},"content":{"rendered":"\n<p class=\"wp-block-paragraph\"><strong>TEK\u0130RDA\u011e<\/strong> \u2013 Tekirda\u011f&#8217;\u0131n Ergene il\u00e7esinde faaliyet g\u00f6steren bir geri d\u00f6n\u00fc\u015f\u00fcm tesisinde \u00e7\u0131kan yang\u0131n, itfaiye ekiplerinin yakla\u015f\u0131k bir saat s\u00fcren yo\u011fun m\u00fcdahalesinin ard\u0131ndan kontrol alt\u0131na al\u0131narak s\u00f6nd\u00fcr\u00fcld\u00fc. Yang\u0131nda can kayb\u0131 ya da yaralanma ya\u015fanmazken, tesis b\u00fcy\u00fck \u00e7apta hasar g\u00f6rerek kullan\u0131lamaz hale geldi.<\/p>\n\n\n\n<p class=\"wp-block-paragraph\">Yang\u0131n, saat 16.30 s\u0131ralar\u0131nda Ergene il\u00e7esine ba\u011fl\u0131 Sa\u011fl\u0131k Mahallesi&#8217;nde, Edirne yolu \u00fczerinde bulunan geri d\u00f6n\u00fc\u015f\u00fcm tesisinde meydana geldi. Hen\u00fcz belirlenemeyen bir nedenle ba\u015flayan yang\u0131n, tesiste bulunan geri d\u00f6n\u00fc\u015f\u00fcm malzemelerinin de etkisiyle k\u0131sa s\u00fcrede b\u00fcy\u00fcyerek t\u00fcm i\u015f yerini sard\u0131.<\/p>\n\n\n\n<p class=\"wp-block-paragraph\">Yo\u011fun duman\u0131 ve alevleri fark eden \u00e7al\u0131\u015fanlar durumu 112 Acil \u00c7a\u011fr\u0131 Merkezi&#8217;ne bildirdi. \u0130hbar \u00fczerine olay yerine polis, jandarma, sa\u011fl\u0131k ekipleri ile \u00e7evre il\u00e7elerden \u00e7ok say\u0131da itfaiye ekibi sevk edildi.<\/p>\n\n\n\n<p class=\"wp-block-paragraph\">R\u00fczgar\u0131n da etkisiyle alevler, tesis \u00f6n\u00fcnde bulunan geri d\u00f6n\u00fc\u015f\u00fcm at\u0131klar\u0131na s\u0131\u00e7rayarak yang\u0131n\u0131n daha geni\u015f bir alana yay\u0131lmas\u0131na neden oldu. \u0130tfaiye ekipleri, yang\u0131n\u0131n \u00e7evredeki i\u015f yerlerine s\u0131\u00e7ramamas\u0131 i\u00e7in yo\u011fun \u00e7aba harcad\u0131.<\/p>\n\n\n\n<p class=\"wp-block-paragraph\">Yakla\u015f\u0131k bir saat s\u00fcren m\u00fcdahalenin ard\u0131ndan yang\u0131n kontrol alt\u0131na al\u0131narak s\u00f6nd\u00fcr\u00fcl\u00fcrken, ekipler olas\u0131 yeniden alevlenmelere kar\u015f\u0131 b\u00f6lgede uzun s\u00fcre so\u011futma \u00e7al\u0131\u015fmas\u0131 ger\u00e7ekle\u015ftirdi.<\/p>\n\n\n\n<p class=\"wp-block-paragraph\">Yang\u0131nda tesis tamamen kullan\u0131lamaz hale gelirken, ilk belirlemelere g\u00f6re olayda can kayb\u0131 veya yaralanma ya\u015fanmad\u0131.<\/p>\n\n\n\n<p class=\"wp-block-paragraph\">Polis, jandarma ve itfaiye ekipleri, yang\u0131n\u0131n \u00e7\u0131k\u0131\u015f nedeninin belirlenmesi amac\u0131yla olay yerinde detayl\u0131 inceleme ba\u015flatt\u0131. Yang\u0131n\u0131n kesin \u00e7\u0131k\u0131\u015f sebebinin yap\u0131lacak teknik incelemenin ard\u0131ndan netlik kazanaca\u011f\u0131 bildirildi.<\/p>\n","protected":false},"excerpt":{"rendered":"<p>TEK\u0130RDA\u011e \u2013 Tekirda\u011f&#8217;\u0131n Ergene il\u00e7esinde faaliyet g\u00f6steren bir geri d\u00f6n\u00fc\u015f\u00fcm tesisinde \u00e7\u0131kan yang\u0131n, itfaiye ekiplerinin<\/p>\n","protected":false},"author":1,"featured_media":4362,"comment_status":"open","ping_status":"open","sticky":false,"template":"","format":"standard","meta":{"_rtcl_gb_attr":"","footnotes":""},"categories":[1],"tags":[],"class_list":["post-4361","post","type-post","status-publish","format-standard","has-post-thumbnail","hentry","category-http-turkiyemhaber-com-wp-content-uploads-2026-03-saray-59-haber-13-mart-pdf"],"_links":{"self":[{"href":"https:\/\/turkiyemhaber.com\/index.php?rest_route=\/wp\/v2\/posts\/4361","targetHints":{"allow":["GET"]}}],"collection":[{"href":"https:\/\/turkiyemhaber.com\/index.php?rest_route=\/wp\/v2\/posts"}],"about":[{"href":"https:\/\/turkiyemhaber.com\/index.php?rest_route=\/wp\/v2\/types\/post"}],"author":[{"embeddable":true,"href":"https:\/\/turkiyemhaber.com\/index.php?rest_route=\/wp\/v2\/users\/1"}],"replies":[{"embeddable":true,"href":"https:\/\/turkiyemhaber.com\/index.php?rest_route=%2Fwp%2Fv2%2Fcomments&post=4361"}],"version-history":[{"count":1,"href":"https:\/\/turkiyemhaber.com\/index.php?rest_route=\/wp\/v2\/posts\/4361\/revisions"}],"predecessor-version":[{"id":4363,"href":"https:\/\/turkiyemhaber.com\/index.php?rest_route=\/wp\/v2\/posts\/4361\/revisions\/4363"}],"wp:featuredmedia":[{"embeddable":true,"href":"https:\/\/turkiyemhaber.com\/index.php?rest_route=\/wp\/v2\/media\/4362"}],"wp:attachment":[{"href":"https:\/\/turkiyemhaber.com\/index.php?rest_route=%2Fwp%2Fv2%2Fmedia&parent=4361"}],"wp:term":[{"taxonomy":"category","embeddable":true,"href":"https:\/\/turkiyemhaber.com\/index.php?rest_route=%2Fwp%2Fv2%2Fcategories&post=4361"},{"taxonomy":"post_tag","embeddable":true,"href":"https:\/\/turkiyemhaber.com\/index.php?rest_route=%2Fwp%2Fv2%2Ftags&post=4361"}],"curies":[{"name":"wp","href":"https:\/\/api.w.org\/{rel}","templated":true}]}}