{"id":4358,"date":"2026-07-26T18:44:32","date_gmt":"2026-07-26T18:44:32","guid":{"rendered":"https:\/\/turkiyemhaber.com\/?p=4358"},"modified":"2026-07-26T18:44:36","modified_gmt":"2026-07-26T18:44:36","slug":"tekirdagda-ari-sokmasi-can-aldi-29-yasindaki-melih-ertekin-yasamini-yitirdi","status":"publish","type":"post","link":"https:\/\/turkiyemhaber.com\/?p=4358","title":{"rendered":"Tekirda\u011f&#8217;da Ar\u0131 Sokmas\u0131 Can Ald\u0131: 29 Ya\u015f\u0131ndaki Melih Ertekin Ya\u015fam\u0131n\u0131 Yitirdi"},"content":{"rendered":"\n<p class=\"wp-block-paragraph\"><strong>TEK\u0130RDA\u011e<\/strong> \u2013 Tekirda\u011f&#8217;\u0131n Saray il\u00e7esinde meydana gelen \u00fcz\u00fcc\u00fc olayda, ar\u0131 sokmas\u0131 sonucu fenala\u015fan 29 ya\u015f\u0131ndaki Melih Ertekin, tedavi g\u00f6rd\u00fc\u011f\u00fc hastanede ya\u015fam\u0131n\u0131 yitirdi.<\/p>\n\n\n\n<p class=\"wp-block-paragraph\">Edinilen bilgilere g\u00f6re, Saray il\u00e7esinde kasap ve lokanta i\u015fletmecili\u011fi yapan Melih Ertekin, iki g\u00fcn \u00f6nce G\u00fcng\u00f6rmez Mahallesi&#8217;nde bulunan kendisine ait ah\u0131rda hayvanlar\u0131n\u0131n bak\u0131m\u0131n\u0131 yapt\u0131\u011f\u0131 s\u0131rada ar\u0131 sokmas\u0131na maruz kald\u0131. \u0130ddiaya g\u00f6re ar\u0131n\u0131n Ertekin&#8217;i \u015fah damar\u0131na yak\u0131n bir b\u00f6lgeden sokmas\u0131n\u0131n ard\u0131ndan gen\u00e7 i\u015fletmeci k\u0131sa s\u00fcre i\u00e7erisinde fenala\u015ft\u0131.<\/p>\n\n\n\n<p class=\"wp-block-paragraph\">Durumu fark eden yak\u0131nlar\u0131 taraf\u0131ndan ilk olarak Saray Devlet Hastanesi&#8217;ne kald\u0131r\u0131lan Melih Ertekin, burada acil serviste tedavi alt\u0131na al\u0131nd\u0131. Hastanede bir g\u00fcn boyunca g\u00f6zetim alt\u0131nda tutulan Ertekin&#8217;in sa\u011fl\u0131k durumunun a\u011f\u0131rla\u015fmas\u0131 \u00fczerine \u00c7erkezk\u00f6y Devlet Hastanesi&#8217;ne sevk edilmesine karar verildi.<\/p>\n\n\n\n<p class=\"wp-block-paragraph\">\u00c7erkezk\u00f6y Devlet Hastanesi Yo\u011fun Bak\u0131m \u00dcnitesi&#8217;nde tedavisine devam edilen Ertekin i\u00e7in doktorlar seferber oldu. Ancak yap\u0131lan t\u00fcm m\u00fcdahalelere ra\u011fmen gen\u00e7 adam kurtar\u0131lamayarak hayat\u0131n\u0131 kaybetti.<\/p>\n\n\n\n<p class=\"wp-block-paragraph\">Saray&#8217;da uzun y\u0131llard\u0131r kasapl\u0131k ve lokanta i\u015fletmecili\u011fi yapt\u0131\u011f\u0131 \u00f6\u011frenilen Melih Ertekin&#8217;in vefat haberi, ailesi, yak\u0131nlar\u0131 ve il\u00e7e halk\u0131n\u0131 yasa bo\u011fdu. Gen\u00e7 ya\u015fta hayat\u0131n\u0131 kaybeden Ertekin&#8217;in \u00f6l\u00fcm\u00fc b\u00fcy\u00fck \u00fcz\u00fcnt\u00fc yarat\u0131rken, cenaze program\u0131na ili\u015fkin bilgilerin ailesi taraf\u0131ndan daha sonra payla\u015f\u0131laca\u011f\u0131 \u00f6\u011frenildi.<\/p>\n\n\n\n<p class=\"wp-block-paragraph\">\u00d6te yandan uzmanlar, \u00f6zellikle ar\u0131 alerjisi bulunan vatanda\u015flar\u0131n ar\u0131 sokmalar\u0131n\u0131 hafife almamalar\u0131 gerekti\u011fine dikkat \u00e7ekerek, nefes darl\u0131\u011f\u0131, bayg\u0131nl\u0131k, yayg\u0131n \u015fi\u015flik ve bilin\u00e7 kayb\u0131 gibi belirtilerin g\u00f6r\u00fclmesi halinde vakit kaybetmeden en yak\u0131n sa\u011fl\u0131k kurulu\u015funa ba\u015fvurulmas\u0131 gerekti\u011fini belirtiyor.<\/p>\n\n\n\n<p class=\"wp-block-paragraph\">Olayla ilgili gerekli resmi i\u015flemler s\u00fcr\u00fcyor.<\/p>\n","protected":false},"excerpt":{"rendered":"<p>TEK\u0130RDA\u011e \u2013 Tekirda\u011f&#8217;\u0131n Saray il\u00e7esinde meydana gelen \u00fcz\u00fcc\u00fc olayda, ar\u0131 sokmas\u0131 sonucu fenala\u015fan 29 ya\u015f\u0131ndaki<\/p>\n","protected":false},"author":1,"featured_media":4359,"comment_status":"open","ping_status":"open","sticky":false,"template":"","format":"standard","meta":{"_rtcl_gb_attr":"","footnotes":""},"categories":[1],"tags":[],"class_list":["post-4358","post","type-post","status-publish","format-standard","has-post-thumbnail","hentry","category-http-turkiyemhaber-com-wp-content-uploads-2026-03-saray-59-haber-13-mart-pdf"],"_links":{"self":[{"href":"https:\/\/turkiyemhaber.com\/index.php?rest_route=\/wp\/v2\/posts\/4358","targetHints":{"allow":["GET"]}}],"collection":[{"href":"https:\/\/turkiyemhaber.com\/index.php?rest_route=\/wp\/v2\/posts"}],"about":[{"href":"https:\/\/turkiyemhaber.com\/index.php?rest_route=\/wp\/v2\/types\/post"}],"author":[{"embeddable":true,"href":"https:\/\/turkiyemhaber.com\/index.php?rest_route=\/wp\/v2\/users\/1"}],"replies":[{"embeddable":true,"href":"https:\/\/turkiyemhaber.com\/index.php?rest_route=%2Fwp%2Fv2%2Fcomments&post=4358"}],"version-history":[{"count":1,"href":"https:\/\/turkiyemhaber.com\/index.php?rest_route=\/wp\/v2\/posts\/4358\/revisions"}],"predecessor-version":[{"id":4360,"href":"https:\/\/turkiyemhaber.com\/index.php?rest_route=\/wp\/v2\/posts\/4358\/revisions\/4360"}],"wp:featuredmedia":[{"embeddable":true,"href":"https:\/\/turkiyemhaber.com\/index.php?rest_route=\/wp\/v2\/media\/4359"}],"wp:attachment":[{"href":"https:\/\/turkiyemhaber.com\/index.php?rest_route=%2Fwp%2Fv2%2Fmedia&parent=4358"}],"wp:term":[{"taxonomy":"category","embeddable":true,"href":"https:\/\/turkiyemhaber.com\/index.php?rest_route=%2Fwp%2Fv2%2Fcategories&post=4358"},{"taxonomy":"post_tag","embeddable":true,"href":"https:\/\/turkiyemhaber.com\/index.php?rest_route=%2Fwp%2Fv2%2Ftags&post=4358"}],"curies":[{"name":"wp","href":"https:\/\/api.w.org\/{rel}","templated":true}]}}