{"id":4347,"date":"2026-07-26T12:57:31","date_gmt":"2026-07-26T12:57:31","guid":{"rendered":"https:\/\/turkiyemhaber.com\/?p=4347"},"modified":"2026-07-26T12:58:12","modified_gmt":"2026-07-26T12:58:12","slug":"kilicdaroglundan-salonu-ayaga-kaldiran-sozler-yolsuzluk-yapmak-istiyorsan-partiden-cikacaksin","status":"publish","type":"post","link":"https:\/\/turkiyemhaber.com\/?p=4347","title":{"rendered":"K\u0131l\u0131\u00e7daro\u011flu&#8217;ndan Salonu Aya\u011fa Kald\u0131ran S\u00f6zler: &#8220;Yolsuzluk Yapmak \u0130stiyorsan Partiden \u00c7\u0131kacaks\u0131n&#8221;"},"content":{"rendered":"\n<p class=\"wp-block-paragraph\"><strong>\u0130STANBUL<\/strong> \u2013 CHP Genel Ba\u015fkan\u0131 Kemal K\u0131l\u0131\u00e7daro\u011flu, CHP \u0130stanbul \u0130l Ba\u015fkanl\u0131\u011f\u0131&#8217;n\u0131n d\u00fczenledi\u011fi \u00fcye kat\u0131l\u0131m t\u00f6reninde yapt\u0131\u011f\u0131 konu\u015fmada parti i\u00e7inde yolsuzlu\u011fa kar\u015f\u0131 taviz verilmeyece\u011fini s\u00f6yledi. K\u0131l\u0131\u00e7daro\u011flu&#8217;nun a\u00e7\u0131klamalar\u0131 salonda uzun s\u00fcre alk\u0131\u015fland\u0131.<\/p>\n\n\n\n<figure class=\"wp-block-video\"><video height=\"1080\" style=\"aspect-ratio: 1920 \/ 1080;\" width=\"1920\" controls src=\"https:\/\/turkiyemhaber.com\/wp-content\/uploads\/2026\/07\/Kendi-tarzini-belirle.mp4\"><\/video><\/figure>\n\n\n\n<p class=\"wp-block-paragraph\">&#8216;Mutlak butlan&#8217; karar\u0131 sonras\u0131 yeniden genel ba\u015fkanl\u0131k g\u00f6revine getirilen Kemal K\u0131l\u0131\u00e7daro\u011flu, CHP \u0130stanbul \u0130l Ba\u015fkan\u0131 G\u00fcrsel Tekin&#8217;in ev sahipli\u011finde ger\u00e7ekle\u015ftirilen \u00fcye kat\u0131l\u0131m t\u00f6reninde partililere hitap etti.<\/p>\n\n\n\n<figure class=\"wp-block-image size-full\"><img loading=\"lazy\" decoding=\"async\" width=\"640\" height=\"436\" src=\"https:\/\/turkiyemhaber.com\/wp-content\/uploads\/2026\/07\/kilicdaroglundan-salonu-ayaga-20087350-8543_1_m-1.webp\" alt=\"\" class=\"wp-image-4349\" srcset=\"https:\/\/turkiyemhaber.com\/wp-content\/uploads\/2026\/07\/kilicdaroglundan-salonu-ayaga-20087350-8543_1_m-1.webp 640w, https:\/\/turkiyemhaber.com\/wp-content\/uploads\/2026\/07\/kilicdaroglundan-salonu-ayaga-20087350-8543_1_m-1-300x204.webp 300w, https:\/\/turkiyemhaber.com\/wp-content\/uploads\/2026\/07\/kilicdaroglundan-salonu-ayaga-20087350-8543_1_m-1-18x12.webp 18w\" sizes=\"auto, (max-width: 640px) 100vw, 640px\" \/><\/figure>\n\n\n\n<h3 class=\"wp-block-heading\">&#8220;Yolsuzluk Yapan\u0131n CHP&#8217;de Yeri Yok&#8221;<\/h3>\n\n\n\n<p class=\"wp-block-paragraph\">Konu\u015fmas\u0131nda parti i\u00e7inde temiz siyaset anlay\u0131\u015f\u0131na vurgu yapan K\u0131l\u0131\u00e7daro\u011flu, \u015fu ifadeleri kulland\u0131:<\/p>\n\n\n\n<blockquote class=\"wp-block-quote is-layout-flow wp-block-quote-is-layout-flow\">\n<p class=\"wp-block-paragraph\">&#8220;Hi\u00e7bir Cumhuriyet Halk Partili yolsuzluk yapanlarla yan yana duramaz. E\u011fer yolsuzluk yapmak, mal\u0131 g\u00f6t\u00fcrmek istiyorsan derhal partinin d\u0131\u015f\u0131na \u00e7\u0131kacaks\u0131n.&#8221;<\/p>\n<\/blockquote>\n\n\n\n<p class=\"wp-block-paragraph\">K\u0131l\u0131\u00e7daro\u011flu&#8217;nun bu s\u00f6zleri salondaki partililer taraf\u0131ndan ayakta alk\u0131\u015fland\u0131.<\/p>\n\n\n\n<figure class=\"wp-block-image size-full\"><img loading=\"lazy\" decoding=\"async\" width=\"640\" height=\"472\" src=\"https:\/\/turkiyemhaber.com\/wp-content\/uploads\/2026\/07\/kilicdaroglundan-salonu-ayaga-20087350-5689_1_m-1.webp\" alt=\"\" class=\"wp-image-4351\" srcset=\"https:\/\/turkiyemhaber.com\/wp-content\/uploads\/2026\/07\/kilicdaroglundan-salonu-ayaga-20087350-5689_1_m-1.webp 640w, https:\/\/turkiyemhaber.com\/wp-content\/uploads\/2026\/07\/kilicdaroglundan-salonu-ayaga-20087350-5689_1_m-1-300x221.webp 300w, https:\/\/turkiyemhaber.com\/wp-content\/uploads\/2026\/07\/kilicdaroglundan-salonu-ayaga-20087350-5689_1_m-1-16x12.webp 16w\" sizes=\"auto, (max-width: 640px) 100vw, 640px\" \/><\/figure>\n\n\n\n<h3 class=\"wp-block-heading\">&#8220;Ar\u0131nma B\u00fcy\u00fck \u00d6l\u00e7\u00fcde Ger\u00e7ekle\u015fti&#8221;<\/h3>\n\n\n\n<p class=\"wp-block-paragraph\">Konu\u015fmas\u0131nda CHP&#8217;nin k\u00f6kl\u00fc bir parti oldu\u011funu vurgulayan K\u0131l\u0131\u00e7daro\u011flu, parti i\u00e7inde ya\u015fanan de\u011fi\u015fim s\u00fcrecine de de\u011finerek \u015fu de\u011ferlendirmede bulundu:<\/p>\n\n\n\n<blockquote class=\"wp-block-quote is-layout-flow wp-block-quote-is-layout-flow\">\n<p class=\"wp-block-paragraph\">&#8220;Cumhuriyet Halk Partisi ar\u0131nmak zorunda olan bir partidir. Neyse \u00e7ok \u015f\u00fck\u00fcr o da b\u00fcy\u00fck \u00f6l\u00e7\u00fcde ger\u00e7ekle\u015fti.&#8221;<\/p>\n<\/blockquote>\n\n\n\n<figure class=\"wp-block-image size-full\"><img loading=\"lazy\" decoding=\"async\" width=\"372\" height=\"209\" src=\"https:\/\/turkiyemhaber.com\/wp-content\/uploads\/2026\/07\/kilicdaroglundan-salonu-ayaga-kaldiran-sozler_6a973f3dcc_amp.jpg\" alt=\"\" class=\"wp-image-4352\" srcset=\"https:\/\/turkiyemhaber.com\/wp-content\/uploads\/2026\/07\/kilicdaroglundan-salonu-ayaga-kaldiran-sozler_6a973f3dcc_amp.jpg 372w, https:\/\/turkiyemhaber.com\/wp-content\/uploads\/2026\/07\/kilicdaroglundan-salonu-ayaga-kaldiran-sozler_6a973f3dcc_amp-300x169.jpg 300w, https:\/\/turkiyemhaber.com\/wp-content\/uploads\/2026\/07\/kilicdaroglundan-salonu-ayaga-kaldiran-sozler_6a973f3dcc_amp-18x10.jpg 18w\" sizes=\"auto, (max-width: 372px) 100vw, 372px\" \/><\/figure>\n\n\n\n<h3 class=\"wp-block-heading\">\u00d6nceki A\u00e7\u0131klamas\u0131n\u0131 Hat\u0131rlatt\u0131<\/h3>\n\n\n\n<p class=\"wp-block-paragraph\">K\u0131l\u0131\u00e7daro\u011flu, 13 Temmuz&#8217;da kat\u0131ld\u0131\u011f\u0131 bir televizyon program\u0131nda da parti i\u00e7indeki tart\u0131\u015fmalara ili\u015fkin de\u011ferlendirmelerde bulunmu\u015f, parti i\u00e7inde m\u00fccadelenin s\u00fcrd\u00fcr\u00fclmesi gerekti\u011fini belirterek \u015fu ifadeleri kullanm\u0131\u015ft\u0131:<\/p>\n\n\n\n<blockquote class=\"wp-block-quote is-layout-flow wp-block-quote-is-layout-flow\">\n<p class=\"wp-block-paragraph\">&#8220;Partiden ayr\u0131lmaya gerek yok. Gerekirse parti i\u00e7inde m\u00fccadele etsin ama paralel yap\u0131 olmaz.&#8221;<\/p>\n<\/blockquote>\n\n\n\n<p class=\"wp-block-paragraph\">K\u0131l\u0131\u00e7daro\u011flu&#8217;nun son a\u00e7\u0131klamalar\u0131, CHP&#8217;de ya\u015fanan geli\u015fmeler ve parti i\u00e7indeki tart\u0131\u015fmalar a\u00e7\u0131s\u0131ndan dikkat \u00e7eken mesajlar olarak de\u011ferlendirildi.<\/p>\n","protected":false},"excerpt":{"rendered":"<p>\u0130STANBUL \u2013 CHP Genel Ba\u015fkan\u0131 Kemal K\u0131l\u0131\u00e7daro\u011flu, CHP \u0130stanbul \u0130l Ba\u015fkanl\u0131\u011f\u0131&#8217;n\u0131n d\u00fczenledi\u011fi \u00fcye kat\u0131l\u0131m t\u00f6reninde<\/p>\n","protected":false},"author":1,"featured_media":4348,"comment_status":"open","ping_status":"open","sticky":false,"template":"","format":"standard","meta":{"_rtcl_gb_attr":"","footnotes":""},"categories":[44],"tags":[],"class_list":["post-4347","post","type-post","status-publish","format-standard","has-post-thumbnail","hentry","category-politika"],"_links":{"self":[{"href":"https:\/\/turkiyemhaber.com\/index.php?rest_route=\/wp\/v2\/posts\/4347","targetHints":{"allow":["GET"]}}],"collection":[{"href":"https:\/\/turkiyemhaber.com\/index.php?rest_route=\/wp\/v2\/posts"}],"about":[{"href":"https:\/\/turkiyemhaber.com\/index.php?rest_route=\/wp\/v2\/types\/post"}],"author":[{"embeddable":true,"href":"https:\/\/turkiyemhaber.com\/index.php?rest_route=\/wp\/v2\/users\/1"}],"replies":[{"embeddable":true,"href":"https:\/\/turkiyemhaber.com\/index.php?rest_route=%2Fwp%2Fv2%2Fcomments&post=4347"}],"version-history":[{"count":1,"href":"https:\/\/turkiyemhaber.com\/index.php?rest_route=\/wp\/v2\/posts\/4347\/revisions"}],"predecessor-version":[{"id":4353,"href":"https:\/\/turkiyemhaber.com\/index.php?rest_route=\/wp\/v2\/posts\/4347\/revisions\/4353"}],"wp:featuredmedia":[{"embeddable":true,"href":"https:\/\/turkiyemhaber.com\/index.php?rest_route=\/wp\/v2\/media\/4348"}],"wp:attachment":[{"href":"https:\/\/turkiyemhaber.com\/index.php?rest_route=%2Fwp%2Fv2%2Fmedia&parent=4347"}],"wp:term":[{"taxonomy":"category","embeddable":true,"href":"https:\/\/turkiyemhaber.com\/index.php?rest_route=%2Fwp%2Fv2%2Fcategories&post=4347"},{"taxonomy":"post_tag","embeddable":true,"href":"https:\/\/turkiyemhaber.com\/index.php?rest_route=%2Fwp%2Fv2%2Ftags&post=4347"}],"curies":[{"name":"wp","href":"https:\/\/api.w.org\/{rel}","templated":true}]}}