{"id":4341,"date":"2026-07-26T12:44:13","date_gmt":"2026-07-26T12:44:13","guid":{"rendered":"https:\/\/turkiyemhaber.com\/?p=4341"},"modified":"2026-07-26T12:44:18","modified_gmt":"2026-07-26T12:44:18","slug":"fatih-erbakan-uye-sayimiz-705-bine-ulasti","status":"publish","type":"post","link":"https:\/\/turkiyemhaber.com\/?p=4341","title":{"rendered":"Fatih Erbakan: &#8220;\u00dcye Say\u0131m\u0131z 705 Bine Ula\u015ft\u0131&#8221;"},"content":{"rendered":"\n<p class=\"wp-block-paragraph\"><strong>\u00c7ANAKKALE<\/strong> \u2013 Yeniden Refah Partisi Genel Ba\u015fkan\u0131 Fatih Erbakan, \u00c7anakkale&#8217;nin Biga ve \u00c7an il\u00e7elerinde partililer ve vatanda\u015flarla bir araya geldi. Erbakan, partisinin \u00fcye say\u0131s\u0131n\u0131n <strong>705 bine ula\u015ft\u0131\u011f\u0131n\u0131<\/strong> belirterek, \u00c7anakkale&#8217;den milletvekili \u00e7\u0131karma hedefini a\u00e7\u0131klad\u0131.<\/p>\n\n\n\n<p class=\"wp-block-paragraph\">Yeniden Refah Partisi \u00c7anakkale \u0130l Ba\u015fkanl\u0131\u011f\u0131 taraf\u0131ndan Biga il\u00e7esine ba\u011fl\u0131 Dikmen k\u00f6y\u00fcndeki piknik alan\u0131nda d\u00fczenlenen \u0130l Divan Toplant\u0131s\u0131&#8217;nda konu\u015fan Erbakan, te\u015fkilat \u00e7al\u0131\u015fmalar\u0131n\u0131n \u00fclke genelinde h\u0131z kesmeden s\u00fcrd\u00fc\u011f\u00fcn\u00fc s\u00f6yledi.<\/p>\n\n\n\n<p class=\"wp-block-paragraph\">Partilerinin b\u00fcy\u00fcmeye devam etti\u011fini ifade eden Erbakan, <strong>\u00fcye say\u0131s\u0131n\u0131n bug\u00fcn itibar\u0131yla 705 bine ula\u015ft\u0131\u011f\u0131n\u0131<\/strong> belirtti.<\/p>\n\n\n\n<h3 class=\"wp-block-heading\">&#8220;\u00c7anakkale&#8217;den Milletvekili \u00c7\u0131karaca\u011f\u0131z&#8221;<\/h3>\n\n\n\n<p class=\"wp-block-paragraph\">\u00c7anakkale te\u015fkilat\u0131n\u0131n \u00e7al\u0131\u015fmalar\u0131n\u0131 de\u011ferlendiren Erbakan, kentte \u00fcye say\u0131s\u0131n\u0131n her ge\u00e7en g\u00fcn artt\u0131\u011f\u0131n\u0131 dile getirerek \u015fu ifadeleri kulland\u0131:<\/p>\n\n\n\n<blockquote class=\"wp-block-quote is-layout-flow wp-block-quote-is-layout-flow\">\n<p class=\"wp-block-paragraph\">&#8220;\u0130n\u015fallah bu h\u0131zla \u00e7al\u0131\u015fmaya devam edersek Milli G\u00f6r\u00fc\u015f ve Cumhuriyet tarihinde bir ilk olmak \u00fczere \u00c7anakkale&#8217;den Milli G\u00f6r\u00fc\u015f&#8217;\u00fcn milletvekilini \u00e7\u0131kartaca\u011f\u0131z ve T\u00fcrkiye B\u00fcy\u00fck Millet Meclisi&#8217;ne g\u00f6nderece\u011fiz Allah&#8217;\u0131n izniyle. \u0130n\u015fallah \u00c7anakkale te\u015fkilatlar\u0131m\u0131z olarak bunu yapmaya muvaffak olacaks\u0131n\u0131z. Buna inan\u0131yoruz.&#8221;<\/p>\n<\/blockquote>\n\n\n\n<h3 class=\"wp-block-heading\">Vatanda\u015flarla Bulu\u015ftu<\/h3>\n\n\n\n<p class=\"wp-block-paragraph\">Biga&#8217;daki program\u0131n\u0131n ard\u0131ndan beraberindeki parti y\u00f6neticileriyle \u00c7an il\u00e7esine ge\u00e7en Erbakan, <strong>Menderes Park\u0131&#8217;nda<\/strong> vatanda\u015flarla bir araya geldi.<\/p>\n\n\n\n<p class=\"wp-block-paragraph\">Burada vatanda\u015flarla sohbet eden Erbakan, partinin \u00e7al\u0131\u015fmalar\u0131 ve hedefleri hakk\u0131nda bilgi verdi.<\/p>\n","protected":false},"excerpt":{"rendered":"<p>\u00c7ANAKKALE \u2013 Yeniden Refah Partisi Genel Ba\u015fkan\u0131 Fatih Erbakan, \u00c7anakkale&#8217;nin Biga ve \u00c7an il\u00e7elerinde partililer<\/p>\n","protected":false},"author":1,"featured_media":4342,"comment_status":"open","ping_status":"open","sticky":false,"template":"","format":"standard","meta":{"_rtcl_gb_attr":"","footnotes":""},"categories":[44],"tags":[],"class_list":["post-4341","post","type-post","status-publish","format-standard","has-post-thumbnail","hentry","category-politika"],"_links":{"self":[{"href":"https:\/\/turkiyemhaber.com\/index.php?rest_route=\/wp\/v2\/posts\/4341","targetHints":{"allow":["GET"]}}],"collection":[{"href":"https:\/\/turkiyemhaber.com\/index.php?rest_route=\/wp\/v2\/posts"}],"about":[{"href":"https:\/\/turkiyemhaber.com\/index.php?rest_route=\/wp\/v2\/types\/post"}],"author":[{"embeddable":true,"href":"https:\/\/turkiyemhaber.com\/index.php?rest_route=\/wp\/v2\/users\/1"}],"replies":[{"embeddable":true,"href":"https:\/\/turkiyemhaber.com\/index.php?rest_route=%2Fwp%2Fv2%2Fcomments&post=4341"}],"version-history":[{"count":1,"href":"https:\/\/turkiyemhaber.com\/index.php?rest_route=\/wp\/v2\/posts\/4341\/revisions"}],"predecessor-version":[{"id":4343,"href":"https:\/\/turkiyemhaber.com\/index.php?rest_route=\/wp\/v2\/posts\/4341\/revisions\/4343"}],"wp:featuredmedia":[{"embeddable":true,"href":"https:\/\/turkiyemhaber.com\/index.php?rest_route=\/wp\/v2\/media\/4342"}],"wp:attachment":[{"href":"https:\/\/turkiyemhaber.com\/index.php?rest_route=%2Fwp%2Fv2%2Fmedia&parent=4341"}],"wp:term":[{"taxonomy":"category","embeddable":true,"href":"https:\/\/turkiyemhaber.com\/index.php?rest_route=%2Fwp%2Fv2%2Fcategories&post=4341"},{"taxonomy":"post_tag","embeddable":true,"href":"https:\/\/turkiyemhaber.com\/index.php?rest_route=%2Fwp%2Fv2%2Ftags&post=4341"}],"curies":[{"name":"wp","href":"https:\/\/api.w.org\/{rel}","templated":true}]}}