{"id":4338,"date":"2026-07-26T12:41:03","date_gmt":"2026-07-26T12:41:03","guid":{"rendered":"https:\/\/turkiyemhaber.com\/?p=4338"},"modified":"2026-07-26T12:41:07","modified_gmt":"2026-07-26T12:41:07","slug":"agiralioglundan-iktidara-sert-elestiri-vesayeti-kaldirmadiniz-sadece-adresini-degistirdiniz","status":"publish","type":"post","link":"https:\/\/turkiyemhaber.com\/?p=4338","title":{"rendered":"A\u011f\u0131ralio\u011flu&#8217;ndan \u0130ktidara Sert Ele\u015ftiri: &#8220;Vesayeti Kald\u0131rmad\u0131n\u0131z, Sadece Adresini De\u011fi\u015ftirdiniz&#8221;"},"content":{"rendered":"\n<p class=\"wp-block-paragraph\"><strong>ANKARA<\/strong> \u2013 Anahtar Parti Genel Ba\u015fkan\u0131 Yavuz A\u011f\u0131ralio\u011flu, sosyal medya hesab\u0131ndan yapt\u0131\u011f\u0131 a\u00e7\u0131klamada iktidar\u0131n y\u00f6netim anlay\u0131\u015f\u0131n\u0131 sert s\u00f6zlerle ele\u015ftirdi. A\u011f\u0131ralio\u011flu, vesayetle m\u00fccadelenin amac\u0131n\u0131n t\u00fcm yetkiyi tek bir siyasi yap\u0131da toplamak de\u011fil, devleti hukuk ve kurumlar temelinde g\u00fc\u00e7lendirmek oldu\u011funu s\u00f6yledi.<\/p>\n\n\n\n<p class=\"wp-block-paragraph\">A\u011f\u0131ralio\u011flu, ge\u00e7mi\u015fte askeri ve b\u00fcrokratik vesayetle m\u00fccadele edildi\u011fini belirterek, bu s\u00fcre\u00e7te at\u0131lan ad\u0131mlar\u0131 olumlu bulduklar\u0131n\u0131 ifade etti.<\/p>\n\n\n\n<p class=\"wp-block-paragraph\">Ancak gelinen noktada T\u00fcrkiye&#8217;nin demokratikle\u015fmesi yerine yeni bir vesayet anlay\u0131\u015f\u0131n\u0131n olu\u015ftu\u011funu savunan A\u011f\u0131ralio\u011flu, \u015fu de\u011ferlendirmede bulundu:<\/p>\n\n\n\n<blockquote class=\"wp-block-quote is-layout-flow wp-block-quote-is-layout-flow\">\n<p class=\"wp-block-paragraph\">&#8220;Vesayetle m\u00fccadele ettiniz, Allah var. Asker\u00ee vesayetle m\u00fccadele ettiniz, b\u00fcrokratik vesayetle m\u00fccadele ettiniz. Memleketin \u00fczerinde siyasetten ba\u015fka g\u00fc\u00e7 odaklar\u0131 vard\u0131; bunlarla hesapla\u015ft\u0131n\u0131z. Te\u015fekk\u00fcr ederiz.&#8221;<\/p>\n<\/blockquote>\n\n\n\n<p class=\"wp-block-paragraph\">\u0130ktidar\u0131n b\u00fct\u00fcn vesayet odaklar\u0131n\u0131 ortadan kald\u0131rmas\u0131n\u0131n ard\u0131ndan demokratik kurumlar\u0131 g\u00fc\u00e7lendirmesi gerekti\u011fini belirten A\u011f\u0131ralio\u011flu, devlet kurumlar\u0131n\u0131n ba\u011f\u0131ms\u0131zl\u0131\u011f\u0131n\u0131 yitirdi\u011fini \u00f6ne s\u00fcrd\u00fc.<\/p>\n\n\n\n<p class=\"wp-block-paragraph\">A\u00e7\u0131klamas\u0131nda, &#8220;Bug\u00fcn m\u00fclki idare partiniz kar\u015f\u0131s\u0131nda aciz. Devlet b\u00fcrokrasisi aciz. Adli b\u00fcrokrasi aciz. Akademi aciz. Sivil toplum aciz.&#8221; ifadelerini kullanan A\u011f\u0131ralio\u011flu, ele\u015ftirilerini \u015fu s\u00f6zlerle s\u00fcrd\u00fcrd\u00fc:<\/p>\n\n\n\n<blockquote class=\"wp-block-quote is-layout-flow wp-block-quote-is-layout-flow\">\n<p class=\"wp-block-paragraph\">&#8220;Vesayetle m\u00fccadele, b\u00fct\u00fcn yetkiyi bir partide toplamak i\u00e7in yap\u0131lmaz. Devleti hukuka, kurala, kuruma ba\u011flamak i\u00e7in yap\u0131l\u0131r. Siz vesayeti kald\u0131rmad\u0131n\u0131z; vesayetin adresini de\u011fi\u015ftirdiniz.&#8221;<\/p>\n<\/blockquote>\n\n\n\n<p class=\"wp-block-paragraph\">A\u011f\u0131ralio\u011flu&#8217;nun a\u00e7\u0131klamalar\u0131, siyasi g\u00fcndemde tart\u0131\u015fma yarat\u0131rken, iktidar kanad\u0131ndan konuya ili\u015fkin hen\u00fcz resmi bir de\u011ferlendirme yap\u0131lmad\u0131.<\/p>\n","protected":false},"excerpt":{"rendered":"<p>ANKARA \u2013 Anahtar Parti Genel Ba\u015fkan\u0131 Yavuz A\u011f\u0131ralio\u011flu, sosyal medya hesab\u0131ndan yapt\u0131\u011f\u0131 a\u00e7\u0131klamada iktidar\u0131n y\u00f6netim<\/p>\n","protected":false},"author":1,"featured_media":4339,"comment_status":"open","ping_status":"open","sticky":false,"template":"","format":"standard","meta":{"_rtcl_gb_attr":"","footnotes":""},"categories":[44],"tags":[],"class_list":["post-4338","post","type-post","status-publish","format-standard","has-post-thumbnail","hentry","category-politika"],"_links":{"self":[{"href":"https:\/\/turkiyemhaber.com\/index.php?rest_route=\/wp\/v2\/posts\/4338","targetHints":{"allow":["GET"]}}],"collection":[{"href":"https:\/\/turkiyemhaber.com\/index.php?rest_route=\/wp\/v2\/posts"}],"about":[{"href":"https:\/\/turkiyemhaber.com\/index.php?rest_route=\/wp\/v2\/types\/post"}],"author":[{"embeddable":true,"href":"https:\/\/turkiyemhaber.com\/index.php?rest_route=\/wp\/v2\/users\/1"}],"replies":[{"embeddable":true,"href":"https:\/\/turkiyemhaber.com\/index.php?rest_route=%2Fwp%2Fv2%2Fcomments&post=4338"}],"version-history":[{"count":1,"href":"https:\/\/turkiyemhaber.com\/index.php?rest_route=\/wp\/v2\/posts\/4338\/revisions"}],"predecessor-version":[{"id":4340,"href":"https:\/\/turkiyemhaber.com\/index.php?rest_route=\/wp\/v2\/posts\/4338\/revisions\/4340"}],"wp:featuredmedia":[{"embeddable":true,"href":"https:\/\/turkiyemhaber.com\/index.php?rest_route=\/wp\/v2\/media\/4339"}],"wp:attachment":[{"href":"https:\/\/turkiyemhaber.com\/index.php?rest_route=%2Fwp%2Fv2%2Fmedia&parent=4338"}],"wp:term":[{"taxonomy":"category","embeddable":true,"href":"https:\/\/turkiyemhaber.com\/index.php?rest_route=%2Fwp%2Fv2%2Fcategories&post=4338"},{"taxonomy":"post_tag","embeddable":true,"href":"https:\/\/turkiyemhaber.com\/index.php?rest_route=%2Fwp%2Fv2%2Ftags&post=4338"}],"curies":[{"name":"wp","href":"https:\/\/api.w.org\/{rel}","templated":true}]}}