{"id":4335,"date":"2026-07-26T12:37:03","date_gmt":"2026-07-26T12:37:03","guid":{"rendered":"https:\/\/turkiyemhaber.com\/?p=4335"},"modified":"2026-07-26T12:37:07","modified_gmt":"2026-07-26T12:37:07","slug":"chpli-gursel-tekinden-figuran-iddialariyla-ilgili-suc-duyurusu","status":"publish","type":"post","link":"https:\/\/turkiyemhaber.com\/?p=4335","title":{"rendered":"CHP&#8217;li G\u00fcrsel Tekin&#8217;den &#8216;Fig\u00fcran&#8217; \u0130ddialar\u0131yla \u0130lgili Su\u00e7 Duyurusu"},"content":{"rendered":"\n<p class=\"wp-block-paragraph\"><strong>\u0130STANBUL<\/strong> \u2013 CHP \u0130stanbul \u0130l Ba\u015fkan\u0131 G\u00fcrsel Tekin, CHP&#8217;ye kat\u0131l\u0131m t\u00f6reninde &#8220;fig\u00fcran kullan\u0131ld\u0131\u011f\u0131&#8221; y\u00f6n\u00fcndeki iddialar\u0131n ger\u00e7e\u011fi yans\u0131tmad\u0131\u011f\u0131n\u0131 belirterek, sorumlular hakk\u0131nda Cumhuriyet Ba\u015fsavc\u0131l\u0131\u011f\u0131&#8217;na su\u00e7 duyurusunda bulunduklar\u0131n\u0131 a\u00e7\u0131klad\u0131.<\/p>\n\n\n\n<p class=\"wp-block-paragraph\">CHP \u0130stanbul \u0130l Ba\u015fkanl\u0131\u011f\u0131&#8217;nda d\u00fczenledi\u011fi bas\u0131n toplant\u0131s\u0131nda konu\u015fan Tekin, partiye kat\u0131l\u0131m t\u00f6renine ili\u015fkin ortaya at\u0131lan iddialar\u0131 &#8220;kumpas&#8221; olarak nitelendirdi.<\/p>\n\n\n\n<h3 class=\"wp-block-heading\">&#8220;Su\u00e7 Duyurusunda Bulunduk&#8221;<\/h3>\n\n\n\n<p class=\"wp-block-paragraph\">Tekin, iddialar\u0131n ayd\u0131nlat\u0131lmas\u0131 i\u00e7in yarg\u0131n\u0131n devreye girmesi gerekti\u011fini belirterek \u015fu ifadeleri kulland\u0131:<\/p>\n\n\n\n<blockquote class=\"wp-block-quote is-layout-flow wp-block-quote-is-layout-flow\">\n<p class=\"wp-block-paragraph\">&#8220;Ba\u015fta ben ve arkada\u015flar\u0131m\u0131z olmak \u00fczere hi\u00e7bir kirli i\u015fin taraf\u0131 olmad\u0131k. Ne i\u00e7eride ne d\u0131\u015far\u0131da hi\u00e7 kimseye tuzak kurmad\u0131k. Bu tuza\u011f\u0131 kuran kim olursa olsun ortaya \u00e7\u0131kar\u0131lmal\u0131d\u0131r. Cumhuriyet Ba\u015fsavc\u0131l\u0131\u011f\u0131&#8217;na su\u00e7 duyurusunda bulunduk.&#8221;<\/p>\n<\/blockquote>\n\n\n\n<h3 class=\"wp-block-heading\">&#8220;Kat\u0131l\u0131mlar G\u00f6n\u00fcll\u00fcl\u00fck Esas\u0131na Dayan\u0131yor&#8221;<\/h3>\n\n\n\n<p class=\"wp-block-paragraph\">Partiye yo\u011fun kat\u0131l\u0131m oldu\u011funu ifade eden Tekin, \u00fcyelik s\u00fcrecinin tamamen g\u00f6n\u00fcll\u00fcl\u00fck esas\u0131na g\u00f6re y\u00fcr\u00fct\u00fcld\u00fc\u011f\u00fcn\u00fc s\u00f6yledi.<\/p>\n\n\n\n<p class=\"wp-block-paragraph\">Kat\u0131l\u0131m t\u00f6renine farkl\u0131 siyasi partilerden \u00e7ok say\u0131da ki\u015finin kat\u0131ld\u0131\u011f\u0131n\u0131 belirten Tekin, organizasyonlarda yaln\u0131zca kat\u0131l\u0131mc\u0131 bilgilerinin al\u0131nd\u0131\u011f\u0131n\u0131, salon kapasitesi nedeniyle \u00f6nceden planlama yap\u0131ld\u0131\u011f\u0131n\u0131 kaydetti.<\/p>\n\n\n\n<p class=\"wp-block-paragraph\">Tekin, ula\u015f\u0131m deste\u011fi talep eden baz\u0131 ki\u015filere yard\u0131mc\u0131 olundu\u011funu ancak bunun d\u0131\u015f\u0131nda herhangi bir \u00f6deme yap\u0131lmas\u0131n\u0131n s\u00f6z konusu olmad\u0131\u011f\u0131n\u0131 savundu.<\/p>\n\n\n\n<h3 class=\"wp-block-heading\">&#8220;\u0130ddialar Ara\u015ft\u0131r\u0131lmal\u0131&#8221;<\/h3>\n\n\n\n<p class=\"wp-block-paragraph\">Bas\u0131nda yer alan &#8220;cast ajans\u0131ndan fig\u00fcran getirildi\u011fi&#8221; iddialar\u0131yla ilgili de a\u00e7\u0131klama yapan Tekin, ula\u015f\u0131m deste\u011fi talebinde bulunan ki\u015filerin tek tek arand\u0131\u011f\u0131n\u0131 ve tan\u0131nmayan isimlerin tespit edilmesi \u00fczerine konuyu yarg\u0131ya ta\u015f\u0131d\u0131klar\u0131n\u0131 ifade etti.<\/p>\n\n\n\n<p class=\"wp-block-paragraph\">\u0130ddialar\u0131n t\u00fcm y\u00f6nleriyle soru\u015fturulmas\u0131n\u0131 istediklerini belirten Tekin, sorumlular\u0131n hukuk \u00f6n\u00fcnde hesap vermesi gerekti\u011fini s\u00f6yledi.<\/p>\n\n\n\n<h3 class=\"wp-block-heading\">Parti \u0130\u00e7i Tart\u0131\u015fmalara da De\u011findi<\/h3>\n\n\n\n<p class=\"wp-block-paragraph\">Bas\u0131n toplant\u0131s\u0131nda parti i\u00e7indeki tart\u0131\u015fmalara da de\u011finen Tekin, baz\u0131 medya kurulu\u015flar\u0131n\u0131 ele\u015ftirirken, CHP i\u00e7inde \u00e7e\u015fitli \u00e7evrelerin organize \u015fekilde hareket etti\u011fini \u00f6ne s\u00fcrd\u00fc.<\/p>\n\n\n\n<p class=\"wp-block-paragraph\">Tekin ayr\u0131ca, partiye y\u00f6nelik iddialar\u0131n yarg\u0131 taraf\u0131ndan ayd\u0131nlat\u0131laca\u011f\u0131na inand\u0131\u011f\u0131n\u0131 belirterek, bundan sonraki s\u00fcre\u00e7te de hukuki haklar\u0131n\u0131 kullanmaya devam edeceklerini ifade etti.<\/p>\n","protected":false},"excerpt":{"rendered":"<p>\u0130STANBUL \u2013 CHP \u0130stanbul \u0130l Ba\u015fkan\u0131 G\u00fcrsel Tekin, CHP&#8217;ye kat\u0131l\u0131m t\u00f6reninde &#8220;fig\u00fcran kullan\u0131ld\u0131\u011f\u0131&#8221; y\u00f6n\u00fcndeki iddialar\u0131n<\/p>\n","protected":false},"author":1,"featured_media":4336,"comment_status":"open","ping_status":"open","sticky":false,"template":"","format":"standard","meta":{"_rtcl_gb_attr":"","footnotes":""},"categories":[44],"tags":[],"class_list":["post-4335","post","type-post","status-publish","format-standard","has-post-thumbnail","hentry","category-politika"],"_links":{"self":[{"href":"https:\/\/turkiyemhaber.com\/index.php?rest_route=\/wp\/v2\/posts\/4335","targetHints":{"allow":["GET"]}}],"collection":[{"href":"https:\/\/turkiyemhaber.com\/index.php?rest_route=\/wp\/v2\/posts"}],"about":[{"href":"https:\/\/turkiyemhaber.com\/index.php?rest_route=\/wp\/v2\/types\/post"}],"author":[{"embeddable":true,"href":"https:\/\/turkiyemhaber.com\/index.php?rest_route=\/wp\/v2\/users\/1"}],"replies":[{"embeddable":true,"href":"https:\/\/turkiyemhaber.com\/index.php?rest_route=%2Fwp%2Fv2%2Fcomments&post=4335"}],"version-history":[{"count":1,"href":"https:\/\/turkiyemhaber.com\/index.php?rest_route=\/wp\/v2\/posts\/4335\/revisions"}],"predecessor-version":[{"id":4337,"href":"https:\/\/turkiyemhaber.com\/index.php?rest_route=\/wp\/v2\/posts\/4335\/revisions\/4337"}],"wp:featuredmedia":[{"embeddable":true,"href":"https:\/\/turkiyemhaber.com\/index.php?rest_route=\/wp\/v2\/media\/4336"}],"wp:attachment":[{"href":"https:\/\/turkiyemhaber.com\/index.php?rest_route=%2Fwp%2Fv2%2Fmedia&parent=4335"}],"wp:term":[{"taxonomy":"category","embeddable":true,"href":"https:\/\/turkiyemhaber.com\/index.php?rest_route=%2Fwp%2Fv2%2Fcategories&post=4335"},{"taxonomy":"post_tag","embeddable":true,"href":"https:\/\/turkiyemhaber.com\/index.php?rest_route=%2Fwp%2Fv2%2Ftags&post=4335"}],"curies":[{"name":"wp","href":"https:\/\/api.w.org\/{rel}","templated":true}]}}