{"id":4332,"date":"2026-07-26T12:31:20","date_gmt":"2026-07-26T12:31:20","guid":{"rendered":"https:\/\/turkiyemhaber.com\/?p=4332"},"modified":"2026-07-26T12:31:24","modified_gmt":"2026-07-26T12:31:24","slug":"chp-kurultayi-dosyasinda-yeni-gelisme-surec-yargitayda-basladi","status":"publish","type":"post","link":"https:\/\/turkiyemhaber.com\/?p=4332","title":{"rendered":"CHP Kurultay\u0131 Dosyas\u0131nda Yeni Geli\u015fme! S\u00fcre\u00e7 Yarg\u0131tay&#8217;da Ba\u015flad\u0131"},"content":{"rendered":"\n<p class=\"wp-block-paragraph\"><strong>ANKARA<\/strong> \u2013 CHP&#8217;nin 38. Ola\u011fan Kurultay\u0131&#8217;n\u0131n iptaline ili\u015fkin davada yeni bir geli\u015fme ya\u015fand\u0131. Ankara B\u00f6lge Adliye Mahkemesi&#8217;nin verdi\u011fi karar\u0131n temyiz edilmesinin ard\u0131ndan dosya, Yarg\u0131tay 3. Hukuk Dairesi&#8217;nde \u00f6n inceleme a\u015famas\u0131na al\u0131nd\u0131.<\/p>\n\n\n\n<p class=\"wp-block-paragraph\">Edinilen bilgilere g\u00f6re, dosya Yarg\u0131tay&#8217;a ula\u015ft\u0131ktan sonra kay\u0131t i\u015flemleri tamamlanarak &#8220;\u00f6n inceleme&#8221; s\u00fcrecine ge\u00e7ti. Bu a\u015famada dosya, g\u00f6revlendirilen tetkik hakimi taraf\u0131ndan incelenecek ve haz\u0131rlanacak rapor, Yarg\u0131tay 3. Hukuk Dairesi heyetinin de\u011ferlendirmesine sunulacak.<\/p>\n\n\n\n<h3 class=\"wp-block-heading\">B\u00f6lge Adliye Mahkemesi Ne Karar Vermi\u015fti?<\/h3>\n\n\n\n<p class=\"wp-block-paragraph\">Ankara B\u00f6lge Adliye Mahkemesi 36. Hukuk Dairesi, 21 May\u0131s tarihli karar\u0131nda CHP&#8217;nin <strong>4-5 Kas\u0131m 2023 tarihlerinde ger\u00e7ekle\u015ftirilen 38. Ola\u011fan Kurultay\u0131&#8217;n\u0131n &#8220;mutlak butlan&#8221; nedeniyle ge\u00e7ersiz oldu\u011funa<\/strong> h\u00fckmetmi\u015fti.<\/p>\n\n\n\n<p class=\"wp-block-paragraph\">Mahkeme ayr\u0131ca, karar kesinle\u015finceye kadar kurultay \u00f6ncesinde g\u00f6rev yapan <strong>Kemal K\u0131l\u0131\u00e7daro\u011flu<\/strong>, Parti Meclisi \u00fcyeleri ve Y\u00fcksek Disiplin Kurulu \u00fcyelerinin tedbiren g\u00f6revlerine iade edilmelerine karar vermi\u015fti.<\/p>\n\n\n\n<h3 class=\"wp-block-heading\">Dosya Temyiz Edildi<\/h3>\n\n\n\n<p class=\"wp-block-paragraph\">Karar\u0131n temyiz edilmesi \u00fczerine dosya, adli tatil ba\u015flamadan \u00f6nce <strong>17 Temmuz&#8217;da<\/strong> inceleme yap\u0131lmak \u00fczere Yarg\u0131tay 3. Hukuk Dairesi&#8217;ne g\u00f6nderildi.<\/p>\n\n\n\n<p class=\"wp-block-paragraph\">Adli tatil s\u00fcrecinde kay\u0131t ve tevzi i\u015flemleri devam ederken, dosyan\u0131n durumu &#8220;kay\u0131t a\u015famas\u0131&#8221;ndan &#8220;\u00f6n inceleme&#8221; a\u015famas\u0131na ge\u00e7ti.<\/p>\n\n\n\n<h3 class=\"wp-block-heading\">Esas \u0130ncelemesi Eyl\u00fcl Ay\u0131nda Bekleniyor<\/h3>\n\n\n\n<p class=\"wp-block-paragraph\">Tetkik hakiminin haz\u0131rlayaca\u011f\u0131 raporun tamamlanmas\u0131n\u0131n ard\u0131ndan dosya, Yarg\u0131tay 3. Hukuk Dairesi heyetinin g\u00fcndemine gelecek.<\/p>\n\n\n\n<p class=\"wp-block-paragraph\">Yarg\u0131tay&#8217;\u0131n dosyaya ili\u015fkin esas incelemesini, yeni adli y\u0131l\u0131n ba\u015flayaca\u011f\u0131 <strong>1 Eyl\u00fcl<\/strong> sonras\u0131nda yapmas\u0131 bekleniyor.<\/p>\n\n\n\n<p class=\"wp-block-paragraph\">Yarg\u0131tay&#8217;\u0131n verece\u011fi karar, CHP&#8217;nin 38. Ola\u011fan Kurultay\u0131&#8217;na ili\u015fkin devam eden hukuki s\u00fcrecin seyrini belirleyecek.<\/p>\n","protected":false},"excerpt":{"rendered":"<p>ANKARA \u2013 CHP&#8217;nin 38. Ola\u011fan Kurultay\u0131&#8217;n\u0131n iptaline ili\u015fkin davada yeni bir geli\u015fme ya\u015fand\u0131. Ankara B\u00f6lge<\/p>\n","protected":false},"author":1,"featured_media":4333,"comment_status":"open","ping_status":"open","sticky":false,"template":"","format":"standard","meta":{"_rtcl_gb_attr":"","footnotes":""},"categories":[44],"tags":[],"class_list":["post-4332","post","type-post","status-publish","format-standard","has-post-thumbnail","hentry","category-politika"],"_links":{"self":[{"href":"https:\/\/turkiyemhaber.com\/index.php?rest_route=\/wp\/v2\/posts\/4332","targetHints":{"allow":["GET"]}}],"collection":[{"href":"https:\/\/turkiyemhaber.com\/index.php?rest_route=\/wp\/v2\/posts"}],"about":[{"href":"https:\/\/turkiyemhaber.com\/index.php?rest_route=\/wp\/v2\/types\/post"}],"author":[{"embeddable":true,"href":"https:\/\/turkiyemhaber.com\/index.php?rest_route=\/wp\/v2\/users\/1"}],"replies":[{"embeddable":true,"href":"https:\/\/turkiyemhaber.com\/index.php?rest_route=%2Fwp%2Fv2%2Fcomments&post=4332"}],"version-history":[{"count":1,"href":"https:\/\/turkiyemhaber.com\/index.php?rest_route=\/wp\/v2\/posts\/4332\/revisions"}],"predecessor-version":[{"id":4334,"href":"https:\/\/turkiyemhaber.com\/index.php?rest_route=\/wp\/v2\/posts\/4332\/revisions\/4334"}],"wp:featuredmedia":[{"embeddable":true,"href":"https:\/\/turkiyemhaber.com\/index.php?rest_route=\/wp\/v2\/media\/4333"}],"wp:attachment":[{"href":"https:\/\/turkiyemhaber.com\/index.php?rest_route=%2Fwp%2Fv2%2Fmedia&parent=4332"}],"wp:term":[{"taxonomy":"category","embeddable":true,"href":"https:\/\/turkiyemhaber.com\/index.php?rest_route=%2Fwp%2Fv2%2Fcategories&post=4332"},{"taxonomy":"post_tag","embeddable":true,"href":"https:\/\/turkiyemhaber.com\/index.php?rest_route=%2Fwp%2Fv2%2Ftags&post=4332"}],"curies":[{"name":"wp","href":"https:\/\/api.w.org\/{rel}","templated":true}]}}