{"id":4329,"date":"2026-07-26T12:29:50","date_gmt":"2026-07-26T12:29:50","guid":{"rendered":"https:\/\/turkiyemhaber.com\/?p=4329"},"modified":"2026-07-26T12:29:55","modified_gmt":"2026-07-26T12:29:55","slug":"malatyada-hurdacilar-sitesinde-korkutan-yangin-alevler-saatler-sonra-kontrol-altina-alindi","status":"publish","type":"post","link":"https:\/\/turkiyemhaber.com\/?p=4329","title":{"rendered":"Malatya&#8217;da Hurdac\u0131lar Sitesi&#8217;nde Korkutan Yang\u0131n! Alevler Saatler Sonra Kontrol Alt\u0131na Al\u0131nd\u0131"},"content":{"rendered":"\n<p class=\"wp-block-paragraph\"><strong>MALATYA<\/strong> \u2013 Malatya&#8217;n\u0131n Ye\u015filyurt il\u00e7esinde bulunan Hurdac\u0131lar Sitesi&#8217;nde \u00e7\u0131kan yang\u0131n, ekiplerin saatler s\u00fcren yo\u011fun m\u00fcdahalesinin ard\u0131ndan kontrol alt\u0131na al\u0131narak s\u00f6nd\u00fcr\u00fcld\u00fc. Yang\u0131nda can kayb\u0131 veya yaralanma ya\u015fanmazken, b\u00f6lgede b\u00fcy\u00fck \u00e7apta maddi hasar olu\u015ftu.<\/p>\n\n\n\n<p class=\"wp-block-paragraph\">Yang\u0131n, gece saat <strong>03.00 s\u0131ralar\u0131nda<\/strong> Ye\u015filyurt il\u00e7esi <strong>Hoca Ahmet Yesevi Mahallesi&#8217;nde<\/strong> bulunan Hurdac\u0131lar Sitesi&#8217;nde meydana geldi. Hen\u00fcz belirlenemeyen bir nedenle ba\u015flayan yang\u0131n, k\u0131sa s\u00fcrede b\u00fcy\u00fcyerek geni\u015f bir alana yay\u0131ld\u0131.<\/p>\n\n\n\n<p class=\"wp-block-paragraph\">Y\u00fckselen yo\u011fun duman ve alevler kentin bir\u00e7ok noktas\u0131ndan g\u00f6r\u00fcl\u00fcrken, g\u00fcvenlik amac\u0131yla b\u00f6lgede i\u015f\u00e7ilerin kald\u0131\u011f\u0131 konteyner yatakhane tahliye edildi.<\/p>\n\n\n\n<h3 class=\"wp-block-heading\">TOMA ve Drone Destek Verdi<\/h3>\n\n\n\n<p class=\"wp-block-paragraph\">Yang\u0131na Malatya B\u00fcy\u00fck\u015fehir Belediyesi itfaiye ekiplerinin yan\u0131 s\u0131ra <strong>Emniyet M\u00fcd\u00fcrl\u00fc\u011f\u00fc&#8217;ne ait 3 TOMA<\/strong> da destek verdi. S\u00f6nd\u00fcrme \u00e7al\u0131\u015fmalar\u0131 s\u0131ras\u0131nda yang\u0131n\u0131n yay\u0131l\u0131m\u0131 dron ile havadan takip edilerek ekiplerin m\u00fcdahalesi koordine edildi.<\/p>\n\n\n\n<p class=\"wp-block-paragraph\">Saatler s\u00fcren \u00e7al\u0131\u015fmalar\u0131n ard\u0131ndan yang\u0131n tamamen s\u00f6nd\u00fcr\u00fcl\u00fcrken, hurdal\u0131k alanda bulunan \u00e7ok say\u0131da malzeme yanarak kullan\u0131lamaz hale geldi.<\/p>\n\n\n\n<h3 class=\"wp-block-heading\">Yang\u0131n\u0131n Nedeni Ara\u015ft\u0131r\u0131l\u0131yor<\/h3>\n\n\n\n<p class=\"wp-block-paragraph\">Olayda herhangi bir can kayb\u0131 veya yaralanma ya\u015fanmazken, yang\u0131n\u0131n neden oldu\u011fu maddi hasar\u0131n boyutunun belirlenmesi i\u00e7in \u00e7al\u0131\u015fmalar s\u00fcr\u00fcyor.<\/p>\n\n\n\n<p class=\"wp-block-paragraph\">Yang\u0131n\u0131n \u00e7\u0131k\u0131\u015f nedeninin tespit edilmesi amac\u0131yla yetkililer taraf\u0131ndan inceleme ba\u015flat\u0131ld\u0131.<\/p>\n","protected":false},"excerpt":{"rendered":"<p>MALATYA \u2013 Malatya&#8217;n\u0131n Ye\u015filyurt il\u00e7esinde bulunan Hurdac\u0131lar Sitesi&#8217;nde \u00e7\u0131kan yang\u0131n, ekiplerin saatler s\u00fcren yo\u011fun m\u00fcdahalesinin<\/p>\n","protected":false},"author":1,"featured_media":4330,"comment_status":"open","ping_status":"open","sticky":false,"template":"","format":"standard","meta":{"_rtcl_gb_attr":"","footnotes":""},"categories":[74],"tags":[],"class_list":["post-4329","post","type-post","status-publish","format-standard","has-post-thumbnail","hentry","category-yerel-haberler"],"_links":{"self":[{"href":"https:\/\/turkiyemhaber.com\/index.php?rest_route=\/wp\/v2\/posts\/4329","targetHints":{"allow":["GET"]}}],"collection":[{"href":"https:\/\/turkiyemhaber.com\/index.php?rest_route=\/wp\/v2\/posts"}],"about":[{"href":"https:\/\/turkiyemhaber.com\/index.php?rest_route=\/wp\/v2\/types\/post"}],"author":[{"embeddable":true,"href":"https:\/\/turkiyemhaber.com\/index.php?rest_route=\/wp\/v2\/users\/1"}],"replies":[{"embeddable":true,"href":"https:\/\/turkiyemhaber.com\/index.php?rest_route=%2Fwp%2Fv2%2Fcomments&post=4329"}],"version-history":[{"count":1,"href":"https:\/\/turkiyemhaber.com\/index.php?rest_route=\/wp\/v2\/posts\/4329\/revisions"}],"predecessor-version":[{"id":4331,"href":"https:\/\/turkiyemhaber.com\/index.php?rest_route=\/wp\/v2\/posts\/4329\/revisions\/4331"}],"wp:featuredmedia":[{"embeddable":true,"href":"https:\/\/turkiyemhaber.com\/index.php?rest_route=\/wp\/v2\/media\/4330"}],"wp:attachment":[{"href":"https:\/\/turkiyemhaber.com\/index.php?rest_route=%2Fwp%2Fv2%2Fmedia&parent=4329"}],"wp:term":[{"taxonomy":"category","embeddable":true,"href":"https:\/\/turkiyemhaber.com\/index.php?rest_route=%2Fwp%2Fv2%2Fcategories&post=4329"},{"taxonomy":"post_tag","embeddable":true,"href":"https:\/\/turkiyemhaber.com\/index.php?rest_route=%2Fwp%2Fv2%2Ftags&post=4329"}],"curies":[{"name":"wp","href":"https:\/\/api.w.org\/{rel}","templated":true}]}}