{"id":4326,"date":"2026-07-26T12:24:53","date_gmt":"2026-07-26T12:24:53","guid":{"rendered":"https:\/\/turkiyemhaber.com\/?p=4326"},"modified":"2026-07-26T12:24:58","modified_gmt":"2026-07-26T12:24:58","slug":"yargitaydan-emsal-karar-halk-plajlarinda-sezlong-ucreti-zorunlu-tutulamaz","status":"publish","type":"post","link":"https:\/\/turkiyemhaber.com\/?p=4326","title":{"rendered":"Yarg\u0131tay&#8217;dan Emsal Karar: Halk Plajlar\u0131nda \u015eezlong \u00dccreti Zorunlu Tutulamaz"},"content":{"rendered":"\n<p class=\"wp-block-paragraph\">Yaz aylar\u0131nda s\u0131k\u00e7a tart\u0131\u015fma konusu olan \u00f6zel plaj uygulamalar\u0131yla ilgili Yarg\u0131tay&#8217;dan emsal niteli\u011finde bir karar \u00e7\u0131kt\u0131. Karara g\u00f6re, halk\u0131n kullan\u0131m\u0131na a\u00e7\u0131k k\u0131y\u0131larda vatanda\u015flar\u0131n denize ula\u015fmas\u0131 engellenemeyecek, \u015fezlong veya i\u015fletme hizmeti sat\u0131n almaya zorlanamayacak.<\/p>\n\n\n\n<h3 class=\"wp-block-heading\">Olay \u00c7e\u015fme&#8217;de Ya\u015fand\u0131<\/h3>\n\n\n\n<p class=\"wp-block-paragraph\">S\u00fcre\u00e7, \u0130zmir&#8217;in \u00c7e\u015fme il\u00e7esindeki Alt\u0131nkum Plaj\u0131&#8217;nda ya\u015fanan bir olayla ba\u015flad\u0131. \u0130ki \u00e7ocu\u011fuyla birlikte halk plaj\u0131na giden bir doktor, havlusunu kuma sererek denize girmek istedi. \u0130ddiaya g\u00f6re, b\u00f6lgede faaliyet g\u00f6steren \u00f6zel i\u015fletmenin \u00e7al\u0131\u015fan\u0131 aileden alan\u0131 terk etmesini istedi.<\/p>\n\n\n\n<p class=\"wp-block-paragraph\">Doktorun durumu jandarmaya bildirmesi \u00fczerine olay yarg\u0131ya ta\u015f\u0131nd\u0131.<\/p>\n\n\n\n<h3 class=\"wp-block-heading\">\u0130\u015fletme \u00c7al\u0131\u015fan\u0131 ve Yetkilisine Hapis Cezas\u0131<\/h3>\n\n\n\n<p class=\"wp-block-paragraph\">Yerel mahkeme, vatanda\u015f\u0131n k\u0131y\u0131y\u0131 kullanma hakk\u0131n\u0131 engelledi\u011fi gerek\u00e7esiyle i\u015fletme \u00e7al\u0131\u015fan\u0131n\u0131 <strong>&#8220;ki\u015fiyi h\u00fcrriyetinden yoksun b\u0131rakma&#8221;<\/strong> su\u00e7undan <strong>1 y\u0131l 8 ay hapis cezas\u0131na<\/strong> mahk\u00fbm etti.<\/p>\n\n\n\n<p class=\"wp-block-paragraph\">\u00c7al\u0131\u015fan\u0131 bu y\u00f6nde y\u00f6nlendirdi\u011fi belirlenen i\u015fletme yetkilisi de <strong>&#8220;ki\u015fiyi h\u00fcrriyetinden yoksun b\u0131rakma su\u00e7una azmettirme&#8221;<\/strong> gerek\u00e7esiyle <strong>1 y\u0131l 8 ay hapis cezas\u0131<\/strong> ald\u0131.<\/p>\n\n\n\n<h3 class=\"wp-block-heading\">Yarg\u0131tay Karar\u0131 Onad\u0131<\/h3>\n\n\n\n<p class=\"wp-block-paragraph\">Dosyay\u0131 inceleyen <strong>Yarg\u0131tay Ceza Genel Kurulu<\/strong>, yerel mahkemenin verdi\u011fi karar\u0131 hukuka uygun bularak onad\u0131. B\u00f6ylece karar, benzer uyu\u015fmazl\u0131klarda dikkate al\u0131nabilecek emsal nitelikte bir i\u00e7tihat olarak \u00f6ne \u00e7\u0131kt\u0131.<\/p>\n\n\n\n<h3 class=\"wp-block-heading\">K\u0131y\u0131lar Herkesin Ortak Kullan\u0131m\u0131nda<\/h3>\n\n\n\n<p class=\"wp-block-paragraph\">Kararda, <strong>Anayasa&#8217;n\u0131n 43. maddesi<\/strong> ile <strong>3621 say\u0131l\u0131 K\u0131y\u0131 Kanunu<\/strong> h\u00fck\u00fcmlerine dikkat \u00e7ekildi. Bu d\u00fczenlemelere g\u00f6re k\u0131y\u0131lar devletin h\u00fck\u00fcm ve tasarrufu alt\u0131nda bulunuyor ve toplumun ortak kullan\u0131m\u0131na a\u00e7\u0131k alanlar olarak kabul ediliyor.<\/p>\n\n\n\n<p class=\"wp-block-paragraph\">Bu kapsamda, kamuya a\u00e7\u0131k k\u0131y\u0131larda hi\u00e7bir ger\u00e7ek veya t\u00fczel ki\u015finin vatanda\u015flar\u0131n denize ula\u015fmas\u0131n\u0131 engelleyemeyece\u011fi, k\u0131y\u0131y\u0131 tamamen kapatamayaca\u011f\u0131 veya ki\u015fileri \u00fccretli hizmet almaya zorlayamayaca\u011f\u0131 vurguland\u0131.<\/p>\n\n\n\n<p class=\"wp-block-paragraph\">Ancak karar, <strong>i\u015fletmelerin sundu\u011fu \u015fezlong, \u015femsiye ve benzeri hizmetleri \u00fccret kar\u015f\u0131l\u0131\u011f\u0131nda sunamayaca\u011f\u0131 anlam\u0131na gelmiyor.<\/strong> \u0130\u015fletmeler bu hizmetler i\u00e7in \u00fccret talep edebilir. Emsal karar\u0131n temel noktas\u0131, vatanda\u015flar\u0131n <strong>yaln\u0131zca denize girmek veya havlusunu sererek k\u0131y\u0131y\u0131 kullanmak istemesi halinde bu hakk\u0131n\u0131n engellenemeyece\u011fi ve \u00fccret \u00f6demeye zorlanamayaca\u011f\u0131<\/strong> y\u00f6n\u00fcnde oldu.<\/p>\n","protected":false},"excerpt":{"rendered":"<p>Yaz aylar\u0131nda s\u0131k\u00e7a tart\u0131\u015fma konusu olan \u00f6zel plaj uygulamalar\u0131yla ilgili Yarg\u0131tay&#8217;dan emsal niteli\u011finde bir karar<\/p>\n","protected":false},"author":1,"featured_media":4327,"comment_status":"open","ping_status":"open","sticky":false,"template":"","format":"standard","meta":{"_rtcl_gb_attr":"","footnotes":""},"categories":[1],"tags":[],"class_list":["post-4326","post","type-post","status-publish","format-standard","has-post-thumbnail","hentry","category-http-turkiyemhaber-com-wp-content-uploads-2026-03-saray-59-haber-13-mart-pdf"],"_links":{"self":[{"href":"https:\/\/turkiyemhaber.com\/index.php?rest_route=\/wp\/v2\/posts\/4326","targetHints":{"allow":["GET"]}}],"collection":[{"href":"https:\/\/turkiyemhaber.com\/index.php?rest_route=\/wp\/v2\/posts"}],"about":[{"href":"https:\/\/turkiyemhaber.com\/index.php?rest_route=\/wp\/v2\/types\/post"}],"author":[{"embeddable":true,"href":"https:\/\/turkiyemhaber.com\/index.php?rest_route=\/wp\/v2\/users\/1"}],"replies":[{"embeddable":true,"href":"https:\/\/turkiyemhaber.com\/index.php?rest_route=%2Fwp%2Fv2%2Fcomments&post=4326"}],"version-history":[{"count":1,"href":"https:\/\/turkiyemhaber.com\/index.php?rest_route=\/wp\/v2\/posts\/4326\/revisions"}],"predecessor-version":[{"id":4328,"href":"https:\/\/turkiyemhaber.com\/index.php?rest_route=\/wp\/v2\/posts\/4326\/revisions\/4328"}],"wp:featuredmedia":[{"embeddable":true,"href":"https:\/\/turkiyemhaber.com\/index.php?rest_route=\/wp\/v2\/media\/4327"}],"wp:attachment":[{"href":"https:\/\/turkiyemhaber.com\/index.php?rest_route=%2Fwp%2Fv2%2Fmedia&parent=4326"}],"wp:term":[{"taxonomy":"category","embeddable":true,"href":"https:\/\/turkiyemhaber.com\/index.php?rest_route=%2Fwp%2Fv2%2Fcategories&post=4326"},{"taxonomy":"post_tag","embeddable":true,"href":"https:\/\/turkiyemhaber.com\/index.php?rest_route=%2Fwp%2Fv2%2Ftags&post=4326"}],"curies":[{"name":"wp","href":"https:\/\/api.w.org\/{rel}","templated":true}]}}