{"id":4320,"date":"2026-07-26T12:16:14","date_gmt":"2026-07-26T12:16:14","guid":{"rendered":"https:\/\/turkiyemhaber.com\/?p=4320"},"modified":"2026-07-26T12:16:19","modified_gmt":"2026-07-26T12:16:19","slug":"yeni-telefon-alacaklara-kotu-haber-cip-fiyatlarina-zam-geliyor","status":"publish","type":"post","link":"https:\/\/turkiyemhaber.com\/?p=4320","title":{"rendered":"Yeni Telefon Alacaklara K\u00f6t\u00fc Haber! \u00c7ip Fiyatlar\u0131na Zam Geliyor"},"content":{"rendered":"\n<p class=\"wp-block-paragraph\">Ak\u0131ll\u0131 telefon almay\u0131 planlayan t\u00fcketicileri yak\u0131ndan ilgilendiren bir iddia g\u00fcndeme geldi. D\u00fcnyan\u0131n en b\u00fcy\u00fck yar\u0131 iletken \u00fcreticilerinden Taiwan Semiconductor Manufacturing Company&#8217;nin (TSMC), \u00fcretim maliyetleri ve artan yapay zek\u00e2 \u00e7ipi talebi nedeniyle \u00fcretim fiyatlar\u0131n\u0131 art\u0131rmay\u0131 de\u011ferlendirdi\u011fi \u00f6ne s\u00fcr\u00fcld\u00fc.<\/p>\n\n\n\n<p class=\"wp-block-paragraph\">Uluslararas\u0131 bas\u0131nda yer alan haberlere g\u00f6re TSMC&#8217;nin, ileri \u00fcretim teknolojilerinde 2027 y\u0131l\u0131 itibar\u0131yla y\u00fczde <strong>5 ila 10<\/strong> aras\u0131nda fiyat art\u0131\u015f\u0131na gitmeyi planlad\u0131\u011f\u0131 iddia ediliyor. Yapay zek\u00e2 \u00e7iplerinde ise zam oran\u0131n\u0131n daha y\u00fcksek seviyelere \u00e7\u0131kabilece\u011fi belirtiliyor.<\/p>\n\n\n\n<h3 class=\"wp-block-heading\">Telefon ve Elektronik \u00dcr\u00fcnlere Zam Gelebilir<\/h3>\n\n\n\n<p class=\"wp-block-paragraph\">TSMC; Apple, Qualcomm, MediaTek, AMD ve Nvidia gibi d\u00fcnyan\u0131n \u00f6nde gelen teknoloji \u015firketlerine \u00e7ip \u00fcretimi ger\u00e7ekle\u015ftiriyor. \u00dcretim maliyetlerinin y\u00fckselmesi halinde bu \u015firketlerin maliyet art\u0131\u015f\u0131n\u0131 \u00fcr\u00fcn fiyatlar\u0131na yans\u0131tabilece\u011fi ifade ediliyor.<\/p>\n\n\n\n<p class=\"wp-block-paragraph\">Bu durumun ba\u015fta ak\u0131ll\u0131 telefonlar olmak \u00fczere diz\u00fcst\u00fc bilgisayarlar, tabletler ve yapay zek\u00e2 destekli elektronik cihazlar\u0131n fiyatlar\u0131nda art\u0131\u015fa neden olabilece\u011fi de\u011ferlendiriliyor.<\/p>\n\n\n\n<p class=\"wp-block-paragraph\">\u00d6zellikle Apple&#8217;\u0131n iPhone modellerinde kulland\u0131\u011f\u0131 i\u015flemciler ile Qualcomm&#8217;un Snapdragon i\u015flemcilerinin TSMC taraf\u0131ndan \u00fcretilmesi nedeniyle, yeni nesil premium telefonlar\u0131n fiyatlar\u0131n\u0131n bu geli\u015fmeden etkilenebilece\u011fi belirtiliyor.<\/p>\n\n\n\n<h3 class=\"wp-block-heading\">Resmi A\u00e7\u0131klama Hen\u00fcz Yok<\/h3>\n\n\n\n<p class=\"wp-block-paragraph\">TSMC taraf\u0131ndan fiyat art\u0131\u015f\u0131na ili\u015fkin hen\u00fcz resmi bir a\u00e7\u0131klama yap\u0131lmad\u0131. Sekt\u00f6r kaynaklar\u0131, nihai karar\u0131n m\u00fc\u015fteri talepleri, \u00fcretim maliyetleri ve k\u00fcresel piyasa ko\u015fullar\u0131na g\u00f6re \u015fekillenece\u011fini ifade ediyor.<\/p>\n\n\n\n<p class=\"wp-block-paragraph\">Bu nedenle olas\u0131 maliyet art\u0131\u015f\u0131n\u0131n t\u00fcketicilere ne \u00f6l\u00e7\u00fcde yans\u0131yaca\u011f\u0131 ve teknoloji \u00fcr\u00fcnlerinde zam olup olmayaca\u011f\u0131 \u015fimdilik kesinlik kazanm\u0131\u015f de\u011fil.<\/p>\n","protected":false},"excerpt":{"rendered":"<p>Ak\u0131ll\u0131 telefon almay\u0131 planlayan t\u00fcketicileri yak\u0131ndan ilgilendiren bir iddia g\u00fcndeme geldi. D\u00fcnyan\u0131n en b\u00fcy\u00fck yar\u0131<\/p>\n","protected":false},"author":1,"featured_media":4321,"comment_status":"open","ping_status":"open","sticky":false,"template":"","format":"standard","meta":{"_rtcl_gb_attr":"","footnotes":""},"categories":[14],"tags":[],"class_list":["post-4320","post","type-post","status-publish","format-standard","has-post-thumbnail","hentry","category-ekonomi"],"_links":{"self":[{"href":"https:\/\/turkiyemhaber.com\/index.php?rest_route=\/wp\/v2\/posts\/4320","targetHints":{"allow":["GET"]}}],"collection":[{"href":"https:\/\/turkiyemhaber.com\/index.php?rest_route=\/wp\/v2\/posts"}],"about":[{"href":"https:\/\/turkiyemhaber.com\/index.php?rest_route=\/wp\/v2\/types\/post"}],"author":[{"embeddable":true,"href":"https:\/\/turkiyemhaber.com\/index.php?rest_route=\/wp\/v2\/users\/1"}],"replies":[{"embeddable":true,"href":"https:\/\/turkiyemhaber.com\/index.php?rest_route=%2Fwp%2Fv2%2Fcomments&post=4320"}],"version-history":[{"count":1,"href":"https:\/\/turkiyemhaber.com\/index.php?rest_route=\/wp\/v2\/posts\/4320\/revisions"}],"predecessor-version":[{"id":4322,"href":"https:\/\/turkiyemhaber.com\/index.php?rest_route=\/wp\/v2\/posts\/4320\/revisions\/4322"}],"wp:featuredmedia":[{"embeddable":true,"href":"https:\/\/turkiyemhaber.com\/index.php?rest_route=\/wp\/v2\/media\/4321"}],"wp:attachment":[{"href":"https:\/\/turkiyemhaber.com\/index.php?rest_route=%2Fwp%2Fv2%2Fmedia&parent=4320"}],"wp:term":[{"taxonomy":"category","embeddable":true,"href":"https:\/\/turkiyemhaber.com\/index.php?rest_route=%2Fwp%2Fv2%2Fcategories&post=4320"},{"taxonomy":"post_tag","embeddable":true,"href":"https:\/\/turkiyemhaber.com\/index.php?rest_route=%2Fwp%2Fv2%2Ftags&post=4320"}],"curies":[{"name":"wp","href":"https:\/\/api.w.org\/{rel}","templated":true}]}}