{"id":4317,"date":"2026-07-26T12:11:26","date_gmt":"2026-07-26T12:11:26","guid":{"rendered":"https:\/\/turkiyemhaber.com\/?p=4317"},"modified":"2026-07-26T12:11:30","modified_gmt":"2026-07-26T12:11:30","slug":"edirnede-skandal-iddia-golete-elektrik-verildi-yuzlerce-balik-telef-oldu","status":"publish","type":"post","link":"https:\/\/turkiyemhaber.com\/?p=4317","title":{"rendered":"Edirne&#8217;de Skandal \u0130ddia: G\u00f6lete Elektrik Verildi, Y\u00fczlerce Bal\u0131k Telef Oldu"},"content":{"rendered":"\n<p class=\"wp-block-paragraph\"><strong>ED\u0130RNE<\/strong> \u2013 Edirne&#8217;de \u00e7evreyi ve do\u011fal ya\u015fam\u0131 tehdit eden bir olay ya\u015fand\u0131. \u0130ddiaya g\u00f6re, kimli\u011fi hen\u00fcz belirlenemeyen ki\u015fi ya da ki\u015filer taraf\u0131ndan Korucuk\u00f6y G\u00f6leti&#8217;ne elektrik verildi. Olay sonucunda g\u00f6lette ya\u015fayan y\u00fczlerce bal\u0131k telef oldu.<\/p>\n\n\n\n<p class=\"wp-block-paragraph\">B\u00f6lgede ya\u015fanan bal\u0131k \u00f6l\u00fcmlerini fark eden vatanda\u015flar durumu yetkililere bildirdi. Yap\u0131lan ilk incelemelerde, g\u00f6lete yasa d\u0131\u015f\u0131 y\u00f6ntemle elektrik verilmi\u015f olabilece\u011fi iddia edildi.<\/p>\n\n\n\n<p class=\"wp-block-paragraph\">Elektrik ak\u0131m\u0131yla bal\u0131k avlaman\u0131n hem do\u011fal ya\u015fama b\u00fcy\u00fck zarar verdi\u011fi hem de yasalara ayk\u0131r\u0131 oldu\u011fu belirtilirken, olay\u0131n sorumlular\u0131n\u0131n belirlenmesi i\u00e7in inceleme ba\u015flat\u0131lmas\u0131 bekleniyor.<\/p>\n\n\n\n<p class=\"wp-block-paragraph\">\u00c7evre sakinleri, g\u00f6lette meydana gelen toplu bal\u0131k \u00f6l\u00fcmlerine tepki g\u00f6stererek, sorumlular\u0131n bir an \u00f6nce tespit edilmesini ve haklar\u0131nda gerekli yasal i\u015flemlerin uygulanmas\u0131n\u0131 istedi.<\/p>\n\n\n\n<p class=\"wp-block-paragraph\">Yetkililerin olayla ilgili incelemelerini s\u00fcrd\u00fcrd\u00fc\u011f\u00fc \u00f6\u011frenildi.<\/p>\n","protected":false},"excerpt":{"rendered":"<p>ED\u0130RNE \u2013 Edirne&#8217;de \u00e7evreyi ve do\u011fal ya\u015fam\u0131 tehdit eden bir olay ya\u015fand\u0131. \u0130ddiaya g\u00f6re, kimli\u011fi<\/p>\n","protected":false},"author":1,"featured_media":4318,"comment_status":"open","ping_status":"open","sticky":false,"template":"","format":"standard","meta":{"_rtcl_gb_attr":"","footnotes":""},"categories":[1],"tags":[],"class_list":["post-4317","post","type-post","status-publish","format-standard","has-post-thumbnail","hentry","category-http-turkiyemhaber-com-wp-content-uploads-2026-03-saray-59-haber-13-mart-pdf"],"_links":{"self":[{"href":"https:\/\/turkiyemhaber.com\/index.php?rest_route=\/wp\/v2\/posts\/4317","targetHints":{"allow":["GET"]}}],"collection":[{"href":"https:\/\/turkiyemhaber.com\/index.php?rest_route=\/wp\/v2\/posts"}],"about":[{"href":"https:\/\/turkiyemhaber.com\/index.php?rest_route=\/wp\/v2\/types\/post"}],"author":[{"embeddable":true,"href":"https:\/\/turkiyemhaber.com\/index.php?rest_route=\/wp\/v2\/users\/1"}],"replies":[{"embeddable":true,"href":"https:\/\/turkiyemhaber.com\/index.php?rest_route=%2Fwp%2Fv2%2Fcomments&post=4317"}],"version-history":[{"count":1,"href":"https:\/\/turkiyemhaber.com\/index.php?rest_route=\/wp\/v2\/posts\/4317\/revisions"}],"predecessor-version":[{"id":4319,"href":"https:\/\/turkiyemhaber.com\/index.php?rest_route=\/wp\/v2\/posts\/4317\/revisions\/4319"}],"wp:featuredmedia":[{"embeddable":true,"href":"https:\/\/turkiyemhaber.com\/index.php?rest_route=\/wp\/v2\/media\/4318"}],"wp:attachment":[{"href":"https:\/\/turkiyemhaber.com\/index.php?rest_route=%2Fwp%2Fv2%2Fmedia&parent=4317"}],"wp:term":[{"taxonomy":"category","embeddable":true,"href":"https:\/\/turkiyemhaber.com\/index.php?rest_route=%2Fwp%2Fv2%2Fcategories&post=4317"},{"taxonomy":"post_tag","embeddable":true,"href":"https:\/\/turkiyemhaber.com\/index.php?rest_route=%2Fwp%2Fv2%2Ftags&post=4317"}],"curies":[{"name":"wp","href":"https:\/\/api.w.org\/{rel}","templated":true}]}}