{"id":4314,"date":"2026-07-26T12:08:27","date_gmt":"2026-07-26T12:08:27","guid":{"rendered":"https:\/\/turkiyemhaber.com\/?p=4314"},"modified":"2026-07-26T12:08:32","modified_gmt":"2026-07-26T12:08:32","slug":"e-devlete-giren-herkes-kontrol-etmeli-adiniza-sirket-kaydi-acilmis-olabilir","status":"publish","type":"post","link":"https:\/\/turkiyemhaber.com\/?p=4314","title":{"rendered":"e-Devlet&#8217;e Giren Herkes Kontrol Etmeli! Ad\u0131n\u0131za \u015eirket Kayd\u0131 A\u00e7\u0131lm\u0131\u015f Olabilir"},"content":{"rendered":"\n<p class=\"wp-block-paragraph\">Kimlik bilgilerinin k\u00f6t\u00fcye kullan\u0131lmas\u0131 sonucu baz\u0131 vatanda\u015flar\u0131n bilgisi ve onay\u0131 olmadan \u015firketlere ortak ya da yetkili olarak g\u00f6sterilmesi zaman zaman ciddi ma\u011fduriyetlere neden olabiliyor. Bu t\u00fcr risklerin \u00f6n\u00fcne ge\u00e7mek amac\u0131yla Ticaret Bakanl\u0131\u011f\u0131&#8217;n\u0131n e-Devlet \u00fczerinden sundu\u011fu hizmetler vatanda\u015flara \u00f6nemli bir g\u00fcvence sa\u011fl\u0131yor.<\/p>\n\n\n\n<h3 class=\"wp-block-heading\">Ad\u0131n\u0131za Kay\u0131tl\u0131 \u015eirketleri Saniyeler \u0130\u00e7inde Kontrol Edin<\/h3>\n\n\n\n<p class=\"wp-block-paragraph\">Ticaret Bakanl\u0131\u011f\u0131&#8217;n\u0131n e-Devlet Kap\u0131s\u0131 \u00fczerinden sundu\u011fu <strong>&#8220;Ticaret Siciline Kay\u0131tl\u0131 Sahibi\/Orta\u011f\u0131\/Yetkilisi Oldu\u011fum Ticari \u0130\u015fletmeler veya \u015eirketler&#8221;<\/strong> hizmeti sayesinde vatanda\u015flar, adlar\u0131na kay\u0131tl\u0131 ticari i\u015fletme ve \u015firket bilgilerini tek ekranda g\u00f6r\u00fcnt\u00fcleyebiliyor.<\/p>\n\n\n\n<p class=\"wp-block-paragraph\">e-Devlet sistemine giri\u015f yapt\u0131ktan sonra arama b\u00f6l\u00fcm\u00fcne hizmetin ad\u0131n\u0131 yazarak ilgili sayfaya ula\u015fmak yeterli oluyor. A\u00e7\u0131lan ekranda ki\u015finin sahibi, orta\u011f\u0131 veya yetkilisi oldu\u011fu t\u00fcm ticari i\u015fletmeler ve \u015firketler resmi kay\u0131tlar \u00fczerinden listeleniyor.<\/p>\n\n\n\n<h3 class=\"wp-block-heading\">Hangi Bilgilere Ula\u015f\u0131labiliyor?<\/h3>\n\n\n\n<p class=\"wp-block-paragraph\">Hizmet kapsam\u0131nda;<\/p>\n\n\n\n<ul class=\"wp-block-list\">\n<li>\u015eirket unvan\u0131,<\/li>\n\n\n\n<li>Ticaret sicili bilgileri,<\/li>\n\n\n\n<li>Ki\u015finin \u015firketle olan ortakl\u0131k veya yetki durumu<\/li>\n<\/ul>\n\n\n\n<p class=\"wp-block-paragraph\">tek ekranda g\u00f6r\u00fcnt\u00fclenebiliyor. B\u00f6ylece vatanda\u015flar, adlar\u0131na bilgileri d\u0131\u015f\u0131nda herhangi bir \u015firket kayd\u0131 bulunup bulunmad\u0131\u011f\u0131n\u0131 kolayca kontrol edebiliyor.<\/p>\n\n\n\n<h3 class=\"wp-block-heading\">MERS\u0130S \u00dczerinden Kimlik Numaran\u0131z\u0131 Koruyabilirsiniz<\/h3>\n\n\n\n<p class=\"wp-block-paragraph\">Ticaret Bakanl\u0131\u011f\u0131 ayr\u0131ca <strong>&#8220;Ortak\/Yetkili Olunmas\u0131na Y\u00f6nelik K\u0131s\u0131tlama \u0130\u015flemleri (MERS\u0130S)&#8221;<\/strong> hizmetini de vatanda\u015flar\u0131n kullan\u0131m\u0131na sunuyor.<\/p>\n\n\n\n<p class=\"wp-block-paragraph\">Bu hizmet sayesinde, kimlik bilgilerinin izinsiz kullan\u0131larak herhangi bir \u015firket veya ticari i\u015fletmeye ortak ya da yetkili olarak kaydedilmesinden endi\u015fe duyan ki\u015filer, e-Devlet \u00fczerinden T.C. kimlik numaralar\u0131 i\u00e7in k\u0131s\u0131tlama i\u015flemi ger\u00e7ekle\u015ftirebiliyor.<\/p>\n\n\n\n<p class=\"wp-block-paragraph\">Uzmanlar, olas\u0131 ma\u011fduriyetlerin \u00f6n\u00fcne ge\u00e7ebilmek i\u00e7in vatanda\u015flar\u0131n belirli aral\u0131klarla e-Devlet \u00fczerinden bu sorgulamay\u0131 yapmalar\u0131n\u0131 ve bilgileri d\u0131\u015f\u0131nda herhangi bir kay\u0131t tespit etmeleri halinde ilgili kurumlara ba\u015fvurarak gerekli hukuki s\u00fcreci ba\u015flatmalar\u0131n\u0131 \u00f6neriyor.<\/p>\n","protected":false},"excerpt":{"rendered":"<p>Kimlik bilgilerinin k\u00f6t\u00fcye kullan\u0131lmas\u0131 sonucu baz\u0131 vatanda\u015flar\u0131n bilgisi ve onay\u0131 olmadan \u015firketlere ortak ya da<\/p>\n","protected":false},"author":1,"featured_media":4315,"comment_status":"open","ping_status":"open","sticky":false,"template":"","format":"standard","meta":{"_rtcl_gb_attr":"","footnotes":""},"categories":[1],"tags":[],"class_list":["post-4314","post","type-post","status-publish","format-standard","has-post-thumbnail","hentry","category-http-turkiyemhaber-com-wp-content-uploads-2026-03-saray-59-haber-13-mart-pdf"],"_links":{"self":[{"href":"https:\/\/turkiyemhaber.com\/index.php?rest_route=\/wp\/v2\/posts\/4314","targetHints":{"allow":["GET"]}}],"collection":[{"href":"https:\/\/turkiyemhaber.com\/index.php?rest_route=\/wp\/v2\/posts"}],"about":[{"href":"https:\/\/turkiyemhaber.com\/index.php?rest_route=\/wp\/v2\/types\/post"}],"author":[{"embeddable":true,"href":"https:\/\/turkiyemhaber.com\/index.php?rest_route=\/wp\/v2\/users\/1"}],"replies":[{"embeddable":true,"href":"https:\/\/turkiyemhaber.com\/index.php?rest_route=%2Fwp%2Fv2%2Fcomments&post=4314"}],"version-history":[{"count":1,"href":"https:\/\/turkiyemhaber.com\/index.php?rest_route=\/wp\/v2\/posts\/4314\/revisions"}],"predecessor-version":[{"id":4316,"href":"https:\/\/turkiyemhaber.com\/index.php?rest_route=\/wp\/v2\/posts\/4314\/revisions\/4316"}],"wp:featuredmedia":[{"embeddable":true,"href":"https:\/\/turkiyemhaber.com\/index.php?rest_route=\/wp\/v2\/media\/4315"}],"wp:attachment":[{"href":"https:\/\/turkiyemhaber.com\/index.php?rest_route=%2Fwp%2Fv2%2Fmedia&parent=4314"}],"wp:term":[{"taxonomy":"category","embeddable":true,"href":"https:\/\/turkiyemhaber.com\/index.php?rest_route=%2Fwp%2Fv2%2Fcategories&post=4314"},{"taxonomy":"post_tag","embeddable":true,"href":"https:\/\/turkiyemhaber.com\/index.php?rest_route=%2Fwp%2Fv2%2Ftags&post=4314"}],"curies":[{"name":"wp","href":"https:\/\/api.w.org\/{rel}","templated":true}]}}