{"id":4308,"date":"2026-07-26T11:07:45","date_gmt":"2026-07-26T11:07:45","guid":{"rendered":"https:\/\/turkiyemhaber.com\/?p=4308"},"modified":"2026-07-26T11:07:50","modified_gmt":"2026-07-26T11:07:50","slug":"rezalet-marmaraereglisinde-gunlerdir-kaldirilmadigi-iddia-edilen-olu-kopek-tepki-cekti","status":"publish","type":"post","link":"https:\/\/turkiyemhaber.com\/?p=4308","title":{"rendered":"REZALET! Marmaraere\u011flisi&#8217;nde G\u00fcnlerdir Kald\u0131r\u0131lmad\u0131\u011f\u0131 \u0130ddia Edilen \u00d6l\u00fc K\u00f6pek Tepki \u00c7ekti"},"content":{"rendered":"\n<p class=\"wp-block-paragraph\"><strong>Tekirda\u011f&#8217;\u0131n \u00f6nemli turizm merkezlerinden Marmaraere\u011flisi&#8217;nde \u00e7ekildi\u011fi belirtilen g\u00f6r\u00fcnt\u00fcler, vatanda\u015flar\u0131n tepkisine neden oldu. Yol kenar\u0131nda bulunan ve uzun s\u00fcre kald\u0131r\u0131lmad\u0131\u011f\u0131 \u00f6ne s\u00fcr\u00fclen \u00f6l\u00fc k\u00f6pek, \u00e7evrede ya\u015fayan vatanda\u015flar taraf\u0131ndan hem halk sa\u011fl\u0131\u011f\u0131 hem de \u00e7evre temizli\u011fi a\u00e7\u0131s\u0131ndan endi\u015feyle kar\u015f\u0131land\u0131.<\/strong><\/p>\n\n\n\n<p class=\"wp-block-paragraph\">\u0130ddiaya g\u00f6re, yazl\u0131k sitelerin yo\u011fun olarak bulundu\u011fu b\u00f6lgede g\u00fcnlerdir kald\u0131r\u0131lmad\u0131\u011f\u0131 belirtilen \u00f6l\u00fc k\u00f6pek, \u00e7evreden ge\u00e7en vatanda\u015flar\u0131n ve \u00e7ocuklar\u0131n da g\u00f6rebilece\u011fi bir noktada bulunuyor. G\u00f6r\u00fcnt\u00fclerin sosyal medyada payla\u015f\u0131lmas\u0131n\u0131n ard\u0131ndan belediye hizmetlerine y\u00f6nelik ele\u015ftiriler de g\u00fcndeme geldi.<\/p>\n\n\n\n<p class=\"wp-block-paragraph\">Vatanda\u015flar, \u00f6zellikle yaz sezonunda n\u00fcfusu katlanan il\u00e7ede temizlik ve \u00e7evre sa\u011fl\u0131\u011f\u0131 konusunda daha h\u0131zl\u0131 m\u00fcdahale edilmesi gerekti\u011fini belirterek, bu t\u00fcr g\u00f6r\u00fcnt\u00fclerin Marmaraere\u011flisi&#8217;nin turizm kimli\u011fine zarar verdi\u011fini ifade etti.<\/p>\n\n\n\n<p class=\"wp-block-paragraph\">Bir vatanda\u015f tepkisini \u015fu s\u00f6zlerle dile getirdi:<\/p>\n\n\n\n<blockquote class=\"wp-block-quote is-layout-flow wp-block-quote-is-layout-flow\">\n<p class=\"wp-block-paragraph\">&#8220;Buras\u0131 Tekirda\u011f&#8217;\u0131n en g\u00f6zde tatil b\u00f6lgelerinden biri. Sokaklarda al\u0131nmayan \u00e7\u00f6pler, altyap\u0131 sorunlar\u0131 art\u0131k al\u0131\u015fkanl\u0131k haline geldi. Ancak g\u00fcnlerdir kald\u0131r\u0131lmad\u0131\u011f\u0131 iddia edilen \u00f6l\u00fc bir hayvan\u0131n yol kenar\u0131nda b\u0131rak\u0131lmas\u0131 kabul edilemez. Bu sadece hayvan sevgisiyle ilgili de\u011fil, ayn\u0131 zamanda halk sa\u011fl\u0131\u011f\u0131 meselesidir.&#8221;<\/p>\n<\/blockquote>\n\n\n\n<p class=\"wp-block-paragraph\">Marmaraere\u011flisi Belediye Ba\u015fkan\u0131 Onur Bozkurter&#8217;e \u00e7a\u011fr\u0131da bulunan vatanda\u015flar, belediyecili\u011fin sadece festival ve organizasyonlardan ibaret olmad\u0131\u011f\u0131n\u0131 belirterek, temizlik, \u00e7evre d\u00fczeni ve halk sa\u011fl\u0131\u011f\u0131n\u0131n \u00f6ncelikli hizmet alanlar\u0131 oldu\u011funu vurgulad\u0131.<\/p>\n\n\n\n<p class=\"wp-block-paragraph\">\u00d6zellikle yaz aylar\u0131nda il\u00e7eye gelen binlerce tatilcinin bu t\u00fcr g\u00f6r\u00fcnt\u00fclerle kar\u015f\u0131la\u015fmas\u0131n\u0131n il\u00e7enin imaj\u0131n\u0131 olumsuz etkiledi\u011fini ifade eden b\u00f6lge sakinleri, yetkililerin daha duyarl\u0131 ve h\u0131zl\u0131 hareket etmesini istedi.<\/p>\n\n\n\n<p class=\"wp-block-paragraph\">Vatanda\u015flar, hem \u00e7evre temizli\u011fi hem de halk sa\u011fl\u0131\u011f\u0131n\u0131n korunmas\u0131 ad\u0131na s\u00f6z konusu alanda gerekli i\u015flemlerin bir an \u00f6nce yap\u0131lmas\u0131n\u0131 beklediklerini dile getirdi.<\/p>\n\n\n\n<p class=\"wp-block-paragraph\"><strong>Not:<\/strong> Haberde yer alan de\u011ferlendirmeler ve ele\u015ftiriler, olay\u0131 aktaran vatanda\u015flar\u0131n iddialar\u0131na dayanmaktad\u0131r. Konuyla ilgili Marmaraere\u011flisi Belediyesi&#8217;nden yap\u0131lacak a\u00e7\u0131klamalara da ayn\u0131 \u015fekilde yer verilecektir.<\/p>\n","protected":false},"excerpt":{"rendered":"<p>Tekirda\u011f&#8217;\u0131n \u00f6nemli turizm merkezlerinden Marmaraere\u011flisi&#8217;nde \u00e7ekildi\u011fi belirtilen g\u00f6r\u00fcnt\u00fcler, vatanda\u015flar\u0131n tepkisine neden oldu. Yol kenar\u0131nda bulunan<\/p>\n","protected":false},"author":1,"featured_media":4309,"comment_status":"open","ping_status":"open","sticky":false,"template":"","format":"standard","meta":{"_rtcl_gb_attr":"","footnotes":""},"categories":[74],"tags":[],"class_list":["post-4308","post","type-post","status-publish","format-standard","has-post-thumbnail","hentry","category-yerel-haberler"],"_links":{"self":[{"href":"https:\/\/turkiyemhaber.com\/index.php?rest_route=\/wp\/v2\/posts\/4308","targetHints":{"allow":["GET"]}}],"collection":[{"href":"https:\/\/turkiyemhaber.com\/index.php?rest_route=\/wp\/v2\/posts"}],"about":[{"href":"https:\/\/turkiyemhaber.com\/index.php?rest_route=\/wp\/v2\/types\/post"}],"author":[{"embeddable":true,"href":"https:\/\/turkiyemhaber.com\/index.php?rest_route=\/wp\/v2\/users\/1"}],"replies":[{"embeddable":true,"href":"https:\/\/turkiyemhaber.com\/index.php?rest_route=%2Fwp%2Fv2%2Fcomments&post=4308"}],"version-history":[{"count":1,"href":"https:\/\/turkiyemhaber.com\/index.php?rest_route=\/wp\/v2\/posts\/4308\/revisions"}],"predecessor-version":[{"id":4310,"href":"https:\/\/turkiyemhaber.com\/index.php?rest_route=\/wp\/v2\/posts\/4308\/revisions\/4310"}],"wp:featuredmedia":[{"embeddable":true,"href":"https:\/\/turkiyemhaber.com\/index.php?rest_route=\/wp\/v2\/media\/4309"}],"wp:attachment":[{"href":"https:\/\/turkiyemhaber.com\/index.php?rest_route=%2Fwp%2Fv2%2Fmedia&parent=4308"}],"wp:term":[{"taxonomy":"category","embeddable":true,"href":"https:\/\/turkiyemhaber.com\/index.php?rest_route=%2Fwp%2Fv2%2Fcategories&post=4308"},{"taxonomy":"post_tag","embeddable":true,"href":"https:\/\/turkiyemhaber.com\/index.php?rest_route=%2Fwp%2Fv2%2Ftags&post=4308"}],"curies":[{"name":"wp","href":"https:\/\/api.w.org\/{rel}","templated":true}]}}