{"id":4305,"date":"2026-07-26T10:34:27","date_gmt":"2026-07-26T10:34:27","guid":{"rendered":"https:\/\/turkiyemhaber.com\/?p=4305"},"modified":"2026-07-26T10:34:31","modified_gmt":"2026-07-26T10:34:31","slug":"chp-istanbul-kadin-kollarinda-anlamli-bulusma-ortak-hedefimiz-adalet-ve-esitlik","status":"publish","type":"post","link":"https:\/\/turkiyemhaber.com\/?p=4305","title":{"rendered":"CHP \u0130stanbul Kad\u0131n Kollar\u0131\u2019nda Anlaml\u0131 Bulu\u015fma: \u201cOrtak Hedefimiz Adalet ve E\u015fitlik\u201d"},"content":{"rendered":"\n<h1 class=\"wp-block-heading\">CHP \u0130stanbul Kad\u0131n Kollar\u0131\u2019nda Anlaml\u0131 Bulu\u015fma: \u201cOrtak Hedefimiz Adalet ve E\u015fitlik\u201d<\/h1>\n\n\n\n<p class=\"wp-block-paragraph\"><strong>Cumhuriyet Halk Partisi (CHP) \u0130stanbul Kad\u0131n Kollar\u0131 \u0130l Ba\u015fkan\u0131 Sevgi D\u00fczg\u00fcn<\/strong>, parti te\u015fkilat\u0131ndan ve Tekirda\u011f \u00f6rg\u00fct\u00fcnden \u00f6nemli isimleri \u0130stanbul \u0130l Ba\u015fkanl\u0131\u011f\u0131&#8217;nda a\u011f\u0131rlad\u0131. Ger\u00e7ekle\u015fen bulu\u015fmada kad\u0131nlar\u0131n ve gen\u00e7lerin siyasette daha g\u00fc\u00e7l\u00fc temsil edilmesi, \u00f6rg\u00fctlenme \u00e7al\u0131\u015fmalar\u0131 ve ortak hedefler \u00fczerine de\u011ferlendirmelerde bulunuldu.<\/p>\n\n\n\n<h2 class=\"wp-block-heading\">Geni\u015f Kat\u0131l\u0131ml\u0131 Ziyaret<\/h2>\n\n\n\n<p class=\"wp-block-paragraph\">CHP \u0130stanbul Kad\u0131n Kollar\u0131 \u0130l Ba\u015fkanl\u0131\u011f\u0131&#8217;nda ger\u00e7ekle\u015fen ziyarete;<\/p>\n\n\n\n<ul class=\"wp-block-list\">\n<li>CHP Genel Merkez Kad\u0131n Kollar\u0131 MYK \u00dcyesi <strong>Deniz Do\u011fru<\/strong><\/li>\n\n\n\n<li>CHP Tekirda\u011f \u0130l Y\u00f6netim Kurulu \u00dcyeleri <strong>Tu\u011f\u00e7e Zay\u0131m<\/strong> ve <strong>Umut Ba\u015fc\u0131<\/strong><\/li>\n\n\n\n<li>CHP Marmara Ere\u011flisi Kad\u0131n Kollar\u0131 Ba\u015fkan\u0131 <strong>Gizem Budak<\/strong><\/li>\n\n\n\n<li>CHP Tekirda\u011f \u0130l Gen\u00e7lik Kollar\u0131 Ba\u015fkan\u0131 <strong>Cenk I\u015f\u0131ksel<\/strong><\/li>\n\n\n\n<li>CHP Marmara Ere\u011flisi Gen\u00e7lik Kollar\u0131 Ba\u015fkan\u0131 <strong>An\u0131l Din\u00e7el<\/strong><\/li>\n<\/ul>\n\n\n\n<p class=\"wp-block-paragraph\">kat\u0131ld\u0131.<\/p>\n\n\n\n<p class=\"wp-block-paragraph\">Toplant\u0131da kad\u0131nlar\u0131n siyasal ya\u015famdaki etkinli\u011fi, gen\u00e7lerin karar alma s\u00fcre\u00e7lerine kat\u0131l\u0131m\u0131 ve \u00f6rg\u00fctlenme \u00e7al\u0131\u015fmalar\u0131n\u0131n g\u00fc\u00e7lendirilmesine y\u00f6nelik g\u00f6r\u00fc\u015f al\u0131\u015fveri\u015finde bulunuldu.<\/p>\n\n\n\n<h2 class=\"wp-block-heading\">&#8220;G\u00fc\u00e7l\u00fc Temsil, E\u015fit Bir T\u00fcrkiye&#8221;<\/h2>\n\n\n\n<p class=\"wp-block-paragraph\">Ziyaretten duydu\u011fu memnuniyeti dile getiren CHP \u0130stanbul Kad\u0131n Kollar\u0131 \u0130l Ba\u015fkan\u0131 <strong>Sevgi D\u00fczg\u00fcn<\/strong>, konuklar\u0131na te\u015fekk\u00fcr ederek ortak hedeflerinin demokrasi, adalet ve e\u015fitlik temelinde g\u00fc\u00e7l\u00fc bir T\u00fcrkiye in\u015fa etmek oldu\u011funu vurgulad\u0131.<\/p>\n\n\n\n<p class=\"wp-block-paragraph\">D\u00fczg\u00fcn a\u00e7\u0131klamas\u0131nda \u015fu ifadeleri kulland\u0131:<\/p>\n\n\n\n<blockquote class=\"wp-block-quote is-layout-flow wp-block-quote-is-layout-flow\">\n<p class=\"wp-block-paragraph\">&#8220;Ortak hedefimiz; halk\u0131n umudunu b\u00fcy\u00fcten, kad\u0131nlar\u0131n ve gen\u00e7lerin daha g\u00fc\u00e7l\u00fc temsil edildi\u011fi, adaletin ve e\u015fitli\u011fin egemen oldu\u011fu bir T\u00fcrkiye&#8217;yi hep birlikte in\u015fa etmektir.&#8221;<\/p>\n<\/blockquote>\n\n\n\n<h2 class=\"wp-block-heading\">Kad\u0131n ve Gen\u00e7lik \u00d6rg\u00fctlenmesine Vurgu<\/h2>\n\n\n\n<p class=\"wp-block-paragraph\">Samimi bir ortamda ger\u00e7ekle\u015fen bulu\u015fman\u0131n, CHP&#8217;nin kad\u0131n ve gen\u00e7lik \u00f6rg\u00fctleri aras\u0131ndaki dayan\u0131\u015fmay\u0131 g\u00fc\u00e7lendirmesi a\u00e7\u0131s\u0131ndan \u00f6nemli oldu\u011fu belirtilirken, \u00f6n\u00fcm\u00fczdeki s\u00fcre\u00e7te ortak \u00e7al\u0131\u015fmalar\u0131n art\u0131r\u0131larak s\u00fcrd\u00fcr\u00fclmesi y\u00f6n\u00fcnde g\u00f6r\u00fc\u015f birli\u011fine var\u0131ld\u0131\u011f\u0131 ifade edildi. Ziyaret, g\u00fcn\u00fcn an\u0131s\u0131na \u00e7ekilen hat\u0131ra foto\u011fraf\u0131yla sona erdi.<\/p>\n","protected":false},"excerpt":{"rendered":"<p>CHP \u0130stanbul Kad\u0131n Kollar\u0131\u2019nda Anlaml\u0131 Bulu\u015fma: \u201cOrtak Hedefimiz Adalet ve E\u015fitlik\u201d Cumhuriyet Halk Partisi (CHP)<\/p>\n","protected":false},"author":1,"featured_media":4306,"comment_status":"open","ping_status":"open","sticky":false,"template":"","format":"standard","meta":{"_rtcl_gb_attr":"","footnotes":""},"categories":[44],"tags":[],"class_list":["post-4305","post","type-post","status-publish","format-standard","has-post-thumbnail","hentry","category-politika"],"_links":{"self":[{"href":"https:\/\/turkiyemhaber.com\/index.php?rest_route=\/wp\/v2\/posts\/4305","targetHints":{"allow":["GET"]}}],"collection":[{"href":"https:\/\/turkiyemhaber.com\/index.php?rest_route=\/wp\/v2\/posts"}],"about":[{"href":"https:\/\/turkiyemhaber.com\/index.php?rest_route=\/wp\/v2\/types\/post"}],"author":[{"embeddable":true,"href":"https:\/\/turkiyemhaber.com\/index.php?rest_route=\/wp\/v2\/users\/1"}],"replies":[{"embeddable":true,"href":"https:\/\/turkiyemhaber.com\/index.php?rest_route=%2Fwp%2Fv2%2Fcomments&post=4305"}],"version-history":[{"count":1,"href":"https:\/\/turkiyemhaber.com\/index.php?rest_route=\/wp\/v2\/posts\/4305\/revisions"}],"predecessor-version":[{"id":4307,"href":"https:\/\/turkiyemhaber.com\/index.php?rest_route=\/wp\/v2\/posts\/4305\/revisions\/4307"}],"wp:featuredmedia":[{"embeddable":true,"href":"https:\/\/turkiyemhaber.com\/index.php?rest_route=\/wp\/v2\/media\/4306"}],"wp:attachment":[{"href":"https:\/\/turkiyemhaber.com\/index.php?rest_route=%2Fwp%2Fv2%2Fmedia&parent=4305"}],"wp:term":[{"taxonomy":"category","embeddable":true,"href":"https:\/\/turkiyemhaber.com\/index.php?rest_route=%2Fwp%2Fv2%2Fcategories&post=4305"},{"taxonomy":"post_tag","embeddable":true,"href":"https:\/\/turkiyemhaber.com\/index.php?rest_route=%2Fwp%2Fv2%2Ftags&post=4305"}],"curies":[{"name":"wp","href":"https:\/\/api.w.org\/{rel}","templated":true}]}}