{"id":4297,"date":"2026-07-25T13:46:24","date_gmt":"2026-07-25T13:46:24","guid":{"rendered":"https:\/\/turkiyemhaber.com\/?p=4297"},"modified":"2026-07-25T13:46:29","modified_gmt":"2026-07-25T13:46:29","slug":"4-trakya-ucurtma-festivali-sarkoyde-renkli-goruntulerle-basladi","status":"publish","type":"post","link":"https:\/\/turkiyemhaber.com\/?p=4297","title":{"rendered":"4. Trakya U\u00e7urtma Festivali \u015eark\u00f6y&#8217;de renkli g\u00f6r\u00fcnt\u00fclerle ba\u015flad\u0131"},"content":{"rendered":"\n<p class=\"wp-block-paragraph\">Tekirda\u011f&#8217;\u0131n \u015eark\u00f6y il\u00e7esinde bu y\u0131l d\u00f6rd\u00fcnc\u00fcs\u00fc d\u00fczenlenen Trakya U\u00e7urtma Festivali ba\u015flad\u0131. T\u00fcrkiye&#8217;nin yan\u0131 s\u0131ra Danimarka, \u0130ngiltere, Almanya, Bulgaristan, Fransa ve \u0130svi\u00e7re&#8217;den gelen u\u00e7urtma sanat\u00e7\u0131lar\u0131, dev u\u00e7urtmalar\u0131n\u0131 Ho\u015fk\u00f6y semalar\u0131nda g\u00f6ky\u00fcz\u00fcyle bulu\u015fturdu.<\/p>\n\n\n\n<p class=\"wp-block-paragraph\">Yarat\u0131c\u0131 \u00c7ocuklar Derne\u011fi taraf\u0131ndan, K\u00fclt\u00fcr ve Turizm Bakanl\u0131\u011f\u0131, Tekirda\u011f Valili\u011fi, Tekirda\u011f B\u00fcy\u00fck\u015fehir Belediyesi, \u0130l Jandarma Komutanl\u0131\u011f\u0131 ve \u015eark\u00f6y Belediyesinin katk\u0131lar\u0131yla d\u00fczenlenen festival, birbirinden renkli etkinliklere ev sahipli\u011fi yap\u0131yor.<\/p>\n\n\n\n<h2 class=\"wp-block-heading\"><strong>14 uluslararas\u0131 u\u00e7urtma sanat\u00e7\u0131s\u0131 kat\u0131l\u0131yor<\/strong><\/h2>\n\n\n\n<p class=\"wp-block-paragraph\">Ho\u015fk\u00f6y Mahallesi&#8217;nde ger\u00e7ekle\u015ftirilen festivale T\u00fcrkiye&#8217;nin yan\u0131 s\u0131ra Danimarka, \u0130ngiltere, Almanya, Bulgaristan, Fransa ve \u0130svi\u00e7re&#8217;den toplam 14 u\u00e7urtma sanat\u00e7\u0131s\u0131 kat\u0131ld\u0131. Festivalin ilk g\u00fcn\u00fcnde &#8220;deniz canl\u0131lar\u0131&#8221; temal\u0131 dev u\u00e7urtmalar g\u00f6ky\u00fcz\u00fcn\u00fc renklendirdi.<\/p>\n\n\n\n<h2 class=\"wp-block-heading\"><strong>150 \u00e7ocuk kendi u\u00e7urtmas\u0131n\u0131 yapt\u0131<\/strong><\/h2>\n\n\n\n<p class=\"wp-block-paragraph\">Festival \u00f6ncesinde d\u00fczenlenen \u00fccretsiz u\u00e7urtma yap\u0131m at\u00f6lyelerine 7-15 ya\u015f grubundan 150 \u00e7ocuk kat\u0131ld\u0131. U\u00e7urtma sanat\u00e7\u0131lar\u0131n\u0131n rehberli\u011finde kendi u\u00e7urtmalar\u0131n\u0131 haz\u0131rlayan \u00e7ocuklar, daha sonra yapt\u0131klar\u0131 u\u00e7urtmalar\u0131 g\u00f6ky\u00fcz\u00fcyle bulu\u015fturman\u0131n heyecan\u0131n\u0131 ya\u015fad\u0131.<\/p>\n\n\n\n<h2 class=\"wp-block-heading\"><strong>&#8220;Festival, k\u00fclt\u00fcrel diyalo\u011fun ve bar\u0131\u015f\u0131n simgesi&#8221;<\/strong><\/h2>\n\n\n\n<p class=\"wp-block-paragraph\">Yarat\u0131c\u0131 \u00c7ocuklar Derne\u011fi Y\u00f6netim Kurulu Ba\u015fkan\u0131 Didem \u00c7apa, festivalin yaln\u0131zca bir u\u00e7urtma etkinli\u011fi olmad\u0131\u011f\u0131n\u0131 belirterek, sanat\u0131n insanlar ve k\u00fclt\u00fcrler aras\u0131nda kurdu\u011fu ba\u011fa dikkat \u00e7ekti.<\/p>\n\n\n\n<p class=\"wp-block-paragraph\">\u00c7apa, festival kapsam\u0131nda sanatsal u\u00e7urtma g\u00f6sterilerinin yan\u0131 s\u0131ra m\u00fczik etkinliklerinin de ger\u00e7ekle\u015ftirildi\u011fini ifade ederek, &#8220;Festival yaln\u0131zca bir u\u00e7urtma etkinli\u011fi de\u011fil; sanat\u0131n insanlar ve k\u00fclt\u00fcrler aras\u0131nda kurdu\u011fu ba\u011f\u0131n, ortak mutlulu\u011fun, k\u00fclt\u00fcrel diyalo\u011fun ve bar\u0131\u015f\u0131n g\u00f6ky\u00fcz\u00fcndeki ifadesidir. Ayn\u0131 g\u00f6ky\u00fcz\u00fc alt\u0131nda mutlu ya\u015faman\u0131n m\u00fcmk\u00fcn oldu\u011funa inan\u0131yoruz.&#8221; dedi.<\/p>\n\n\n\n<p class=\"wp-block-paragraph\">Festival, yar\u0131n d\u00fczenlenecek <strong>&#8220;kara canl\u0131lar\u0131&#8221;<\/strong> temal\u0131 u\u00e7urtma g\u00f6sterileri ve \u00e7e\u015fitli k\u00fclt\u00fcrel etkinliklerin ard\u0131ndan sona erecek.<\/p>\n","protected":false},"excerpt":{"rendered":"<p>Tekirda\u011f&#8217;\u0131n \u015eark\u00f6y il\u00e7esinde bu y\u0131l d\u00f6rd\u00fcnc\u00fcs\u00fc d\u00fczenlenen Trakya U\u00e7urtma Festivali ba\u015flad\u0131. T\u00fcrkiye&#8217;nin yan\u0131 s\u0131ra Danimarka,<\/p>\n","protected":false},"author":1,"featured_media":4298,"comment_status":"open","ping_status":"open","sticky":false,"template":"","format":"standard","meta":{"_rtcl_gb_attr":"","footnotes":""},"categories":[74],"tags":[],"class_list":["post-4297","post","type-post","status-publish","format-standard","has-post-thumbnail","hentry","category-yerel-haberler"],"_links":{"self":[{"href":"https:\/\/turkiyemhaber.com\/index.php?rest_route=\/wp\/v2\/posts\/4297","targetHints":{"allow":["GET"]}}],"collection":[{"href":"https:\/\/turkiyemhaber.com\/index.php?rest_route=\/wp\/v2\/posts"}],"about":[{"href":"https:\/\/turkiyemhaber.com\/index.php?rest_route=\/wp\/v2\/types\/post"}],"author":[{"embeddable":true,"href":"https:\/\/turkiyemhaber.com\/index.php?rest_route=\/wp\/v2\/users\/1"}],"replies":[{"embeddable":true,"href":"https:\/\/turkiyemhaber.com\/index.php?rest_route=%2Fwp%2Fv2%2Fcomments&post=4297"}],"version-history":[{"count":1,"href":"https:\/\/turkiyemhaber.com\/index.php?rest_route=\/wp\/v2\/posts\/4297\/revisions"}],"predecessor-version":[{"id":4299,"href":"https:\/\/turkiyemhaber.com\/index.php?rest_route=\/wp\/v2\/posts\/4297\/revisions\/4299"}],"wp:featuredmedia":[{"embeddable":true,"href":"https:\/\/turkiyemhaber.com\/index.php?rest_route=\/wp\/v2\/media\/4298"}],"wp:attachment":[{"href":"https:\/\/turkiyemhaber.com\/index.php?rest_route=%2Fwp%2Fv2%2Fmedia&parent=4297"}],"wp:term":[{"taxonomy":"category","embeddable":true,"href":"https:\/\/turkiyemhaber.com\/index.php?rest_route=%2Fwp%2Fv2%2Fcategories&post=4297"},{"taxonomy":"post_tag","embeddable":true,"href":"https:\/\/turkiyemhaber.com\/index.php?rest_route=%2Fwp%2Fv2%2Ftags&post=4297"}],"curies":[{"name":"wp","href":"https:\/\/api.w.org\/{rel}","templated":true}]}}