{"id":4287,"date":"2026-07-25T13:39:18","date_gmt":"2026-07-25T13:39:18","guid":{"rendered":"https:\/\/turkiyemhaber.com\/?p=4287"},"modified":"2026-07-25T13:39:23","modified_gmt":"2026-07-25T13:39:23","slug":"ankarayi-saganak-vurdu-yol-coktu-araclar-sele-kapildi","status":"publish","type":"post","link":"https:\/\/turkiyemhaber.com\/?p=4287","title":{"rendered":"Ankara&#8217;y\u0131 sa\u011fanak vurdu! Yol \u00e7\u00f6kt\u00fc, ara\u00e7lar sele kap\u0131ld\u0131"},"content":{"rendered":"\n<p class=\"wp-block-paragraph\">T\u00fcrkiye genelinde etkili olan ya\u011f\u0131\u015fl\u0131 hava, ba\u015fkent Ankara&#8217;da hayat\u0131 olumsuz etkiledi. Sabah saatlerinde ba\u015flayan \u015fiddetli sa\u011fanak nedeniyle cadde ve sokaklar g\u00f6le d\u00f6nerken, Mamak&#8217;ta yol \u00e7\u00f6kt\u00fc, bir ara\u00e7 \u00e7ukura d\u00fc\u015ft\u00fc, \u00e7ok say\u0131da i\u015f yerini su bast\u0131.<\/p>\n\n\n\n<p class=\"wp-block-paragraph\">Ankara&#8217;n\u0131n bir\u00e7ok il\u00e7esinde etkisini g\u00f6steren sa\u011fanak ya\u011f\u0131\u015f, ula\u015f\u0131mda aksamalara ve su bask\u0131nlar\u0131na neden oldu. \u00d6zellikle Mamak, Alt\u0131nda\u011f ve Yenikent&#8217;te vatanda\u015flar zor anlar ya\u015fad\u0131.<\/p>\n\n\n\n<figure class=\"wp-block-image size-full\"><img loading=\"lazy\" decoding=\"async\" width=\"640\" height=\"555\" src=\"https:\/\/turkiyemhaber.com\/wp-content\/uploads\/2026\/07\/baskentte-saganak-hayati-felc-20086136-9034_1_m.webp\" alt=\"\" class=\"wp-image-4294\" srcset=\"https:\/\/turkiyemhaber.com\/wp-content\/uploads\/2026\/07\/baskentte-saganak-hayati-felc-20086136-9034_1_m.webp 640w, https:\/\/turkiyemhaber.com\/wp-content\/uploads\/2026\/07\/baskentte-saganak-hayati-felc-20086136-9034_1_m-300x260.webp 300w, https:\/\/turkiyemhaber.com\/wp-content\/uploads\/2026\/07\/baskentte-saganak-hayati-felc-20086136-9034_1_m-14x12.webp 14w\" sizes=\"auto, (max-width: 640px) 100vw, 640px\" \/><\/figure>\n\n\n\n<h2 class=\"wp-block-heading\"><strong>Yol \u00e7\u00f6kt\u00fc, ara\u00e7 \u00e7ukura d\u00fc\u015ft\u00fc<\/strong><\/h2>\n\n\n\n<p class=\"wp-block-paragraph\">Sa\u011fana\u011f\u0131n en fazla etkili oldu\u011fu Mamak il\u00e7esi Mutlu Mahallesi&#8217;nde Sel\u00e7uklu \u0130lkokulu&#8217;nun \u00e7evre duvar\u0131 \u00e7\u00f6kt\u00fc. Ayn\u0131 mahallede bulunan \u0130mam Alim Sultan Caddesi&#8217;nde ise yolun \u00e7\u00f6kmesi sonucu bir hafif ticari ara\u00e7 olu\u015fan \u00e7ukura d\u00fc\u015ft\u00fc. Olayda can kayb\u0131 veya yaralanma ya\u015fanmad\u0131.<\/p>\n\n\n\n<h2 class=\"wp-block-heading\"><strong>Cadde ve sokaklar sular alt\u0131nda kald\u0131<\/strong><\/h2>\n\n\n\n<p class=\"wp-block-paragraph\">Kent genelinde bir\u00e7ok cadde, sokak ve k\u00f6pr\u00fc alt\u0131 ya\u011fmur sular\u0131yla doldu. R\u00f6garlar\u0131n ta\u015fmas\u0131 nedeniyle su seviyesi y\u00fckselirken, trafikte uzun ara\u00e7 kuyruklar\u0131 olu\u015ftu. S\u00fcr\u00fcc\u00fcler ilerlemekte g\u00fc\u00e7l\u00fck \u00e7ekerken, baz\u0131 noktalarda ula\u015f\u0131m durma noktas\u0131na geldi.<\/p>\n\n\n\n<figure class=\"wp-block-image size-full\"><img loading=\"lazy\" decoding=\"async\" width=\"640\" height=\"854\" src=\"https:\/\/turkiyemhaber.com\/wp-content\/uploads\/2026\/07\/ankara-felc-oldu-yol-coktu-ara-20086136-7169_1_m.webp\" alt=\"\" class=\"wp-image-4292\" srcset=\"https:\/\/turkiyemhaber.com\/wp-content\/uploads\/2026\/07\/ankara-felc-oldu-yol-coktu-ara-20086136-7169_1_m.webp 640w, https:\/\/turkiyemhaber.com\/wp-content\/uploads\/2026\/07\/ankara-felc-oldu-yol-coktu-ara-20086136-7169_1_m-225x300.webp 225w, https:\/\/turkiyemhaber.com\/wp-content\/uploads\/2026\/07\/ankara-felc-oldu-yol-coktu-ara-20086136-7169_1_m-9x12.webp 9w\" sizes=\"auto, (max-width: 640px) 100vw, 640px\" \/><\/figure>\n\n\n\n<h2 class=\"wp-block-heading\"><strong>\u0130\u015f yerlerini su bast\u0131<\/strong><\/h2>\n\n\n\n<p class=\"wp-block-paragraph\">Yenikent Sanayi Sitesi&#8217;nde \u00e7ok say\u0131da i\u015f yerini su bast\u0131. Su bask\u0131nlar\u0131 nedeniyle i\u015fletmelerde maddi hasar meydana gelirken, sanayi sitesinin baz\u0131 b\u00f6l\u00fcmleri tamamen sular alt\u0131nda kald\u0131.<\/p>\n\n\n\n<figure class=\"wp-block-image size-full\"><img loading=\"lazy\" decoding=\"async\" width=\"640\" height=\"600\" src=\"https:\/\/turkiyemhaber.com\/wp-content\/uploads\/2026\/07\/baskentte-saganak-hayati-felc-20086136-7500_1_m-2.jpg\" alt=\"\" class=\"wp-image-4293\" srcset=\"https:\/\/turkiyemhaber.com\/wp-content\/uploads\/2026\/07\/baskentte-saganak-hayati-felc-20086136-7500_1_m-2.jpg 640w, https:\/\/turkiyemhaber.com\/wp-content\/uploads\/2026\/07\/baskentte-saganak-hayati-felc-20086136-7500_1_m-2-300x281.jpg 300w, https:\/\/turkiyemhaber.com\/wp-content\/uploads\/2026\/07\/baskentte-saganak-hayati-felc-20086136-7500_1_m-2-13x12.jpg 13w\" sizes=\"auto, (max-width: 640px) 100vw, 640px\" \/><\/figure>\n\n\n\n<h2 class=\"wp-block-heading\"><strong>Kurye motosikletleri sel sular\u0131na kap\u0131ld\u0131<\/strong><\/h2>\n\n\n\n<p class=\"wp-block-paragraph\">Mamak Dereboyu mevkisinde sel sular\u0131na kap\u0131lan kurye motosikletleri metrelerce s\u00fcr\u00fcklendi. O anlar \u00e7evredeki vatanda\u015flar taraf\u0131ndan cep telefonu kameralar\u0131yla kaydedildi.<\/p>\n\n\n\n<figure class=\"wp-block-image size-full\"><img loading=\"lazy\" decoding=\"async\" width=\"640\" height=\"480\" src=\"https:\/\/turkiyemhaber.com\/wp-content\/uploads\/2026\/07\/ankara-felc-oldu-yol-coktu-ara-20086136-3436_1_m-1.webp\" alt=\"\" class=\"wp-image-4295\" srcset=\"https:\/\/turkiyemhaber.com\/wp-content\/uploads\/2026\/07\/ankara-felc-oldu-yol-coktu-ara-20086136-3436_1_m-1.webp 640w, https:\/\/turkiyemhaber.com\/wp-content\/uploads\/2026\/07\/ankara-felc-oldu-yol-coktu-ara-20086136-3436_1_m-1-300x225.webp 300w, https:\/\/turkiyemhaber.com\/wp-content\/uploads\/2026\/07\/ankara-felc-oldu-yol-coktu-ara-20086136-3436_1_m-1-16x12.webp 16w, https:\/\/turkiyemhaber.com\/wp-content\/uploads\/2026\/07\/ankara-felc-oldu-yol-coktu-ara-20086136-3436_1_m-1-320x240.webp 320w\" sizes=\"auto, (max-width: 640px) 100vw, 640px\" \/><\/figure>\n\n\n\n<h2 class=\"wp-block-heading\"><strong>Alt ge\u00e7it ula\u015f\u0131ma kapand\u0131<\/strong><\/h2>\n\n\n\n<p class=\"wp-block-paragraph\">Alt\u0131nda\u011f il\u00e7esindeki Turgut \u00d6zal Bulvar\u0131 \u00fczerindeki alt ge\u00e7it de yo\u011fun ya\u011f\u0131\u015f nedeniyle sular alt\u0131nda kald\u0131. Su seviyesinin y\u00fckselmesi \u00fczerine alt ge\u00e7it trafi\u011fe kapat\u0131l\u0131rken, i\u00e7eride bulunan bir hafif ticari ara\u00e7 su i\u00e7erisinde mahsur kald\u0131. Arac\u0131n b\u00fcy\u00fck b\u00f6l\u00fcm\u00fcn\u00fcn sular alt\u0131nda kald\u0131\u011f\u0131 g\u00f6r\u00fcld\u00fc.<\/p>\n\n\n\n<p class=\"wp-block-paragraph\">Meteoroloji yetkilileri, ya\u011f\u0131\u015flar\u0131n baz\u0131 b\u00f6lgelerde etkisini s\u00fcrd\u00fcrebilece\u011fini belirterek vatanda\u015flar\u0131 ani sel, su bask\u0131n\u0131 ve ula\u015f\u0131mda ya\u015fanabilecek olumsuzluklara kar\u015f\u0131 dikkatli ve tedbirli olmalar\u0131 konusunda uyard\u0131.<\/p>\n","protected":false},"excerpt":{"rendered":"<p>T\u00fcrkiye genelinde etkili olan ya\u011f\u0131\u015fl\u0131 hava, ba\u015fkent Ankara&#8217;da hayat\u0131 olumsuz etkiledi. Sabah saatlerinde ba\u015flayan \u015fiddetli<\/p>\n","protected":false},"author":1,"featured_media":4289,"comment_status":"open","ping_status":"open","sticky":false,"template":"","format":"standard","meta":{"_rtcl_gb_attr":"","footnotes":""},"categories":[1],"tags":[],"class_list":["post-4287","post","type-post","status-publish","format-standard","has-post-thumbnail","hentry","category-http-turkiyemhaber-com-wp-content-uploads-2026-03-saray-59-haber-13-mart-pdf"],"_links":{"self":[{"href":"https:\/\/turkiyemhaber.com\/index.php?rest_route=\/wp\/v2\/posts\/4287","targetHints":{"allow":["GET"]}}],"collection":[{"href":"https:\/\/turkiyemhaber.com\/index.php?rest_route=\/wp\/v2\/posts"}],"about":[{"href":"https:\/\/turkiyemhaber.com\/index.php?rest_route=\/wp\/v2\/types\/post"}],"author":[{"embeddable":true,"href":"https:\/\/turkiyemhaber.com\/index.php?rest_route=\/wp\/v2\/users\/1"}],"replies":[{"embeddable":true,"href":"https:\/\/turkiyemhaber.com\/index.php?rest_route=%2Fwp%2Fv2%2Fcomments&post=4287"}],"version-history":[{"count":1,"href":"https:\/\/turkiyemhaber.com\/index.php?rest_route=\/wp\/v2\/posts\/4287\/revisions"}],"predecessor-version":[{"id":4296,"href":"https:\/\/turkiyemhaber.com\/index.php?rest_route=\/wp\/v2\/posts\/4287\/revisions\/4296"}],"wp:featuredmedia":[{"embeddable":true,"href":"https:\/\/turkiyemhaber.com\/index.php?rest_route=\/wp\/v2\/media\/4289"}],"wp:attachment":[{"href":"https:\/\/turkiyemhaber.com\/index.php?rest_route=%2Fwp%2Fv2%2Fmedia&parent=4287"}],"wp:term":[{"taxonomy":"category","embeddable":true,"href":"https:\/\/turkiyemhaber.com\/index.php?rest_route=%2Fwp%2Fv2%2Fcategories&post=4287"},{"taxonomy":"post_tag","embeddable":true,"href":"https:\/\/turkiyemhaber.com\/index.php?rest_route=%2Fwp%2Fv2%2Ftags&post=4287"}],"curies":[{"name":"wp","href":"https:\/\/api.w.org\/{rel}","templated":true}]}}