{"id":4284,"date":"2026-07-25T13:33:24","date_gmt":"2026-07-25T13:33:24","guid":{"rendered":"https:\/\/turkiyemhaber.com\/?p=4284"},"modified":"2026-07-25T13:33:29","modified_gmt":"2026-07-25T13:33:29","slug":"filenin-sultanlari-finale-yukseldi-cini-set-vermeden-devirdik","status":"publish","type":"post","link":"https:\/\/turkiyemhaber.com\/?p=4284","title":{"rendered":"Filenin Sultanlar\u0131 finale y\u00fckseldi! \u00c7in&#8217;i set vermeden devirdik"},"content":{"rendered":"\n<p class=\"wp-block-paragraph\">A Milli Kad\u0131n Voleybol Tak\u0131m\u0131m\u0131z, 2026 FIVB Milletler Ligi yar\u0131 finalinde ev sahibi \u00c7in&#8217;i 3-0 ma\u011flup ederek ad\u0131n\u0131 finale yazd\u0131rd\u0131. Ay-y\u0131ld\u0131zl\u0131lar, \u015fampiyonluk m\u00fccadelesinde Brezilya ile kar\u015f\u0131 kar\u015f\u0131ya gelecek.<\/p>\n\n\n\n<p class=\"wp-block-paragraph\">2026 FIVB Milletler Ligi yar\u0131 finalinde \u00c7in ile kar\u015f\u0131la\u015fan Filenin Sultanlar\u0131, \u00fcst\u00fcn bir oyun sergileyerek rakibini set vermeden ge\u00e7ti.<\/p>\n\n\n\n<p class=\"wp-block-paragraph\">\u0130lk seti <strong>25-21<\/strong>, ikinci seti <strong>25-15<\/strong>, \u00fc\u00e7\u00fcnc\u00fc seti ise <strong>25-20<\/strong> kazanan Milliler, m\u00fccadeleden <strong>3-0<\/strong> galip ayr\u0131larak finale y\u00fckselmeyi ba\u015fard\u0131.<\/p>\n\n\n\n<h2 class=\"wp-block-heading\"><strong>Rakip Brezilya<\/strong><\/h2>\n\n\n\n<p class=\"wp-block-paragraph\">Filenin Sultanlar\u0131, 2026 FIVB Milletler Ligi finalinde yar\u0131n saat <strong>14.30&#8217;da<\/strong> Brezilya ile \u015fampiyonluk m\u00fccadelesi verecek.<\/p>\n\n\n\n<h2 class=\"wp-block-heading\"><strong>Ma\u00e7\u0131n setleri<\/strong><\/h2>\n\n\n\n<ul class=\"wp-block-list\">\n<li><strong>1. Set:<\/strong> \u00c7in 21-25 T\u00fcrkiye<\/li>\n\n\n\n<li><strong>2. Set:<\/strong> \u00c7in 15-25 T\u00fcrkiye<\/li>\n\n\n\n<li><strong>3. Set:<\/strong> \u00c7in 20-25 T\u00fcrkiye<\/li>\n<\/ul>\n\n\n\n<p class=\"wp-block-paragraph\"><strong>Ma\u00e7 Sonucu:<\/strong> \u00c7in 0-3 T\u00fcrkiye<\/p>\n\n\n\n<h2 class=\"wp-block-heading\"><strong>Turnuvadaki ba\u015far\u0131l\u0131 performans<\/strong><\/h2>\n\n\n\n<p class=\"wp-block-paragraph\">A Milli Kad\u0131n Voleybol Tak\u0131m\u0131, Milletler Ligi&#8217;nin normal sezonunu 9 galibiyetle 4. s\u0131rada tamamlayarak finallere kat\u0131lma hakk\u0131 kazand\u0131. \u00c7eyrek finalde Kanada&#8217;y\u0131 eleyen Filenin Sultanlar\u0131, yar\u0131 finalde de ev sahibi \u00c7in&#8217;i 3-0 ma\u011flup ederek finale y\u00fckseldi.<\/p>\n\n\n\n<p class=\"wp-block-paragraph\">Ev sahibi avantaj\u0131yla finallerde m\u00fccadele eden \u00c7in ise lig etab\u0131n\u0131 6 galibiyetle 9. s\u0131rada tamamlam\u0131\u015f, \u00e7eyrek finalde ABD&#8217;yi eleyerek yar\u0131 finale y\u00fckselmi\u015fti.<\/p>\n\n\n\n<p class=\"wp-block-paragraph\">\u015eimdi g\u00f6zler, Filenin Sultanlar\u0131&#8217;n\u0131n Brezilya ile oynayaca\u011f\u0131 \u015fampiyonluk ma\u00e7\u0131na \u00e7evrildi.<\/p>\n","protected":false},"excerpt":{"rendered":"<p>A Milli Kad\u0131n Voleybol Tak\u0131m\u0131m\u0131z, 2026 FIVB Milletler Ligi yar\u0131 finalinde ev sahibi \u00c7in&#8217;i 3-0<\/p>\n","protected":false},"author":1,"featured_media":4285,"comment_status":"open","ping_status":"open","sticky":false,"template":"","format":"standard","meta":{"_rtcl_gb_attr":"","footnotes":""},"categories":[3],"tags":[],"class_list":["post-4284","post","type-post","status-publish","format-standard","has-post-thumbnail","hentry","category-spor"],"_links":{"self":[{"href":"https:\/\/turkiyemhaber.com\/index.php?rest_route=\/wp\/v2\/posts\/4284","targetHints":{"allow":["GET"]}}],"collection":[{"href":"https:\/\/turkiyemhaber.com\/index.php?rest_route=\/wp\/v2\/posts"}],"about":[{"href":"https:\/\/turkiyemhaber.com\/index.php?rest_route=\/wp\/v2\/types\/post"}],"author":[{"embeddable":true,"href":"https:\/\/turkiyemhaber.com\/index.php?rest_route=\/wp\/v2\/users\/1"}],"replies":[{"embeddable":true,"href":"https:\/\/turkiyemhaber.com\/index.php?rest_route=%2Fwp%2Fv2%2Fcomments&post=4284"}],"version-history":[{"count":1,"href":"https:\/\/turkiyemhaber.com\/index.php?rest_route=\/wp\/v2\/posts\/4284\/revisions"}],"predecessor-version":[{"id":4286,"href":"https:\/\/turkiyemhaber.com\/index.php?rest_route=\/wp\/v2\/posts\/4284\/revisions\/4286"}],"wp:featuredmedia":[{"embeddable":true,"href":"https:\/\/turkiyemhaber.com\/index.php?rest_route=\/wp\/v2\/media\/4285"}],"wp:attachment":[{"href":"https:\/\/turkiyemhaber.com\/index.php?rest_route=%2Fwp%2Fv2%2Fmedia&parent=4284"}],"wp:term":[{"taxonomy":"category","embeddable":true,"href":"https:\/\/turkiyemhaber.com\/index.php?rest_route=%2Fwp%2Fv2%2Fcategories&post=4284"},{"taxonomy":"post_tag","embeddable":true,"href":"https:\/\/turkiyemhaber.com\/index.php?rest_route=%2Fwp%2Fv2%2Ftags&post=4284"}],"curies":[{"name":"wp","href":"https:\/\/api.w.org\/{rel}","templated":true}]}}