{"id":4281,"date":"2026-07-25T13:24:04","date_gmt":"2026-07-25T13:24:04","guid":{"rendered":"https:\/\/turkiyemhaber.com\/?p=4281"},"modified":"2026-07-25T13:24:08","modified_gmt":"2026-07-25T13:24:08","slug":"tekirdagda-dolu-sonrasi-hasar-tespit-calismalari-suruyor","status":"publish","type":"post","link":"https:\/\/turkiyemhaber.com\/?p=4281","title":{"rendered":"Tekirda\u011f&#8217;da dolu sonras\u0131 hasar tespit \u00e7al\u0131\u015fmalar\u0131 s\u00fcr\u00fcyor"},"content":{"rendered":"\n<p class=\"wp-block-paragraph\">Tekirda\u011f&#8217;da ge\u00e7ti\u011fimiz g\u00fcnlerde etkili olan dolu ya\u011f\u0131\u015f\u0131n\u0131n ard\u0131ndan tar\u0131m arazilerinde meydana gelen zarar\u0131n belirlenmesine y\u00f6nelik hasar tespit \u00e7al\u0131\u015fmalar\u0131 aral\u0131ks\u0131z devam ediyor.<\/p>\n\n\n\n<p class=\"wp-block-paragraph\">Tekirda\u011f \u0130l Tar\u0131m ve Orman M\u00fcd\u00fcr\u00fc Mehmet Aksoy ile beraberindeki teknik ekip, S\u00fcleymanpa\u015fa il\u00e7esine ba\u011fl\u0131 Ferhadanl\u0131 ve Ahmedikli mahallelerini ziyaret ederek doludan etkilenen \u00fcreticilerle bir araya geldi.<\/p>\n\n\n\n<h3 class=\"wp-block-heading\"><strong>Ay\u00e7i\u00e7e\u011fi, karpuz ve hububat tarlalar\u0131nda inceleme<\/strong><\/h3>\n\n\n\n<p class=\"wp-block-paragraph\">Heyet, dolu ya\u011f\u0131\u015f\u0131ndan zarar g\u00f6ren ay\u00e7i\u00e7e\u011fi, karpuz ve hububat ekili alanlarda yerinde incelemelerde bulundu. Teknik ekip taraf\u0131ndan \u00fcr\u00fcnlerde olu\u015fan zarar de\u011ferlendirilirken, \u00fcreticilerden ya\u015fanan kay\u0131plar ve arazilerin durumu hakk\u0131nda bilgi al\u0131nd\u0131.<\/p>\n\n\n\n<h3 class=\"wp-block-heading\"><strong>\u00dcreticilerin talepleri dinlendi<\/strong><\/h3>\n\n\n\n<p class=\"wp-block-paragraph\">\u0130l Tar\u0131m ve Orman M\u00fcd\u00fcr\u00fc Mehmet Aksoy, hasar tespit \u00e7al\u0131\u015fmalar\u0131n\u0131n titizlikle s\u00fcrd\u00fcr\u00fcld\u00fc\u011f\u00fcn\u00fc belirterek \u00fcreticilere ge\u00e7mi\u015f olsun dileklerini iletti. Aksoy, \u00e7ift\u00e7ilerin talep ve beklentilerini de dinleyerek y\u00fcr\u00fct\u00fclen \u00e7al\u0131\u015fmalar hakk\u0131nda bilgi verdi.<\/p>\n\n\n\n<p class=\"wp-block-paragraph\">Teknik personel ise \u00fcreticilere hasar tespit s\u00fcreci, izlenecek prosed\u00fcr ve yap\u0131lacak i\u015flemler konusunda bilgilendirmede bulundu.<\/p>\n\n\n\n<p class=\"wp-block-paragraph\">Yetkililer, tar\u0131msal \u00fcretimin s\u00fcrd\u00fcr\u00fclebilirli\u011finin sa\u011flanmas\u0131 amac\u0131yla sahadaki inceleme ve hasar tespit \u00e7al\u0131\u015fmalar\u0131n\u0131n tamamlan\u0131ncaya kadar devam edece\u011fini bildirdi.<\/p>\n","protected":false},"excerpt":{"rendered":"<p>Tekirda\u011f&#8217;da ge\u00e7ti\u011fimiz g\u00fcnlerde etkili olan dolu ya\u011f\u0131\u015f\u0131n\u0131n ard\u0131ndan tar\u0131m arazilerinde meydana gelen zarar\u0131n belirlenmesine y\u00f6nelik<\/p>\n","protected":false},"author":1,"featured_media":4282,"comment_status":"open","ping_status":"open","sticky":false,"template":"","format":"standard","meta":{"_rtcl_gb_attr":"","footnotes":""},"categories":[74],"tags":[],"class_list":["post-4281","post","type-post","status-publish","format-standard","has-post-thumbnail","hentry","category-yerel-haberler"],"_links":{"self":[{"href":"https:\/\/turkiyemhaber.com\/index.php?rest_route=\/wp\/v2\/posts\/4281","targetHints":{"allow":["GET"]}}],"collection":[{"href":"https:\/\/turkiyemhaber.com\/index.php?rest_route=\/wp\/v2\/posts"}],"about":[{"href":"https:\/\/turkiyemhaber.com\/index.php?rest_route=\/wp\/v2\/types\/post"}],"author":[{"embeddable":true,"href":"https:\/\/turkiyemhaber.com\/index.php?rest_route=\/wp\/v2\/users\/1"}],"replies":[{"embeddable":true,"href":"https:\/\/turkiyemhaber.com\/index.php?rest_route=%2Fwp%2Fv2%2Fcomments&post=4281"}],"version-history":[{"count":1,"href":"https:\/\/turkiyemhaber.com\/index.php?rest_route=\/wp\/v2\/posts\/4281\/revisions"}],"predecessor-version":[{"id":4283,"href":"https:\/\/turkiyemhaber.com\/index.php?rest_route=\/wp\/v2\/posts\/4281\/revisions\/4283"}],"wp:featuredmedia":[{"embeddable":true,"href":"https:\/\/turkiyemhaber.com\/index.php?rest_route=\/wp\/v2\/media\/4282"}],"wp:attachment":[{"href":"https:\/\/turkiyemhaber.com\/index.php?rest_route=%2Fwp%2Fv2%2Fmedia&parent=4281"}],"wp:term":[{"taxonomy":"category","embeddable":true,"href":"https:\/\/turkiyemhaber.com\/index.php?rest_route=%2Fwp%2Fv2%2Fcategories&post=4281"},{"taxonomy":"post_tag","embeddable":true,"href":"https:\/\/turkiyemhaber.com\/index.php?rest_route=%2Fwp%2Fv2%2Ftags&post=4281"}],"curies":[{"name":"wp","href":"https:\/\/api.w.org\/{rel}","templated":true}]}}