{"id":4278,"date":"2026-07-25T13:11:48","date_gmt":"2026-07-25T13:11:48","guid":{"rendered":"https:\/\/turkiyemhaber.com\/?p=4278"},"modified":"2026-07-25T13:11:53","modified_gmt":"2026-07-25T13:11:53","slug":"tekirdag-emniyet-muduru-turanli-yavuz-mahallesinde-vatandaslarla-bulustu","status":"publish","type":"post","link":"https:\/\/turkiyemhaber.com\/?p=4278","title":{"rendered":"Tekirda\u011f Emniyet M\u00fcd\u00fcr\u00fc Turanl\u0131, Yavuz Mahallesi&#8217;nde vatanda\u015flarla bulu\u015ftu"},"content":{"rendered":"\n<p class=\"wp-block-paragraph\">Tekirda\u011f \u0130l Emniyet M\u00fcd\u00fcr\u00fc Ahmet Metin Turanl\u0131, S\u00fcleymanpa\u015fa il\u00e7esine ba\u011fl\u0131 Yavuz Mahallesi&#8217;nde vatanda\u015flarla bir araya gelerek talep, \u00f6neri ve g\u00f6r\u00fc\u015fleri dinledi.<\/p>\n\n\n\n<p class=\"wp-block-paragraph\">\u0130l Emniyet M\u00fcd\u00fcrl\u00fc\u011f\u00fc&#8217;nden yap\u0131lan a\u00e7\u0131klamaya g\u00f6re, \u0130l Emniyet M\u00fcd\u00fcr\u00fc Turanl\u0131&#8217;ya mahalle ziyaretinde \u015fube m\u00fcd\u00fcrleri ve emniyet personeli de e\u015flik etti. Mahalle sakinleriyle sohbet eden Turanl\u0131, vatanda\u015flar\u0131n g\u00fcvenlik ba\u015fta olmak \u00fczere \u00e7e\u015fitli konulardaki taleplerini dinleyerek not ald\u0131.<\/p>\n\n\n\n<p class=\"wp-block-paragraph\">Mahalle bulu\u015fmalar\u0131n\u0131n devam edece\u011fini belirten Turanl\u0131, g\u00fcvenli bir Tekirda\u011f hedefi do\u011frultusunda vatanda\u015flarla ileti\u015fimi g\u00fc\u00e7lendirmeye \u00f6nem verdiklerini ifade etti.<\/p>\n\n\n\n<p class=\"wp-block-paragraph\">\u00c7ocuklar\u0131n huzuru ve toplumun g\u00fcvenli\u011finin \u00f6ncelikleri aras\u0131nda yer ald\u0131\u011f\u0131n\u0131 vurgulayan Turanl\u0131, emniyet te\u015fkilat\u0131n\u0131n vatanda\u015flarla i\u015f birli\u011fi i\u00e7erisinde \u00e7al\u0131\u015fmalar\u0131n\u0131 s\u00fcrd\u00fcrece\u011fini ve polisin her zaman sahada olmaya devam edece\u011fini s\u00f6yledi.<\/p>\n","protected":false},"excerpt":{"rendered":"<p>Tekirda\u011f \u0130l Emniyet M\u00fcd\u00fcr\u00fc Ahmet Metin Turanl\u0131, S\u00fcleymanpa\u015fa il\u00e7esine ba\u011fl\u0131 Yavuz Mahallesi&#8217;nde vatanda\u015flarla bir araya<\/p>\n","protected":false},"author":1,"featured_media":4279,"comment_status":"open","ping_status":"open","sticky":false,"template":"","format":"standard","meta":{"_rtcl_gb_attr":"","footnotes":""},"categories":[74],"tags":[],"class_list":["post-4278","post","type-post","status-publish","format-standard","has-post-thumbnail","hentry","category-yerel-haberler"],"_links":{"self":[{"href":"https:\/\/turkiyemhaber.com\/index.php?rest_route=\/wp\/v2\/posts\/4278","targetHints":{"allow":["GET"]}}],"collection":[{"href":"https:\/\/turkiyemhaber.com\/index.php?rest_route=\/wp\/v2\/posts"}],"about":[{"href":"https:\/\/turkiyemhaber.com\/index.php?rest_route=\/wp\/v2\/types\/post"}],"author":[{"embeddable":true,"href":"https:\/\/turkiyemhaber.com\/index.php?rest_route=\/wp\/v2\/users\/1"}],"replies":[{"embeddable":true,"href":"https:\/\/turkiyemhaber.com\/index.php?rest_route=%2Fwp%2Fv2%2Fcomments&post=4278"}],"version-history":[{"count":1,"href":"https:\/\/turkiyemhaber.com\/index.php?rest_route=\/wp\/v2\/posts\/4278\/revisions"}],"predecessor-version":[{"id":4280,"href":"https:\/\/turkiyemhaber.com\/index.php?rest_route=\/wp\/v2\/posts\/4278\/revisions\/4280"}],"wp:featuredmedia":[{"embeddable":true,"href":"https:\/\/turkiyemhaber.com\/index.php?rest_route=\/wp\/v2\/media\/4279"}],"wp:attachment":[{"href":"https:\/\/turkiyemhaber.com\/index.php?rest_route=%2Fwp%2Fv2%2Fmedia&parent=4278"}],"wp:term":[{"taxonomy":"category","embeddable":true,"href":"https:\/\/turkiyemhaber.com\/index.php?rest_route=%2Fwp%2Fv2%2Fcategories&post=4278"},{"taxonomy":"post_tag","embeddable":true,"href":"https:\/\/turkiyemhaber.com\/index.php?rest_route=%2Fwp%2Fv2%2Ftags&post=4278"}],"curies":[{"name":"wp","href":"https:\/\/api.w.org\/{rel}","templated":true}]}}