{"id":4275,"date":"2026-07-25T13:09:34","date_gmt":"2026-07-25T13:09:34","guid":{"rendered":"https:\/\/turkiyemhaber.com\/?p=4275"},"modified":"2026-07-25T13:09:40","modified_gmt":"2026-07-25T13:09:40","slug":"tekirdagda-saganak-hayati-olumsuz-etkiledi-vatandaslar-altyapi-yetersizligine-tepki-gosterdi","status":"publish","type":"post","link":"https:\/\/turkiyemhaber.com\/?p=4275","title":{"rendered":"Tekirda\u011f&#8217;da sa\u011fanak hayat\u0131 olumsuz etkiledi! Vatanda\u015flar altyap\u0131 yetersizli\u011fine tepki g\u00f6sterdi"},"content":{"rendered":"\n<p class=\"wp-block-paragraph\">Tekirda\u011f&#8217;\u0131n S\u00fcleymanpa\u015fa il\u00e7esinde etkili olan \u015fiddetli sa\u011fanak ya\u011f\u0131\u015f, g\u00fcnl\u00fck ya\u015fam\u0131 olumsuz etkiledi. Aniden bast\u0131ran ya\u011fmur nedeniyle haz\u0131rl\u0131ks\u0131z yakalanan vatanda\u015flar otob\u00fcs duraklar\u0131 ve i\u015f yerlerinin tenteleri alt\u0131na s\u0131\u011f\u0131n\u0131rken, kent genelinde trafikte de zaman zaman aksamalar ya\u015fand\u0131.<\/p>\n\n\n\n<p class=\"wp-block-paragraph\">K\u0131sa s\u00fcrede etkisini art\u0131ran ya\u011f\u0131\u015f nedeniyle cadde ve sokaklarda y\u00fcr\u00fcmek g\u00fc\u00e7le\u015fti. Baz\u0131 noktalarda su birikintileri olu\u015furken, s\u00fcr\u00fcc\u00fcler trafikte kontroll\u00fc ilerlemek zorunda kald\u0131. Yo\u011fun ara\u00e7 trafi\u011finin ya\u015fand\u0131\u011f\u0131 b\u00f6lgelerde ula\u015f\u0131m yava\u015flad\u0131.<\/p>\n\n\n\n<p class=\"wp-block-paragraph\">\u015eemsiyesi bulunan vatanda\u015flar yollar\u0131na devam ederken, bir\u00e7ok ki\u015fi ya\u011f\u0131\u015f\u0131n dinmesini beklemek i\u00e7in kapal\u0131 alanlara s\u0131\u011f\u0131nd\u0131.<\/p>\n\n\n\n<p class=\"wp-block-paragraph\">Ya\u011f\u0131\u015f\u0131n ard\u0131ndan \u00f6zellikle baz\u0131 cadde ve kav\u015faklarda olu\u015fan su birikintileri, altyap\u0131 sorunlar\u0131n\u0131 bir kez daha g\u00fcndeme getirdi. Vatanda\u015flar, her kuvvetli ya\u011f\u0131\u015fta benzer g\u00f6r\u00fcnt\u00fclerin ya\u015fand\u011fini belirterek altyap\u0131 \u00e7al\u0131\u015fmalar\u0131n\u0131n yetersiz kald\u0131\u011f\u0131n\u0131 ifade etti.<\/p>\n\n\n\n<p class=\"wp-block-paragraph\">Baz\u0131 vatanda\u015flar, S\u00fcleymanpa\u015fa Belediyesi&#8217;nin festival ve organizasyonlara a\u011f\u0131rl\u0131k verdi\u011fini \u00f6ne s\u00fcrerken, altyap\u0131 ve g\u00fcnl\u00fck belediyecilik hizmetlerinde ayn\u0131 performans\u0131n g\u00f6r\u00fclmedi\u011fini savundu. Ya\u015fanan su bask\u0131nlar\u0131n\u0131n ve biriken sular\u0131n belediyenin altyap\u0131 konusundaki eksikliklerini ortaya koydu\u011funu dile getiren vatanda\u015flar, kal\u0131c\u0131 \u00e7\u00f6z\u00fcmler \u00fcretilmesini istedi.<\/p>\n\n\n\n<p class=\"wp-block-paragraph\">Kentte ya\u011f\u0131\u015f\u0131n etkisinin azalmas\u0131n\u0131n ard\u0131ndan belediye ekiplerinin su biriken noktalarda \u00e7al\u0131\u015fma ba\u015flatt\u0131\u011f\u0131 \u00f6\u011frenilirken, vatanda\u015flar benzer ma\u011fduriyetlerin ya\u015fanmamas\u0131 i\u00e7in altyap\u0131n\u0131n g\u00fc\u00e7lendirilmesi \u00e7a\u011fr\u0131s\u0131nda bulundu.<\/p>\n","protected":false},"excerpt":{"rendered":"<p>Tekirda\u011f&#8217;\u0131n S\u00fcleymanpa\u015fa il\u00e7esinde etkili olan \u015fiddetli sa\u011fanak ya\u011f\u0131\u015f, g\u00fcnl\u00fck ya\u015fam\u0131 olumsuz etkiledi. Aniden bast\u0131ran ya\u011fmur<\/p>\n","protected":false},"author":1,"featured_media":4276,"comment_status":"open","ping_status":"open","sticky":false,"template":"","format":"standard","meta":{"_rtcl_gb_attr":"","footnotes":""},"categories":[74],"tags":[],"class_list":["post-4275","post","type-post","status-publish","format-standard","has-post-thumbnail","hentry","category-yerel-haberler"],"_links":{"self":[{"href":"https:\/\/turkiyemhaber.com\/index.php?rest_route=\/wp\/v2\/posts\/4275","targetHints":{"allow":["GET"]}}],"collection":[{"href":"https:\/\/turkiyemhaber.com\/index.php?rest_route=\/wp\/v2\/posts"}],"about":[{"href":"https:\/\/turkiyemhaber.com\/index.php?rest_route=\/wp\/v2\/types\/post"}],"author":[{"embeddable":true,"href":"https:\/\/turkiyemhaber.com\/index.php?rest_route=\/wp\/v2\/users\/1"}],"replies":[{"embeddable":true,"href":"https:\/\/turkiyemhaber.com\/index.php?rest_route=%2Fwp%2Fv2%2Fcomments&post=4275"}],"version-history":[{"count":1,"href":"https:\/\/turkiyemhaber.com\/index.php?rest_route=\/wp\/v2\/posts\/4275\/revisions"}],"predecessor-version":[{"id":4277,"href":"https:\/\/turkiyemhaber.com\/index.php?rest_route=\/wp\/v2\/posts\/4275\/revisions\/4277"}],"wp:featuredmedia":[{"embeddable":true,"href":"https:\/\/turkiyemhaber.com\/index.php?rest_route=\/wp\/v2\/media\/4276"}],"wp:attachment":[{"href":"https:\/\/turkiyemhaber.com\/index.php?rest_route=%2Fwp%2Fv2%2Fmedia&parent=4275"}],"wp:term":[{"taxonomy":"category","embeddable":true,"href":"https:\/\/turkiyemhaber.com\/index.php?rest_route=%2Fwp%2Fv2%2Fcategories&post=4275"},{"taxonomy":"post_tag","embeddable":true,"href":"https:\/\/turkiyemhaber.com\/index.php?rest_route=%2Fwp%2Fv2%2Ftags&post=4275"}],"curies":[{"name":"wp","href":"https:\/\/api.w.org\/{rel}","templated":true}]}}