{"id":4272,"date":"2026-07-25T12:59:14","date_gmt":"2026-07-25T12:59:14","guid":{"rendered":"https:\/\/turkiyemhaber.com\/?p=4272"},"modified":"2026-07-25T12:59:18","modified_gmt":"2026-07-25T12:59:18","slug":"tekirdagda-kurumlar-arasi-is-birligi-trafigi","status":"publish","type":"post","link":"https:\/\/turkiyemhaber.com\/?p=4272","title":{"rendered":"Tekirda\u011f&#8217;da kurumlar aras\u0131 i\u015f birli\u011fi trafi\u011fi"},"content":{"rendered":"\n<p class=\"wp-block-paragraph\">Tekirda\u011f&#8217;da kamu kurumlar\u0131 aras\u0131nda ger\u00e7ekle\u015ftirilen ziyaretlerde e\u011fitim, tar\u0131m ve altyap\u0131 alanlar\u0131nda y\u00fcr\u00fct\u00fclen \u00e7al\u0131\u015fmalar ile ortak projeler ele al\u0131nd\u0131.<\/p>\n\n\n\n<h3 class=\"wp-block-heading\"><strong>\u0130stanbul ve Tekirda\u011f Milli E\u011fitim M\u00fcd\u00fcrleri bir araya geldi<\/strong><\/h3>\n\n\n\n<p class=\"wp-block-paragraph\">\u0130stanbul \u0130l Milli E\u011fitim M\u00fcd\u00fcr\u00fc Do\u00e7. Dr. Murat M\u00fccahit Yent\u00fcr, Tekirda\u011f \u0130l Milli E\u011fitim M\u00fcd\u00fcr\u00fc Abd\u00fclaziz Yeniyol&#8217;u makam\u0131nda ziyaret etti.<\/p>\n\n\n\n<p class=\"wp-block-paragraph\">Tekirda\u011f \u0130l Milli E\u011fitim M\u00fcd\u00fcrl\u00fc\u011f\u00fc&#8217;nden yap\u0131lan a\u00e7\u0131klamaya g\u00f6re ziyarette, Milli E\u011fitim Bakanl\u0131\u011f\u0131n\u0131n e\u011fitim politikalar\u0131 do\u011frultusunda y\u00fcr\u00fct\u00fclen \u00e7al\u0131\u015fmalar, iki il aras\u0131nda geli\u015ftirilebilecek e\u011fitim i\u015f birlikleri ve ba\u015far\u0131l\u0131 uygulama \u00f6rnekleri de\u011ferlendirildi.<\/p>\n\n\n\n<p class=\"wp-block-paragraph\">Tekirda\u011f \u0130l Milli E\u011fitim M\u00fcd\u00fcr\u00fc Abd\u00fclaziz Yeniyol, ziyaretten duydu\u011fu memnuniyeti dile getirerek Do\u00e7. Dr. Murat M\u00fccahit Yent\u00fcr&#8217;e te\u015fekk\u00fcr etti ve \u00e7al\u0131\u015fmalar\u0131nda ba\u015far\u0131lar diledi.<\/p>\n\n\n\n<h3 class=\"wp-block-heading\"><strong>\u0130l Tar\u0131m ve Orman M\u00fcd\u00fcr\u00fc Aksoy&#8217;dan Jandarma Komutan\u0131 G\u00fcng\u00f6r&#8217;e ziyaret<\/strong><\/h3>\n\n\n\n<p class=\"wp-block-paragraph\">Tekirda\u011f \u0130l Tar\u0131m ve Orman M\u00fcd\u00fcr\u00fc Mehmet Aksoy, Tekirda\u011f \u0130l Jandarma Komutan\u0131 Albay Ali G\u00fcng\u00f6r&#8217;\u00fc makam\u0131nda ziyaret etti.<\/p>\n\n\n\n<p class=\"wp-block-paragraph\">\u0130l Tar\u0131m ve Orman M\u00fcd\u00fcrl\u00fc\u011f\u00fc&#8217;nden yap\u0131lan a\u00e7\u0131klamada, ziyarette kurumlar aras\u0131nda y\u00fcr\u00fct\u00fclen \u00e7al\u0131\u015fmalar ve i\u015f birli\u011fi konular\u0131n\u0131n de\u011ferlendirildi\u011fi belirtildi.<\/p>\n\n\n\n<h3 class=\"wp-block-heading\"><strong>Trakya Kalk\u0131nma Ajans\u0131&#8217;ndan TESK\u0130&#8217;ye ziyaret<\/strong><\/h3>\n\n\n\n<p class=\"wp-block-paragraph\">Trakya Kalk\u0131nma Ajans\u0131 Genel Sekreteri Mahmut \u015eahin de Tekirda\u011f Su ve Kanalizasyon \u0130daresi (TESK\u0130) Genel M\u00fcd\u00fcr\u00fc Onur \u00d6zg\u00fcl&#8217;\u00fc ziyaret etti.<\/p>\n\n\n\n<p class=\"wp-block-paragraph\">TESK\u0130&#8217;den yap\u0131lan a\u00e7\u0131klamaya g\u00f6re g\u00f6r\u00fc\u015fmede, Tekirda\u011f&#8217;\u0131n kalk\u0131nmas\u0131na katk\u0131 sa\u011flayacak ortak projeler ve kurumlar aras\u0131nda geli\u015ftirilebilecek i\u015f birli\u011fi imkanlar\u0131 ele al\u0131nd\u0131.<\/p>\n\n\n\n<p class=\"wp-block-paragraph\">TESK\u0130 Genel M\u00fcd\u00fcr\u00fc Onur \u00d6zg\u00fcl, ziyareti dolay\u0131s\u0131yla Trakya Kalk\u0131nma Ajans\u0131 Genel Sekreteri Mahmut \u015eahin&#8217;e te\u015fekk\u00fcr etti.<\/p>\n","protected":false},"excerpt":{"rendered":"<p>Tekirda\u011f&#8217;da kamu kurumlar\u0131 aras\u0131nda ger\u00e7ekle\u015ftirilen ziyaretlerde e\u011fitim, tar\u0131m ve altyap\u0131 alanlar\u0131nda y\u00fcr\u00fct\u00fclen \u00e7al\u0131\u015fmalar ile ortak<\/p>\n","protected":false},"author":1,"featured_media":4273,"comment_status":"open","ping_status":"open","sticky":false,"template":"","format":"standard","meta":{"_rtcl_gb_attr":"","footnotes":""},"categories":[74],"tags":[],"class_list":["post-4272","post","type-post","status-publish","format-standard","has-post-thumbnail","hentry","category-yerel-haberler"],"_links":{"self":[{"href":"https:\/\/turkiyemhaber.com\/index.php?rest_route=\/wp\/v2\/posts\/4272","targetHints":{"allow":["GET"]}}],"collection":[{"href":"https:\/\/turkiyemhaber.com\/index.php?rest_route=\/wp\/v2\/posts"}],"about":[{"href":"https:\/\/turkiyemhaber.com\/index.php?rest_route=\/wp\/v2\/types\/post"}],"author":[{"embeddable":true,"href":"https:\/\/turkiyemhaber.com\/index.php?rest_route=\/wp\/v2\/users\/1"}],"replies":[{"embeddable":true,"href":"https:\/\/turkiyemhaber.com\/index.php?rest_route=%2Fwp%2Fv2%2Fcomments&post=4272"}],"version-history":[{"count":1,"href":"https:\/\/turkiyemhaber.com\/index.php?rest_route=\/wp\/v2\/posts\/4272\/revisions"}],"predecessor-version":[{"id":4274,"href":"https:\/\/turkiyemhaber.com\/index.php?rest_route=\/wp\/v2\/posts\/4272\/revisions\/4274"}],"wp:featuredmedia":[{"embeddable":true,"href":"https:\/\/turkiyemhaber.com\/index.php?rest_route=\/wp\/v2\/media\/4273"}],"wp:attachment":[{"href":"https:\/\/turkiyemhaber.com\/index.php?rest_route=%2Fwp%2Fv2%2Fmedia&parent=4272"}],"wp:term":[{"taxonomy":"category","embeddable":true,"href":"https:\/\/turkiyemhaber.com\/index.php?rest_route=%2Fwp%2Fv2%2Fcategories&post=4272"},{"taxonomy":"post_tag","embeddable":true,"href":"https:\/\/turkiyemhaber.com\/index.php?rest_route=%2Fwp%2Fv2%2Ftags&post=4272"}],"curies":[{"name":"wp","href":"https:\/\/api.w.org\/{rel}","templated":true}]}}