{"id":4266,"date":"2026-07-25T12:51:03","date_gmt":"2026-07-25T12:51:03","guid":{"rendered":"https:\/\/turkiyemhaber.com\/?p=4266"},"modified":"2026-07-25T12:51:07","modified_gmt":"2026-07-25T12:51:07","slug":"istanbulda-son-secim-anketi-aciklandi-ak-parti-ile-chp-arasinda-dikkat-ceken-fark","status":"publish","type":"post","link":"https:\/\/turkiyemhaber.com\/?p=4266","title":{"rendered":"\u0130stanbul&#8217;da son se\u00e7im anketi a\u00e7\u0131kland\u0131! AK Parti ile CHP aras\u0131nda dikkat \u00e7eken fark"},"content":{"rendered":"\n<p class=\"wp-block-paragraph\">ORC Ara\u015ft\u0131rma taraf\u0131ndan 17-20 Temmuz 2026 tarihleri aras\u0131nda \u0130stanbul&#8217;da ger\u00e7ekle\u015ftirilen kamuoyu ara\u015ft\u0131rmas\u0131n\u0131n sonu\u00e7lar\u0131 a\u00e7\u0131kland\u0131. &#8220;Bu pazar genel se\u00e7im olsa oyunuzu hangi siyasi partiye verirsiniz?&#8221; sorusunun y\u00f6neltildi\u011fi ankette AK Parti y\u00fczde 34,1 ile ilk s\u0131rada yer al\u0131rken, CHP y\u00fczde 32,7 oy oran\u0131yla ikinci s\u0131rada yer ald\u0131.<\/p>\n\n\n\n<p class=\"wp-block-paragraph\">Cumhurba\u015fkan\u0131 Recep Tayyip Erdo\u011fan&#8217;\u0131n s\u0131k s\u0131k &#8220;A\u015fk\u0131m, sevdam&#8221; s\u00f6zleriyle tan\u0131mlad\u0131\u011f\u0131 \u0130stanbul&#8217;da yap\u0131lan ara\u015ft\u0131rma, iki b\u00fcy\u00fck parti aras\u0131ndaki yar\u0131\u015f\u0131n ba\u015fa ba\u015f s\u00fcrd\u00fc\u011f\u00fcn\u00fc ortaya koydu.<\/p>\n\n\n\n<h2 class=\"wp-block-heading\"><strong>1.650 ki\u015fiyle telefon anketi yap\u0131ld\u0131<\/strong><\/h2>\n\n\n\n<p class=\"wp-block-paragraph\">ORC Ara\u015ft\u0131rma E\u011fitim Dan\u0131\u015fmanl\u0131k taraf\u0131ndan ger\u00e7ekle\u015ftirilen ara\u015ft\u0131rma, 17-20 Temmuz 2026 tarihleri aras\u0131nda CATI (Bilgisayar Destekli Telefonda Anket) y\u00f6ntemiyle yap\u0131ld\u0131. Ara\u015ft\u0131rmaya \u0130stanbul genelinde 1.650 ki\u015fi kat\u0131ld\u0131.<\/p>\n\n\n\n<p class=\"wp-block-paragraph\">Kat\u0131l\u0131mc\u0131lara, <strong>&#8220;Bu pazar genel se\u00e7im olsa, oyunuzu hangi siyasi partiye verirsiniz?&#8221;<\/strong> sorusu y\u00f6neltildi.<\/p>\n\n\n\n<h2 class=\"wp-block-heading\"><strong>AK Parti ilk s\u0131rada<\/strong><\/h2>\n\n\n\n<p class=\"wp-block-paragraph\">Ara\u015ft\u0131rma sonu\u00e7lar\u0131na g\u00f6re AK Parti y\u00fczde <strong>34,1<\/strong> oy oran\u0131yla ilk s\u0131rada yer al\u0131rken, CHP y\u00fczde <strong>32,7<\/strong> ile ikinci s\u0131rada yer ald\u0131. \u0130ki parti aras\u0131ndaki fark\u0131n 1,4 puan olmas\u0131 dikkat \u00e7ekti.<\/p>\n\n\n\n<h2 class=\"wp-block-heading\"><strong>Anket sonu\u00e7lar\u0131<\/strong><\/h2>\n\n\n\n<ul class=\"wp-block-list\">\n<li><strong>AK Parti:<\/strong> %34,1<\/li>\n\n\n\n<li><strong>CHP:<\/strong> %32,7<\/li>\n\n\n\n<li><strong>DEM Parti:<\/strong> %8,1<\/li>\n\n\n\n<li><strong>MHP:<\/strong> %5,9<\/li>\n\n\n\n<li><strong>Zafer Partisi:<\/strong> %4,4<\/li>\n\n\n\n<li><strong>\u0130Y\u0130 Parti:<\/strong> %4,2<\/li>\n\n\n\n<li><strong>Yeniden Refah Partisi:<\/strong> %2,7<\/li>\n\n\n\n<li><strong>B\u00fcy\u00fck Birlik Partisi:<\/strong> %2,1<\/li>\n\n\n\n<li><strong>T\u00fcrkiye \u0130\u015f\u00e7i Partisi (T\u0130P):<\/strong> %1,5<\/li>\n\n\n\n<li><strong>Saadet Partisi:<\/strong> %1,2<\/li>\n\n\n\n<li><strong>Di\u011fer:<\/strong> %3,1<\/li>\n<\/ul>\n\n\n\n<p class=\"wp-block-paragraph\">Ara\u015ft\u0131rma sonu\u00e7lar\u0131, \u0130stanbul&#8217;da olas\u0131 bir genel se\u00e7imde AK Parti ile CHP aras\u0131ndaki rekabetin yak\u0131n farkla s\u00fcrd\u00fc\u011f\u00fcn\u00fc ortaya koyarken, DEM Parti&#8217;nin \u00fc\u00e7\u00fcnc\u00fc s\u0131radaki yerini korudu\u011funu g\u00f6sterdi.<\/p>\n","protected":false},"excerpt":{"rendered":"<p>ORC Ara\u015ft\u0131rma taraf\u0131ndan 17-20 Temmuz 2026 tarihleri aras\u0131nda \u0130stanbul&#8217;da ger\u00e7ekle\u015ftirilen kamuoyu ara\u015ft\u0131rmas\u0131n\u0131n sonu\u00e7lar\u0131 a\u00e7\u0131kland\u0131. &#8220;Bu<\/p>\n","protected":false},"author":1,"featured_media":4267,"comment_status":"open","ping_status":"open","sticky":false,"template":"","format":"standard","meta":{"_rtcl_gb_attr":"","footnotes":""},"categories":[44],"tags":[],"class_list":["post-4266","post","type-post","status-publish","format-standard","has-post-thumbnail","hentry","category-politika"],"_links":{"self":[{"href":"https:\/\/turkiyemhaber.com\/index.php?rest_route=\/wp\/v2\/posts\/4266","targetHints":{"allow":["GET"]}}],"collection":[{"href":"https:\/\/turkiyemhaber.com\/index.php?rest_route=\/wp\/v2\/posts"}],"about":[{"href":"https:\/\/turkiyemhaber.com\/index.php?rest_route=\/wp\/v2\/types\/post"}],"author":[{"embeddable":true,"href":"https:\/\/turkiyemhaber.com\/index.php?rest_route=\/wp\/v2\/users\/1"}],"replies":[{"embeddable":true,"href":"https:\/\/turkiyemhaber.com\/index.php?rest_route=%2Fwp%2Fv2%2Fcomments&post=4266"}],"version-history":[{"count":1,"href":"https:\/\/turkiyemhaber.com\/index.php?rest_route=\/wp\/v2\/posts\/4266\/revisions"}],"predecessor-version":[{"id":4268,"href":"https:\/\/turkiyemhaber.com\/index.php?rest_route=\/wp\/v2\/posts\/4266\/revisions\/4268"}],"wp:featuredmedia":[{"embeddable":true,"href":"https:\/\/turkiyemhaber.com\/index.php?rest_route=\/wp\/v2\/media\/4267"}],"wp:attachment":[{"href":"https:\/\/turkiyemhaber.com\/index.php?rest_route=%2Fwp%2Fv2%2Fmedia&parent=4266"}],"wp:term":[{"taxonomy":"category","embeddable":true,"href":"https:\/\/turkiyemhaber.com\/index.php?rest_route=%2Fwp%2Fv2%2Fcategories&post=4266"},{"taxonomy":"post_tag","embeddable":true,"href":"https:\/\/turkiyemhaber.com\/index.php?rest_route=%2Fwp%2Fv2%2Ftags&post=4266"}],"curies":[{"name":"wp","href":"https:\/\/api.w.org\/{rel}","templated":true}]}}