{"id":4263,"date":"2026-07-25T12:42:40","date_gmt":"2026-07-25T12:42:40","guid":{"rendered":"https:\/\/turkiyemhaber.com\/?p=4263"},"modified":"2026-07-25T12:42:45","modified_gmt":"2026-07-25T12:42:45","slug":"bosanmak-isteyen-esini-uykusunda-olduren-caninin-meslegi-soke-etti","status":"publish","type":"post","link":"https:\/\/turkiyemhaber.com\/?p=4263","title":{"rendered":"Bo\u015fanmak isteyen e\u015fini uykusunda \u00f6ld\u00fcren caninin mesle\u011fi \u015foke etti"},"content":{"rendered":"\n<p class=\"wp-block-paragraph\">Adana&#8217;n\u0131n Y\u00fcre\u011fir il\u00e7esinde bo\u015fanma a\u015famas\u0131ndaki e\u015fi Hatice Mine Kocamaz&#8217;\u0131 uykusunda tabancayla \u00f6ld\u00fcren \u015f\u00fcphelinin mahalle bek\u00e7isi oldu\u011fu ortaya \u00e7\u0131kt\u0131. Y\u00fcz\u00fcn\u00fc yast\u0131kla kapatt\u0131ktan sonra ba\u015f\u0131na ate\u015f ederek gen\u00e7 kad\u0131n\u0131 \u00f6ld\u00fcrd\u00fc\u011f\u00fc \u00f6ne s\u00fcr\u00fclen zanl\u0131, olaydan yakla\u015f\u0131k 30 dakika sonra polis ekiplerince yakalanarak g\u00f6zalt\u0131na al\u0131nd\u0131.<\/p>\n\n\n\n<p class=\"wp-block-paragraph\">Olay, Y\u00fcre\u011fir il\u00e7esine ba\u011fl\u0131 K\u0131\u015fla Mahallesi&#8217;nde gece saat 01.00 s\u0131ralar\u0131nda meydana geldi. Pozant\u0131 Belediyesi&#8217;nde memur olarak g\u00f6rev yapan 40 ya\u015f\u0131ndaki Hatice Mine Kocamaz&#8217;\u0131n, \u015fiddetli ge\u00e7imsizlik nedeniyle bir s\u00fcre \u00f6nce mahalle bek\u00e7isi e\u015fi H.E.K.&#8217;ye bo\u015fanma davas\u0131 a\u00e7t\u0131\u011f\u0131 \u00f6\u011frenildi.<\/p>\n\n\n\n<p class=\"wp-block-paragraph\">\u0130ddiaya g\u00f6re H.E.K., davadan vazge\u00e7mesini istemek i\u00e7in e\u015finin evine gitti. Evde uyuyan Hatice Mine Kocamaz&#8217;\u0131n y\u00fcz\u00fcn\u00fc yast\u0131kla kapatan \u015f\u00fcpheli, ard\u0131ndan tabancayla ba\u015f\u0131na ate\u015f etti.<\/p>\n\n\n\n<p class=\"wp-block-paragraph\">Silah seslerini duyan \u00e7evre sakinlerinin ihbar\u0131 \u00fczerine olay yerine sa\u011fl\u0131k ve polis ekipleri sevk edildi. Sa\u011fl\u0131k ekipleri, Hatice Mine Kocamaz&#8217;\u0131n hayat\u0131n\u0131 kaybetti\u011fini belirledi. Gen\u00e7 kad\u0131n\u0131n cenazesi, olay yeri incelemesinin ard\u0131ndan Adana Adli T\u0131p Kurumu morguna kald\u0131r\u0131ld\u0131.<\/p>\n\n\n\n<h2 class=\"wp-block-heading\"><strong>Cinayetten yar\u0131m saat sonra yakaland\u0131<\/strong><\/h2>\n\n\n\n<p class=\"wp-block-paragraph\">Cinayetin ard\u0131ndan ka\u00e7an H.E.K.&#8217;nin yakalanmas\u0131 i\u00e7in Adana \u0130l Emniyet M\u00fcd\u00fcrl\u00fc\u011f\u00fc Asayi\u015f \u015eube M\u00fcd\u00fcrl\u00fc\u011f\u00fc Cinayet B\u00fcro Amirli\u011fi ekipleri \u00e7al\u0131\u015fma ba\u015flatt\u0131. Kent G\u00fcvenlik Y\u00f6netim Sistemi (KGYS) g\u00f6r\u00fcnt\u00fcleri ve \u00e7evredeki g\u00fcvenlik kameralar\u0131n\u0131 inceleyen ekipler, \u015f\u00fcphelinin ka\u00e7\u0131\u015f g\u00fczerg\u00e2h\u0131n\u0131 tespit etti.<\/p>\n\n\n\n<p class=\"wp-block-paragraph\">Yap\u0131lan teknik ve fiziki takip sonucunda H.E.K., cinayetten yakla\u015f\u0131k 30 dakika sonra sakland\u0131\u011f\u0131 adreste yakalanarak g\u00f6zalt\u0131na al\u0131nd\u0131.<\/p>\n\n\n\n<h2 class=\"wp-block-heading\"><strong>&#8220;K\u0131z karde\u015fimi 7 ya\u015f\u0131ndaki ye\u011fenimin yan\u0131nda \u00f6ld\u00fcrm\u00fc\u015f&#8221;<\/strong><\/h2>\n\n\n\n<p class=\"wp-block-paragraph\">Otopsi i\u015flemlerinin ard\u0131ndan Hatice Mine Kocamaz&#8217;\u0131n cenazesi ailesine teslim edildi. Adli T\u0131p Kurumu \u00f6n\u00fcnde a\u00e7\u0131klama yapan a\u011fabeyi Y\u0131lmaz Y\u0131lg\u0131ncan, ya\u015fananlara tepki g\u00f6sterdi.<\/p>\n\n\n\n<p class=\"wp-block-paragraph\">K\u0131z karde\u015finin yakla\u015f\u0131k iki y\u0131ld\u0131r bo\u015fanma s\u00fcrecinde oldu\u011funu s\u00f6yleyen Y\u0131lg\u0131ncan, \u015funlar\u0131 kaydetti:<\/p>\n\n\n\n<p class=\"wp-block-paragraph\"><em>&#8220;K\u0131z karde\u015fim 2 y\u0131ld\u0131r bo\u015fanma a\u015famas\u0131ndayd\u0131. Kar\u015f\u0131 taraf bek\u00e7iydi ama d\u00fcnya kadar bor\u00e7lar\u0131 vard\u0131. Bor\u00e7lar\u0131ndan dolay\u0131 aile i\u00e7erisinde \u015fiddetli ge\u00e7imsizlik ba\u015flad\u0131 ve bu s\u00fcre\u00e7te bo\u015fanma davas\u0131 a\u00e7\u0131ld\u0131. Bo\u015fanma davas\u0131 \u00e7eki\u015fmeliye d\u00f6nd\u00fc ve olanlar oldu. Kendisi kumarbazd\u0131. K\u0131z karde\u015fim i\u00e7in Allah rahmet eylesin, onun da Allah belas\u0131n\u0131 versin. K\u0131z karde\u015fimi 7 ya\u015f\u0131ndaki ye\u011fenimin yan\u0131nda \u00f6ld\u00fcrm\u00fc\u015f. G\u00f6zalt\u0131na al\u0131nd\u0131, emniyette ifadesini al\u0131yorlar.&#8221;<\/em><\/p>\n\n\n\n<p class=\"wp-block-paragraph\">Hatice Mine Kocamaz&#8217;\u0131n cenazesi, yak\u0131nlar\u0131 taraf\u0131ndan teslim al\u0131narak defnedilmek \u00fczere Buruk Mezarl\u0131\u011f\u0131&#8217;na g\u00f6t\u00fcr\u00fcld\u00fc. Olayla ilgili ba\u015flat\u0131lan soru\u015fturma s\u00fcr\u00fcyor.<\/p>\n","protected":false},"excerpt":{"rendered":"<p>Adana&#8217;n\u0131n Y\u00fcre\u011fir il\u00e7esinde bo\u015fanma a\u015famas\u0131ndaki e\u015fi Hatice Mine Kocamaz&#8217;\u0131 uykusunda tabancayla \u00f6ld\u00fcren \u015f\u00fcphelinin mahalle bek\u00e7isi<\/p>\n","protected":false},"author":1,"featured_media":4264,"comment_status":"open","ping_status":"open","sticky":false,"template":"","format":"standard","meta":{"_rtcl_gb_attr":"","footnotes":""},"categories":[1],"tags":[],"class_list":["post-4263","post","type-post","status-publish","format-standard","has-post-thumbnail","hentry","category-http-turkiyemhaber-com-wp-content-uploads-2026-03-saray-59-haber-13-mart-pdf"],"_links":{"self":[{"href":"https:\/\/turkiyemhaber.com\/index.php?rest_route=\/wp\/v2\/posts\/4263","targetHints":{"allow":["GET"]}}],"collection":[{"href":"https:\/\/turkiyemhaber.com\/index.php?rest_route=\/wp\/v2\/posts"}],"about":[{"href":"https:\/\/turkiyemhaber.com\/index.php?rest_route=\/wp\/v2\/types\/post"}],"author":[{"embeddable":true,"href":"https:\/\/turkiyemhaber.com\/index.php?rest_route=\/wp\/v2\/users\/1"}],"replies":[{"embeddable":true,"href":"https:\/\/turkiyemhaber.com\/index.php?rest_route=%2Fwp%2Fv2%2Fcomments&post=4263"}],"version-history":[{"count":1,"href":"https:\/\/turkiyemhaber.com\/index.php?rest_route=\/wp\/v2\/posts\/4263\/revisions"}],"predecessor-version":[{"id":4265,"href":"https:\/\/turkiyemhaber.com\/index.php?rest_route=\/wp\/v2\/posts\/4263\/revisions\/4265"}],"wp:featuredmedia":[{"embeddable":true,"href":"https:\/\/turkiyemhaber.com\/index.php?rest_route=\/wp\/v2\/media\/4264"}],"wp:attachment":[{"href":"https:\/\/turkiyemhaber.com\/index.php?rest_route=%2Fwp%2Fv2%2Fmedia&parent=4263"}],"wp:term":[{"taxonomy":"category","embeddable":true,"href":"https:\/\/turkiyemhaber.com\/index.php?rest_route=%2Fwp%2Fv2%2Fcategories&post=4263"},{"taxonomy":"post_tag","embeddable":true,"href":"https:\/\/turkiyemhaber.com\/index.php?rest_route=%2Fwp%2Fv2%2Ftags&post=4263"}],"curies":[{"name":"wp","href":"https:\/\/api.w.org\/{rel}","templated":true}]}}