{"id":4260,"date":"2026-07-25T12:38:10","date_gmt":"2026-07-25T12:38:10","guid":{"rendered":"https:\/\/turkiyemhaber.com\/?p=4260"},"modified":"2026-07-25T12:38:15","modified_gmt":"2026-07-25T12:38:15","slug":"kulisler-hareketli-muharrem-incenin-hedefinde-chp-genel-baskanligi-mi-var","status":"publish","type":"post","link":"https:\/\/turkiyemhaber.com\/?p=4260","title":{"rendered":"Kulisler hareketli! Muharrem \u0130nce&#8217;nin hedefinde CHP Genel Ba\u015fkanl\u0131\u011f\u0131 m\u0131 var?"},"content":{"rendered":"\n<p class=\"wp-block-paragraph\">CHP&#8217;de \u00d6zg\u00fcr \u00d6zel ve beraberindeki milletvekillerinin istifa ederek Yeni Parti&#8217;yi kurmas\u0131n\u0131n ard\u0131ndan siyasi kulisler hareketlenirken, g\u00f6zler yeniden CHP&#8217;ye d\u00f6nen Muharrem \u0130nce&#8217;ye \u00e7evrildi. Memleket Partisi&#8217;ni kapatarak CHP saflar\u0131na kat\u0131lan \u0130nce&#8217;nin ya\u015fanan s\u00fcre\u00e7 kar\u015f\u0131s\u0131ndaki sessizli\u011fi dikkat \u00e7ekerken, kulislerde genel ba\u015fkanl\u0131k ve cumhurba\u015fkanl\u0131\u011f\u0131 adayl\u0131\u011f\u0131na y\u00f6nelik planlar yapt\u0131\u011f\u0131 iddialar\u0131 konu\u015fuluyor.<\/p>\n\n\n\n<p class=\"wp-block-paragraph\">\u00d6zg\u00fcr \u00d6zel&#8217;in CHP&#8217;den ayr\u0131lmas\u0131 ve Yeni Parti&#8217;nin kurulmas\u0131n\u0131n ard\u0131ndan Muharrem \u0130nce hen\u00fcz resmi bir de\u011ferlendirmede bulunmad\u0131. Mutlak butlan karar\u0131n\u0131n ard\u0131ndan Kemal K\u0131l\u0131\u00e7daro\u011flu&#8217;na yak\u0131n bir tutum sergiledi\u011fi ifade edilen \u0130nce&#8217;nin siyasi yol haritas\u0131 merak konusu oldu.<\/p>\n\n\n\n<h2 class=\"wp-block-heading\"><strong>WhatsApp gruplar\u0131n\u0131 yeniden aktif etti\u011fi iddias\u0131<\/strong><\/h2>\n\n\n\n<p class=\"wp-block-paragraph\">Siyasi kulislerde yer alan bilgilere g\u00f6re Muharrem \u0130nce&#8217;nin, 2023 Cumhurba\u015fkanl\u0131\u011f\u0131 se\u00e7im s\u00fcrecinde olu\u015fturdu\u011fu WhatsApp gruplar\u0131n\u0131 yeniden aktif hale getirdi\u011fi \u00f6ne s\u00fcr\u00fcld\u00fc. Bu geli\u015fme, \u0130nce&#8217;nin yeni d\u00f6neme ili\u015fkin haz\u0131rl\u0131k yapt\u0131\u011f\u0131 y\u00f6n\u00fcndeki yorumlar\u0131 da beraberinde getirdi.<\/p>\n\n\n\n<h2 class=\"wp-block-heading\"><strong>\u0130lk hedef genel ba\u015fkanl\u0131k iddias\u0131<\/strong><\/h2>\n\n\n\n<p class=\"wp-block-paragraph\">Kulislerde konu\u015fulan iddialara g\u00f6re Kemal K\u0131l\u0131\u00e7daro\u011flu&#8217;nun CHP Genel Ba\u015fkanl\u0131\u011f\u0131 g\u00f6revini uzun s\u00fcre s\u00fcrd\u00fcrmeyi d\u00fc\u015f\u00fcnmedi\u011fi, yap\u0131lacak ilk kurultayda Muharrem \u0130nce&#8217;nin genel ba\u015fkan adayl\u0131\u011f\u0131 i\u00e7in haz\u0131rlanabilece\u011fi ileri s\u00fcr\u00fcl\u00fcyor.<\/p>\n\n\n\n<p class=\"wp-block-paragraph\">\u0130ddialara g\u00f6re plan\u0131n ikinci a\u015famas\u0131nda ise Muharrem \u0130nce&#8217;nin CHP Genel Ba\u015fkan\u0131 olarak cumhurba\u015fkanl\u0131\u011f\u0131 adayl\u0131\u011f\u0131na haz\u0131rlanmay\u0131 hedefledi\u011fi konu\u015fuluyor.<\/p>\n\n\n\n<h2 class=\"wp-block-heading\"><strong>Yeni Parti sorusuna dikkat \u00e7eken yan\u0131t<\/strong><\/h2>\n\n\n\n<p class=\"wp-block-paragraph\">Muharrem \u0130nce, ge\u00e7ti\u011fimiz g\u00fcnlerde kendisine y\u00f6neltilen &#8220;Yeni Parti kurulursa kat\u0131lacak m\u0131s\u0131n\u0131z?&#8221; sorusuna \u015fu yan\u0131t\u0131 vermi\u015fti:<\/p>\n\n\n\n<p class=\"wp-block-paragraph\"><em>&#8220;Ben CHP&#8217;de kalaca\u011f\u0131m. Ayr\u0131l\u0131p geri d\u00f6nmek zorunda kalman\u0131n ne oldu\u011funu ya\u015fad\u0131m.&#8221;<\/em><\/p>\n\n\n\n<p class=\"wp-block-paragraph\">Bu a\u00e7\u0131klama, \u0130nce&#8217;nin siyasi gelece\u011fini CHP \u00e7at\u0131s\u0131 alt\u0131nda s\u00fcrd\u00fcrmek istedi\u011fi \u015feklinde de\u011ferlendirilmi\u015fti.<\/p>\n\n\n\n<h2 class=\"wp-block-heading\"><strong>Siyasi ge\u00e7mi\u015fi<\/strong><\/h2>\n\n\n\n<p class=\"wp-block-paragraph\">Muharrem \u0130nce, 2018 Cumhurba\u015fkanl\u0131\u011f\u0131 se\u00e7imlerinde CHP&#8217;nin cumhurba\u015fkan\u0131 aday\u0131 olmu\u015ftu. Se\u00e7im sonras\u0131nda parti y\u00f6netimiyle ya\u015fad\u0131\u011f\u0131 g\u00f6r\u00fc\u015f ayr\u0131l\u0131klar\u0131n\u0131n ard\u0131ndan kurultay \u00e7a\u011fr\u0131lar\u0131 yapan \u0130nce, taleplerinin kar\u015f\u0131l\u0131k bulmamas\u0131 \u00fczerine CHP&#8217;den ayr\u0131larak 2021 y\u0131l\u0131nda Memleket Partisi&#8217;ni kurdu.<\/p>\n\n\n\n<p class=\"wp-block-paragraph\">Daha sonraki s\u00fcre\u00e7te Ekrem \u0130mamo\u011flu&#8217;nun tutuklanmas\u0131n\u0131n ard\u0131ndan CHP ile yeniden yak\u0131nla\u015fan \u0130nce, ge\u00e7ti\u011fimiz y\u0131l Memleket Partisi&#8217;nden ayr\u0131larak yeniden CHP&#8217;ye kat\u0131ld\u0131.<\/p>\n\n\n\n<p class=\"wp-block-paragraph\">\u00d6zg\u00fcr \u00d6zel&#8217;in CHP&#8217;den ayr\u0131larak Yeni Parti&#8217;yi kurmas\u0131n\u0131n ard\u0131ndan Muharrem \u0130nce&#8217;nin nas\u0131l bir siyasi yol izleyece\u011fi ise \u00f6n\u00fcm\u00fczdeki s\u00fcre\u00e7te netlik kazanacak.<\/p>\n","protected":false},"excerpt":{"rendered":"<p>CHP&#8217;de \u00d6zg\u00fcr \u00d6zel ve beraberindeki milletvekillerinin istifa ederek Yeni Parti&#8217;yi kurmas\u0131n\u0131n ard\u0131ndan siyasi kulisler hareketlenirken,<\/p>\n","protected":false},"author":1,"featured_media":4261,"comment_status":"open","ping_status":"open","sticky":false,"template":"","format":"standard","meta":{"_rtcl_gb_attr":"","footnotes":""},"categories":[44],"tags":[],"class_list":["post-4260","post","type-post","status-publish","format-standard","has-post-thumbnail","hentry","category-politika"],"_links":{"self":[{"href":"https:\/\/turkiyemhaber.com\/index.php?rest_route=\/wp\/v2\/posts\/4260","targetHints":{"allow":["GET"]}}],"collection":[{"href":"https:\/\/turkiyemhaber.com\/index.php?rest_route=\/wp\/v2\/posts"}],"about":[{"href":"https:\/\/turkiyemhaber.com\/index.php?rest_route=\/wp\/v2\/types\/post"}],"author":[{"embeddable":true,"href":"https:\/\/turkiyemhaber.com\/index.php?rest_route=\/wp\/v2\/users\/1"}],"replies":[{"embeddable":true,"href":"https:\/\/turkiyemhaber.com\/index.php?rest_route=%2Fwp%2Fv2%2Fcomments&post=4260"}],"version-history":[{"count":1,"href":"https:\/\/turkiyemhaber.com\/index.php?rest_route=\/wp\/v2\/posts\/4260\/revisions"}],"predecessor-version":[{"id":4262,"href":"https:\/\/turkiyemhaber.com\/index.php?rest_route=\/wp\/v2\/posts\/4260\/revisions\/4262"}],"wp:featuredmedia":[{"embeddable":true,"href":"https:\/\/turkiyemhaber.com\/index.php?rest_route=\/wp\/v2\/media\/4261"}],"wp:attachment":[{"href":"https:\/\/turkiyemhaber.com\/index.php?rest_route=%2Fwp%2Fv2%2Fmedia&parent=4260"}],"wp:term":[{"taxonomy":"category","embeddable":true,"href":"https:\/\/turkiyemhaber.com\/index.php?rest_route=%2Fwp%2Fv2%2Fcategories&post=4260"},{"taxonomy":"post_tag","embeddable":true,"href":"https:\/\/turkiyemhaber.com\/index.php?rest_route=%2Fwp%2Fv2%2Ftags&post=4260"}],"curies":[{"name":"wp","href":"https:\/\/api.w.org\/{rel}","templated":true}]}}