{"id":4257,"date":"2026-07-25T12:34:05","date_gmt":"2026-07-25T12:34:05","guid":{"rendered":"https:\/\/turkiyemhaber.com\/?p=4257"},"modified":"2026-07-25T12:34:10","modified_gmt":"2026-07-25T12:34:10","slug":"ozgur-ozel-yeni-partinin-a-takimini-acikladi-iste-mykda-yer-alan-isimler","status":"publish","type":"post","link":"https:\/\/turkiyemhaber.com\/?p=4257","title":{"rendered":"\u00d6zg\u00fcr \u00d6zel Yeni Parti&#8217;nin A Tak\u0131m\u0131n\u0131 a\u00e7\u0131klad\u0131! \u0130\u015fte MYK&#8217;da yer alan isimler"},"content":{"rendered":"\n<p class=\"wp-block-paragraph\">CHP&#8217;den ayr\u0131larak 90 milletvekiliyle birlikte Yeni Parti&#8217;yi kuran \u00d6zg\u00fcr \u00d6zel, partisinin Merkez Y\u00f6netim Kurulu&#8217;nu (MYK) belirledi. Genel Ba\u015fkanl\u0131\u011fa oy birli\u011fiyle se\u00e7ilen \u00d6zel&#8217;in liderli\u011finde olu\u015fturulan MYK&#8217;da Genel Sekreterlik g\u00f6revine Yunus Emre, Parti S\u00f6zc\u00fcl\u00fc\u011f\u00fc g\u00f6revine ise Zeynel Emre getirildi.<\/p>\n\n\n\n<p class=\"wp-block-paragraph\">CHP&#8217;den istifa eden \u00d6zg\u00fcr \u00d6zel ve beraberindeki 90 milletvekili, Yeni Parti&#8217;nin kurulu\u015f dilek\u00e7esini \u0130\u00e7i\u015fleri Bakanl\u0131\u011f\u0131&#8217;na teslim ettikten sonra Birinci Meclis&#8217;i ziyaret etti. Ard\u0131ndan Mustafa Kemal Atat\u00fcrk&#8217;\u00fcn talimat\u0131yla 1926 y\u0131l\u0131nda kurulan Anadolu Kul\u00fcb\u00fc&#8217;nde ger\u00e7ekle\u015ftirilen Kurucular Kurulu toplant\u0131s\u0131nda \u00d6zg\u00fcr \u00d6zel oy birli\u011fiyle Yeni Parti Genel Ba\u015fkan\u0131 se\u00e7ildi.<\/p>\n\n\n\n<p class=\"wp-block-paragraph\">Genel Ba\u015fkan se\u00e7ilmesinin ard\u0131ndan \u00d6zg\u00fcr \u00d6zel ve Kurucular Kurulu, An\u0131tkabir&#8217;i ziyaret etti. Ziyaret sonras\u0131 toplanan Parti Meclisi, Yeni Parti&#8217;nin Merkez Y\u00f6netim Kurulu&#8217;nu belirledi.<\/p>\n\n\n\n<h2 class=\"wp-block-heading\"><strong>Yeni Parti MYK&#8217;s\u0131<\/strong><\/h2>\n\n\n\n<ul class=\"wp-block-list\">\n<li><strong>Genel Sekreter:<\/strong> Yunus Emre<\/li>\n\n\n\n<li><strong>\u00d6rg\u00fctlerden Sorumlu Genel Ba\u015fkan Yard\u0131mc\u0131s\u0131:<\/strong> Ensar Aytekin<\/li>\n\n\n\n<li><strong>\u0130dari ve Mali \u0130\u015flerden Sorumlu Genel Ba\u015fkan Yard\u0131mc\u0131s\u0131:<\/strong> \u00d6zg\u00fcr Ceylan<\/li>\n\n\n\n<li><strong>Yerel Y\u00f6netimlerden Sorumlu Genel Ba\u015fkan Yard\u0131mc\u0131s\u0131:<\/strong> Ya\u015far T\u00fcz\u00fcn<\/li>\n\n\n\n<li><strong>Hukuk ve Se\u00e7im \u0130\u015flerinden Sorumlu Genel Ba\u015fkan Yard\u0131mc\u0131s\u0131:<\/strong> Gizem \u00d6zcan<\/li>\n\n\n\n<li><strong>Yurtd\u0131\u015f\u0131 \u00d6rg\u00fctlenmeden Sorumlu Genel Ba\u015fkan Yard\u0131mc\u0131s\u0131:<\/strong> Nurhayat Altaca Kay\u0131\u015fo\u011flu<\/li>\n\n\n\n<li><strong>Medyadan Sorumlu Genel Ba\u015fkan Yard\u0131mc\u0131s\u0131:<\/strong> Utku \u00c7ak\u0131r\u00f6zer<\/li>\n\n\n\n<li><strong>Halkla \u0130li\u015fkilerden Sorumlu Genel Ba\u015fkan Yard\u0131mc\u0131s\u0131:<\/strong> Aylin Yaman<\/li>\n\n\n\n<li><strong>Parti S\u00f6zc\u00fcs\u00fc:<\/strong> Zeynel Emre<\/li>\n<\/ul>\n\n\n\n<h2 class=\"wp-block-heading\"><strong>Yeni Parti t\u00fcz\u00fc\u011f\u00fc de yay\u0131mland\u0131<\/strong><\/h2>\n\n\n\n<p class=\"wp-block-paragraph\">\u00d6te yandan Yeni Parti&#8217;nin 41 sayfal\u0131k t\u00fcz\u00fc\u011f\u00fc de kamuoyuyla payla\u015f\u0131ld\u0131. T\u00fcz\u00fckte milletvekili, cumhurba\u015fkan\u0131 ve yerel se\u00e7im adaylar\u0131n\u0131n belirlenmesine ili\u015fkin usuller ayr\u0131nt\u0131l\u0131 \u015fekilde d\u00fczenlendi.<\/p>\n\n\n\n<h3 class=\"wp-block-heading\"><strong>Milletvekili adaylar\u0131 be\u015f y\u00f6ntemden biriyle belirlenecek<\/strong><\/h3>\n\n\n\n<p class=\"wp-block-paragraph\">T\u00fcz\u00fc\u011fe g\u00f6re milletvekili adaylar\u0131;<\/p>\n\n\n\n<ul class=\"wp-block-list\">\n<li>\u00d6n se\u00e7im,<\/li>\n\n\n\n<li>\u00d6rg\u00fct denetiminde \u00f6n se\u00e7im,<\/li>\n\n\n\n<li>Aday yoklamas\u0131,<\/li>\n\n\n\n<li>\u00d6rg\u00fct denetiminde aday yoklamas\u0131,<\/li>\n\n\n\n<li>Merkez yoklamas\u0131<\/li>\n<\/ul>\n\n\n\n<p class=\"wp-block-paragraph\">y\u00f6ntemlerinden biriyle belirlenecek. Hangi se\u00e7im \u00e7evresinde hangi y\u00f6ntemin uygulanaca\u011f\u0131na il \u00f6rg\u00fctlerinin g\u00f6r\u00fc\u015f\u00fc do\u011frultusunda Parti Meclisi karar verecek.<\/p>\n\n\n\n<p class=\"wp-block-paragraph\">\u00d6n se\u00e7imlerde adaylar yarg\u0131 g\u00f6zetiminde parti \u00fcyelerinin oylar\u0131yla belirlenecek. Aday yoklamas\u0131na partide belirli g\u00f6revlere se\u00e7ilmi\u015f \u00fcyeler kat\u0131labilecek. Merkez yoklamas\u0131nda ise adaylar\u0131 do\u011frudan Parti Meclisi belirleyecek.<\/p>\n\n\n\n<p class=\"wp-block-paragraph\">T\u00fcz\u00fckte ayr\u0131ca en az bir se\u00e7im \u00e7evresinin milletvekili aday listesinin ilk s\u0131ras\u0131nda engelli bir aday\u0131n yer almas\u0131 h\u00fckme ba\u011fland\u0131. Parti \u00fcyesi olmayan ki\u015filerin milletvekili aday\u0131 g\u00f6sterilebilmesi ise Parti Meclisi&#8217;nin karar\u0131na b\u0131rak\u0131ld\u0131.<\/p>\n\n\n\n<h2 class=\"wp-block-heading\"><strong>Milletvekilli\u011finde \u00fc\u00e7 d\u00f6nem s\u0131n\u0131r\u0131<\/strong><\/h2>\n\n\n\n<p class=\"wp-block-paragraph\">Yeni Parti t\u00fcz\u00fc\u011f\u00fcne g\u00f6re bir ki\u015fi en fazla \u00fc\u00e7 d\u00f6nem \u00fcst \u00fcste milletvekili olabilecek. Ancak yasama d\u00f6neminin yar\u0131s\u0131 tamamlanmadan se\u00e7imin yenilenmesi halinde bu s\u00fcre d\u00f6nem hesab\u0131na dahil edilmeyecek.<\/p>\n\n\n\n<p class=\"wp-block-paragraph\">\u00d6n se\u00e7im veya aday yoklamas\u0131yla belirlenen adaylarda \u00fc\u00e7 d\u00f6nem \u015fart\u0131 aranmayacak. Partinin milletvekili bulunmayan se\u00e7im \u00e7evrelerinde ise Merkez Y\u00f6netim Kurulu&#8217;nun \u00f6nerisi ve Parti Meclisi&#8217;nin karar\u0131yla bu kural uygulanmayabilecek.<\/p>\n\n\n\n<h2 class=\"wp-block-heading\"><strong>Cumhurba\u015fkan\u0131 aday\u0131 d\u00f6rt y\u00f6ntemden biriyle belirlenecek<\/strong><\/h2>\n\n\n\n<p class=\"wp-block-paragraph\">Cumhurba\u015fkan\u0131 aday\u0131n\u0131n;<\/p>\n\n\n\n<ul class=\"wp-block-list\">\n<li>Se\u00e7men yoklamas\u0131,<\/li>\n\n\n\n<li>\u00d6n se\u00e7im,<\/li>\n\n\n\n<li>Aday yoklamas\u0131,<\/li>\n\n\n\n<li>Merkez yoklamas\u0131<\/li>\n<\/ul>\n\n\n\n<p class=\"wp-block-paragraph\">y\u00f6ntemlerinden biriyle belirlenmesi \u00f6ng\u00f6r\u00fcld\u00fc. Hangi y\u00f6ntemin uygulanaca\u011f\u0131na Parti Meclisi karar verecek.<\/p>\n\n\n\n<p class=\"wp-block-paragraph\">Se\u00e7men yoklamas\u0131na se\u00e7men k\u00fct\u00fc\u011f\u00fcne kay\u0131tl\u0131 se\u00e7menler, \u00f6n se\u00e7ime parti \u00fcyeleri, aday yoklamas\u0131na ise partide belirli g\u00f6revlere se\u00e7ilmi\u015f delegeler kat\u0131labilecek. Merkez yoklamas\u0131 uygulanmas\u0131 halinde cumhurba\u015fkan\u0131 aday\u0131n\u0131 Parti Meclisi belirleyecek.<\/p>\n\n\n\n<h2 class=\"wp-block-heading\"><strong>Yerel se\u00e7imlerde de \u00fc\u00e7 d\u00f6nem kural\u0131 uygulanacak<\/strong><\/h2>\n\n\n\n<p class=\"wp-block-paragraph\">Yerel se\u00e7im adaylar\u0131n\u0131n belirlenmesinde de milletvekili adaylar\u0131yla ayn\u0131 y\u00f6ntemler uygulanacak. Belediye ba\u015fkanlar\u0131, belediye meclisi \u00fcyeleri ve il genel meclisi \u00fcyeleri en fazla \u00fc\u00e7 d\u00f6nem \u00fcst \u00fcste g\u00f6rev yapabilecek.<\/p>\n\n\n\n<p class=\"wp-block-paragraph\">\u00d6n se\u00e7im ve aday yoklamas\u0131 y\u00f6ntemlerinin uygulanmas\u0131 halinde ise d\u00f6nem s\u0131n\u0131r\u0131 aranmayacak.<\/p>\n\n\n\n<h2 class=\"wp-block-heading\"><strong>Y\u00fczde 50 cinsiyet ve y\u00fczde 25 gen\u00e7lik kotas\u0131<\/strong><\/h2>\n\n\n\n<p class=\"wp-block-paragraph\">Yeni Parti t\u00fcz\u00fc\u011f\u00fcyle birlikte \u00f6rg\u00fct denetiminde \u00f6n se\u00e7im ve aday yoklamas\u0131yla belirlenecek milletvekili, belediye meclisi ve il genel meclisi adayl\u0131klar\u0131nda <strong>y\u00fczde 50 cinsiyet kotas\u0131<\/strong> uygulanacak.<\/p>\n\n\n\n<p class=\"wp-block-paragraph\">Ayn\u0131 kota Parti Meclisi, Y\u00fcksek Disiplin Kurulu, il ve il\u00e7e y\u00f6netim kurullar\u0131 ile il kongresi ve kurultay delegesi se\u00e7imlerinde de ge\u00e7erli olacak.<\/p>\n\n\n\n<p class=\"wp-block-paragraph\">Gen\u00e7lik kotas\u0131 ise <strong>y\u00fczde 25<\/strong> olarak belirlendi. Buna g\u00f6re kotan\u0131n y\u00fczde 10&#8217;u 18-25 ya\u015f grubuna, y\u00fczde 15&#8217;i ise 26-40 ya\u015f grubuna ayr\u0131lacak.<\/p>\n\n\n\n<p class=\"wp-block-paragraph\">Ge\u00e7ici madde kapsam\u0131nda cinsiyet kotas\u0131 ilk ola\u011fan kurultaya kadar y\u00fczde 33 olarak uygulanacak. Daha sonraki ola\u011fan kurultaylarda bu oran kademeli olarak art\u0131r\u0131larak d\u00f6rd\u00fcnc\u00fc ola\u011fan kurultayda y\u00fczde 50 seviyesine \u00e7\u0131kar\u0131lacak.<\/p>\n","protected":false},"excerpt":{"rendered":"<p>CHP&#8217;den ayr\u0131larak 90 milletvekiliyle birlikte Yeni Parti&#8217;yi kuran \u00d6zg\u00fcr \u00d6zel, partisinin Merkez Y\u00f6netim Kurulu&#8217;nu (MYK)<\/p>\n","protected":false},"author":1,"featured_media":4258,"comment_status":"open","ping_status":"open","sticky":false,"template":"","format":"standard","meta":{"_rtcl_gb_attr":"","footnotes":""},"categories":[44],"tags":[],"class_list":["post-4257","post","type-post","status-publish","format-standard","has-post-thumbnail","hentry","category-politika"],"_links":{"self":[{"href":"https:\/\/turkiyemhaber.com\/index.php?rest_route=\/wp\/v2\/posts\/4257","targetHints":{"allow":["GET"]}}],"collection":[{"href":"https:\/\/turkiyemhaber.com\/index.php?rest_route=\/wp\/v2\/posts"}],"about":[{"href":"https:\/\/turkiyemhaber.com\/index.php?rest_route=\/wp\/v2\/types\/post"}],"author":[{"embeddable":true,"href":"https:\/\/turkiyemhaber.com\/index.php?rest_route=\/wp\/v2\/users\/1"}],"replies":[{"embeddable":true,"href":"https:\/\/turkiyemhaber.com\/index.php?rest_route=%2Fwp%2Fv2%2Fcomments&post=4257"}],"version-history":[{"count":1,"href":"https:\/\/turkiyemhaber.com\/index.php?rest_route=\/wp\/v2\/posts\/4257\/revisions"}],"predecessor-version":[{"id":4259,"href":"https:\/\/turkiyemhaber.com\/index.php?rest_route=\/wp\/v2\/posts\/4257\/revisions\/4259"}],"wp:featuredmedia":[{"embeddable":true,"href":"https:\/\/turkiyemhaber.com\/index.php?rest_route=\/wp\/v2\/media\/4258"}],"wp:attachment":[{"href":"https:\/\/turkiyemhaber.com\/index.php?rest_route=%2Fwp%2Fv2%2Fmedia&parent=4257"}],"wp:term":[{"taxonomy":"category","embeddable":true,"href":"https:\/\/turkiyemhaber.com\/index.php?rest_route=%2Fwp%2Fv2%2Fcategories&post=4257"},{"taxonomy":"post_tag","embeddable":true,"href":"https:\/\/turkiyemhaber.com\/index.php?rest_route=%2Fwp%2Fv2%2Ftags&post=4257"}],"curies":[{"name":"wp","href":"https:\/\/api.w.org\/{rel}","templated":true}]}}