{"id":4254,"date":"2026-07-25T12:29:32","date_gmt":"2026-07-25T12:29:32","guid":{"rendered":"https:\/\/turkiyemhaber.com\/?p=4254"},"modified":"2026-07-25T12:29:37","modified_gmt":"2026-07-25T12:29:37","slug":"kilicdaroglundan-yeni-parti-yorumu-cok-sukur-arinma-buyuk-olcude-gerceklesti","status":"publish","type":"post","link":"https:\/\/turkiyemhaber.com\/?p=4254","title":{"rendered":"K\u0131l\u0131\u00e7daro\u011flu&#8217;ndan Yeni Parti yorumu: &#8220;\u00c7ok \u015f\u00fck\u00fcr ar\u0131nma b\u00fcy\u00fck \u00f6l\u00e7\u00fcde ger\u00e7ekle\u015fti&#8221;"},"content":{"rendered":"\n<p class=\"wp-block-paragraph\">Yarg\u0131 karar\u0131yla yeniden CHP Genel Ba\u015fkanl\u0131\u011f\u0131 g\u00f6revine d\u00f6nen Kemal K\u0131l\u0131\u00e7daro\u011flu, \u00d6zg\u00fcr \u00d6zel ve beraberindeki 90 milletvekilinin partiden ayr\u0131larak Yeni Parti&#8217;yi kurmas\u0131n\u0131n ard\u0131ndan ilk kez a\u00e7\u0131klamalarda bulundu. CHP \u0130stanbul \u0130l Ba\u015fkanl\u0131\u011f\u0131&#8217;n\u0131n d\u00fczenledi\u011fi \u00fcye kat\u0131l\u0131m t\u00f6reninde konu\u015fan K\u0131l\u0131\u00e7daro\u011flu, ya\u015fanan ayr\u0131l\u0131k s\u00fcrecine ili\u015fkin, <strong>&#8220;Cumhuriyet Halk Partisi ar\u0131nmak zorunda olan bir partidir. Neyse \u00e7ok \u015f\u00fck\u00fcr o da b\u00fcy\u00fck \u00f6l\u00e7\u00fcde ger\u00e7ekle\u015fti.&#8221;<\/strong> dedi.<\/p>\n\n\n\n<p class=\"wp-block-paragraph\">Konu\u015fmas\u0131nda parti i\u00e7i tart\u0131\u015fmalardan uzak durulmas\u0131 gerekti\u011fini vurgulayan K\u0131l\u0131\u00e7daro\u011flu, partililere, <strong>&#8220;Zorunlu olmad\u0131k\u00e7a tart\u0131\u015fmalara girmememiz laz\u0131m.&#8221;<\/strong> \u00e7a\u011fr\u0131s\u0131nda bulundu.<\/p>\n\n\n\n<h2 class=\"wp-block-heading\"><strong>&#8220;L\u00fcks mahallelerde de\u011fil, halk\u0131n yan\u0131nda olaca\u011f\u0131z&#8221;<\/strong><\/h2>\n\n\n\n<p class=\"wp-block-paragraph\">T\u00fcrkiye&#8217;nin iyi y\u00f6netilmedi\u011fini savunan K\u0131l\u0131\u00e7daro\u011flu, CHP \u00f6rg\u00fct\u00fcne sahaya inmeleri \u00e7a\u011fr\u0131s\u0131nda bulunarak \u015fu ifadeleri kulland\u0131:<\/p>\n\n\n\n<p class=\"wp-block-paragraph\"><em>&#8220;B\u00fct\u00fcn CHP&#8217;lilere sesleniyorum. Nedeni \u015fu; T\u00fcrkiye iyi y\u00f6netilmiyor. Gezece\u011fiz mahalle mahalle, ev ev onlara hakk\u0131, hukuku, adaleti anlatmak i\u00e7in. Ben d\u00fcn y\u0131llard\u0131r Ankara&#8217;ya gelip tar\u0131mda \u00e7al\u0131\u015fan i\u015f\u00e7ileri ziyaret ettim. Bu insanlarla ilgilenen bir siyaset\u00e7i g\u00f6rd\u00fcn\u00fcz m\u00fc? Biz l\u00fcks mahallelerde de\u011fil, onlar\u0131n yan\u0131nda olmak zorunday\u0131z. Ad\u0131m\u0131z belli, Halk Partisiyiz. Devleti kuran partiyiz. Biz Cumhuriyet Halk Partisi&#8217;yiz. O y\u00fczden gideceksiniz.&#8221;<\/em><\/p>\n\n\n\n<h2 class=\"wp-block-heading\"><strong>&#8220;Yolsuzluk yapan partinin d\u0131\u015f\u0131na \u00e7\u0131kar&#8221;<\/strong><\/h2>\n\n\n\n<p class=\"wp-block-paragraph\">Konu\u015fmas\u0131nda gen\u00e7lerin ya\u015fad\u0131\u011f\u0131 sorunlara ve parti disiplinine de de\u011finen K\u0131l\u0131\u00e7daro\u011flu, yolsuzlukla ilgili net mesajlar verdi.<\/p>\n\n\n\n<p class=\"wp-block-paragraph\"><em>&#8220;Milyonlarca ev gencimiz var. Gidin gen\u00e7lerin nas\u0131l soyuldu\u011funu g\u00f6r\u00fcn. Bu, iktidar\u0131n temel ay\u0131b\u0131d\u0131r. Hi\u00e7bir Cumhuriyet Halk Partili yolsuzluk yapanlarla yan yana duramaz. E\u011fer yolsuzluk yapmak istiyorsan derhal partinin d\u0131\u015f\u0131na \u00e7\u0131kacaks\u0131n.&#8221;<\/em> ifadelerini kulland\u0131.<\/p>\n\n\n\n<h2 class=\"wp-block-heading\"><strong>Yeni Parti sonras\u0131 ilk de\u011ferlendirme<\/strong><\/h2>\n\n\n\n<p class=\"wp-block-paragraph\">\u00d6zg\u00fcr \u00d6zel ve beraberindeki 90 milletvekilinin CHP&#8217;den ayr\u0131larak Yeni Parti&#8217;yi kurmas\u0131n\u0131n ard\u0131ndan ilk kez de\u011ferlendirmede bulunan Kemal K\u0131l\u0131\u00e7daro\u011flu, ayr\u0131l\u0131k s\u00fcrecini <strong>&#8220;ar\u0131nma&#8221;<\/strong> olarak nitelendirerek, <strong>&#8220;Cumhuriyet Halk Partisi ar\u0131nmak zorunda olan bir partidir. Neyse \u00e7ok \u015f\u00fck\u00fcr o da b\u00fcy\u00fck \u00f6l\u00e7\u00fcde ger\u00e7ekle\u015fti.&#8221;<\/strong> s\u00f6zleriyle de\u011ferlendirdi.<\/p>\n","protected":false},"excerpt":{"rendered":"<p>Yarg\u0131 karar\u0131yla yeniden CHP Genel Ba\u015fkanl\u0131\u011f\u0131 g\u00f6revine d\u00f6nen Kemal K\u0131l\u0131\u00e7daro\u011flu, \u00d6zg\u00fcr \u00d6zel ve beraberindeki 90<\/p>\n","protected":false},"author":1,"featured_media":4255,"comment_status":"open","ping_status":"open","sticky":false,"template":"","format":"standard","meta":{"_rtcl_gb_attr":"","footnotes":""},"categories":[44],"tags":[],"class_list":["post-4254","post","type-post","status-publish","format-standard","has-post-thumbnail","hentry","category-politika"],"_links":{"self":[{"href":"https:\/\/turkiyemhaber.com\/index.php?rest_route=\/wp\/v2\/posts\/4254","targetHints":{"allow":["GET"]}}],"collection":[{"href":"https:\/\/turkiyemhaber.com\/index.php?rest_route=\/wp\/v2\/posts"}],"about":[{"href":"https:\/\/turkiyemhaber.com\/index.php?rest_route=\/wp\/v2\/types\/post"}],"author":[{"embeddable":true,"href":"https:\/\/turkiyemhaber.com\/index.php?rest_route=\/wp\/v2\/users\/1"}],"replies":[{"embeddable":true,"href":"https:\/\/turkiyemhaber.com\/index.php?rest_route=%2Fwp%2Fv2%2Fcomments&post=4254"}],"version-history":[{"count":1,"href":"https:\/\/turkiyemhaber.com\/index.php?rest_route=\/wp\/v2\/posts\/4254\/revisions"}],"predecessor-version":[{"id":4256,"href":"https:\/\/turkiyemhaber.com\/index.php?rest_route=\/wp\/v2\/posts\/4254\/revisions\/4256"}],"wp:featuredmedia":[{"embeddable":true,"href":"https:\/\/turkiyemhaber.com\/index.php?rest_route=\/wp\/v2\/media\/4255"}],"wp:attachment":[{"href":"https:\/\/turkiyemhaber.com\/index.php?rest_route=%2Fwp%2Fv2%2Fmedia&parent=4254"}],"wp:term":[{"taxonomy":"category","embeddable":true,"href":"https:\/\/turkiyemhaber.com\/index.php?rest_route=%2Fwp%2Fv2%2Fcategories&post=4254"},{"taxonomy":"post_tag","embeddable":true,"href":"https:\/\/turkiyemhaber.com\/index.php?rest_route=%2Fwp%2Fv2%2Ftags&post=4254"}],"curies":[{"name":"wp","href":"https:\/\/api.w.org\/{rel}","templated":true}]}}