{"id":4242,"date":"2026-07-25T12:08:28","date_gmt":"2026-07-25T12:08:28","guid":{"rendered":"https:\/\/turkiyemhaber.com\/?p=4242"},"modified":"2026-07-25T12:08:33","modified_gmt":"2026-07-25T12:08:33","slug":"bakan-gurlekten-gulistan-doku-aciklamasi-bu-dosyanin-pesini-birakmayacagiz","status":"publish","type":"post","link":"https:\/\/turkiyemhaber.com\/?p=4242","title":{"rendered":"Bakan G\u00fcrlek&#8217;ten G\u00fclistan Doku a\u00e7\u0131klamas\u0131: &#8220;Bu dosyan\u0131n pe\u015fini b\u0131rakmayaca\u011f\u0131z&#8221;"},"content":{"rendered":"\n<p class=\"wp-block-paragraph\">Adalet Bakan\u0131 Ak\u0131n G\u00fcrlek, G\u00fclistan Doku&#8217;nun ak\u0131betini ayd\u0131nlatmak amac\u0131yla y\u00fcr\u00fct\u00fclen soru\u015fturmaya ili\u015fkin \u00f6nemli a\u00e7\u0131klamalarda bulundu. Tunceli ve Erzurum Cumhuriyet Ba\u015fsavc\u0131l\u0131klar\u0131 taraf\u0131ndan \u0130\u00e7i\u015fleri Bakanl\u0131\u011f\u0131 ile tam koordinasyon i\u00e7erisinde s\u00fcrd\u00fcr\u00fclen soru\u015fturman\u0131n kapsaml\u0131 \u015fekilde devam etti\u011fini belirten G\u00fcrlek, yeni dalga operasyonlarda 15 ki\u015finin tutukland\u0131\u011f\u0131n\u0131 a\u00e7\u0131klad\u0131.<\/p>\n\n\n\n<p class=\"wp-block-paragraph\">Bakan G\u00fcrlek, soru\u015fturman\u0131n her y\u00f6n\u00fcyle derinle\u015ftirildi\u011fini belirterek, bu hafta ger\u00e7ekle\u015ftirilen operasyonlarla birlikte toplam 32 \u015f\u00fcpheli hakk\u0131nda adli i\u015flem yap\u0131ld\u0131\u011f\u0131n\u0131 bildirdi. Verilen bilgilere g\u00f6re, y\u00fcr\u00fct\u00fclen i\u015flemler kapsam\u0131nda 15 \u015f\u00fcpheli tutuklanarak cezaevine g\u00f6nderildi. 14 \u015f\u00fcpheli hakk\u0131nda adli kontrol tedbiri uygulan\u0131rken, k\u0131rm\u0131z\u0131 b\u00fclten kapsam\u0131nda yakalanan 1 \u015f\u00fcphelinin T\u00fcrkiye&#8217;ye iade s\u00fcreci ba\u015flat\u0131ld\u0131. Ayr\u0131ca 2 \u015f\u00fcphelinin g\u00f6zalt\u0131 i\u015flemlerinin s\u00fcrd\u00fc\u011f\u00fc a\u00e7\u0131kland\u0131.<\/p>\n\n\n\n<figure class=\"wp-block-image size-full\"><img loading=\"lazy\" decoding=\"async\" width=\"640\" height=\"394\" src=\"https:\/\/turkiyemhaber.com\/wp-content\/uploads\/2026\/07\/bakan-gurlekten-gulistan-doku-20086995-8599_1_m.webp\" alt=\"\" class=\"wp-image-4244\" srcset=\"https:\/\/turkiyemhaber.com\/wp-content\/uploads\/2026\/07\/bakan-gurlekten-gulistan-doku-20086995-8599_1_m.webp 640w, https:\/\/turkiyemhaber.com\/wp-content\/uploads\/2026\/07\/bakan-gurlekten-gulistan-doku-20086995-8599_1_m-300x185.webp 300w, https:\/\/turkiyemhaber.com\/wp-content\/uploads\/2026\/07\/bakan-gurlekten-gulistan-doku-20086995-8599_1_m-18x12.webp 18w\" sizes=\"auto, (max-width: 640px) 100vw, 640px\" \/><\/figure>\n\n\n\n<h2 class=\"wp-block-heading\"><strong>Silinen kay\u0131tlar yeniden inceleniyor<\/strong><\/h2>\n\n\n\n<p class=\"wp-block-paragraph\">Soru\u015fturman\u0131n teknik ve kriminal boyutuna ili\u015fkin de bilgi veren Bakan G\u00fcrlek, maddi ger\u00e7e\u011fin ortaya \u00e7\u0131kar\u0131lmas\u0131 amac\u0131yla t\u00fcm delillerin titizlikle topland\u0131\u011f\u0131n\u0131 ifade etti. Dosya kapsam\u0131nda HTS ve daralt\u0131lm\u0131\u015f baz kay\u0131tlar\u0131, g\u00fcvenlik kameras\u0131 g\u00f6r\u00fcnt\u00fcleri, dijital materyaller, mali hareketler, hastane kay\u0131tlar\u0131, ara\u00e7lar ile DNA ve di\u011fer kriminal bulgular\u0131n uzman ekipler taraf\u0131ndan ayr\u0131nt\u0131l\u0131 \u015fekilde incelendi\u011fini belirtti.<\/p>\n\n\n\n<p class=\"wp-block-paragraph\">\u00d6zellikle \u015f\u00fcpheliler taraf\u0131ndan silindi\u011fi veya de\u011fi\u015ftirildi\u011fi de\u011ferlendirilen dijital kay\u0131tlar\u0131n geri getirilmesi i\u00e7in yo\u011fun \u00e7al\u0131\u015fma y\u00fcr\u00fct\u00fcld\u00fc\u011f\u00fcn\u00fc kaydeden G\u00fcrlek, teknik incelemelerin aral\u0131ks\u0131z devam etti\u011fini s\u00f6yledi.<\/p>\n\n\n\n<figure class=\"wp-block-image size-full\"><img loading=\"lazy\" decoding=\"async\" width=\"640\" height=\"391\" src=\"https:\/\/turkiyemhaber.com\/wp-content\/uploads\/2026\/07\/bakan-gurlekten-gulistan-doku-20086995-1793_1_m.webp\" alt=\"\" class=\"wp-image-4245\" srcset=\"https:\/\/turkiyemhaber.com\/wp-content\/uploads\/2026\/07\/bakan-gurlekten-gulistan-doku-20086995-1793_1_m.webp 640w, https:\/\/turkiyemhaber.com\/wp-content\/uploads\/2026\/07\/bakan-gurlekten-gulistan-doku-20086995-1793_1_m-300x183.webp 300w, https:\/\/turkiyemhaber.com\/wp-content\/uploads\/2026\/07\/bakan-gurlekten-gulistan-doku-20086995-1793_1_m-18x12.webp 18w\" sizes=\"auto, (max-width: 640px) 100vw, 640px\" \/><\/figure>\n\n\n\n<h2 class=\"wp-block-heading\"><strong>&#8220;Maddi ger\u00e7e\u011fin \u00fczerinin \u00f6rt\u00fclmesine izin vermeyece\u011fiz&#8221;<\/strong><\/h2>\n\n\n\n<p class=\"wp-block-paragraph\">Soru\u015fturmada g\u00f6rev alan Tunceli ve Erzurum Cumhuriyet Ba\u015fsavc\u0131l\u0131klar\u0131, Emniyet ve Jandarma te\u015fkilatlar\u0131, JASAT ekipleri, KOM Ba\u015fkanl\u0131\u011f\u0131, MASAK ve Adli T\u0131p Kurumu&#8217;na te\u015fekk\u00fcr eden Bakan G\u00fcrlek, dosyan\u0131n sonuna kadar takip\u00e7isi olacaklar\u0131n\u0131 vurgulad\u0131.<\/p>\n\n\n\n<p class=\"wp-block-paragraph\">G\u00fcrlek a\u00e7\u0131klamas\u0131nda \u015fu ifadeleri kulland\u0131:<\/p>\n\n\n\n<blockquote class=\"wp-block-quote is-layout-flow wp-block-quote-is-layout-flow\">\n<p class=\"wp-block-paragraph\">&#8220;Ucu nereye giderse gitsin, maddi ger\u00e7e\u011fin \u00fczerinin \u00f6rt\u00fclmesine m\u00fcsaade etmeyece\u011fiz. G\u00fclistan Doku&#8217;nun ak\u0131beti b\u00fct\u00fcn y\u00f6nleriyle ayd\u0131nlat\u0131l\u0131ncaya, sorumlular adalet \u00f6n\u00fcnde hesap verinceye kadar bu dosyan\u0131n pe\u015fini b\u0131rakmayaca\u011f\u0131z.&#8221;<\/p>\n<\/blockquote>\n\n\n\n<figure class=\"wp-block-image size-full\"><img loading=\"lazy\" decoding=\"async\" width=\"640\" height=\"359\" src=\"https:\/\/turkiyemhaber.com\/wp-content\/uploads\/2026\/07\/bakan-gurlekten-gulistan-doku-20086995-2652_1_m.webp\" alt=\"\" class=\"wp-image-4246\" srcset=\"https:\/\/turkiyemhaber.com\/wp-content\/uploads\/2026\/07\/bakan-gurlekten-gulistan-doku-20086995-2652_1_m.webp 640w, https:\/\/turkiyemhaber.com\/wp-content\/uploads\/2026\/07\/bakan-gurlekten-gulistan-doku-20086995-2652_1_m-300x168.webp 300w, https:\/\/turkiyemhaber.com\/wp-content\/uploads\/2026\/07\/bakan-gurlekten-gulistan-doku-20086995-2652_1_m-18x10.webp 18w\" sizes=\"auto, (max-width: 640px) 100vw, 640px\" \/><\/figure>\n\n\n\n<h2 class=\"wp-block-heading\"><strong>G\u00fclistan Doku soru\u015fturmas\u0131nda neler ya\u015fand\u0131?<\/strong><\/h2>\n\n\n\n<p class=\"wp-block-paragraph\">Tunceli&#8217;de \u00fcniversite e\u011fitimi g\u00f6ren 21 ya\u015f\u0131ndaki G\u00fclistan Doku&#8217;dan 5 Ocak 2020 tarihinden itibaren haber al\u0131namamas\u0131 \u00fczerine ailesi, memleketleri Diyarbak\u0131r&#8217;dan Tunceli&#8217;ye gelerek 6 Ocak 2020&#8217;de kay\u0131p ba\u015fvurusunda bulundu. Ba\u015flat\u0131lan arama \u00e7al\u0131\u015fmalar\u0131ndan uzun s\u00fcre sonu\u00e7 al\u0131namad\u0131.<\/p>\n\n\n\n<p class=\"wp-block-paragraph\">Soru\u015fturma kapsam\u0131nda elde edilen yeni bilgi ve deliller do\u011frultusunda Tunceli Cumhuriyet Ba\u015fsavc\u0131l\u0131\u011f\u0131 taraf\u0131ndan &#8220;kasten \u00f6ld\u00fcrme&#8221;, &#8220;kasten \u00f6ld\u00fcrmeye yard\u0131m&#8221;, &#8220;cinsel sald\u0131r\u0131&#8221;, &#8220;su\u00e7 delillerini gizleme veya yok etme&#8221;, &#8220;bili\u015fim sistemine hukuka ayk\u0131r\u0131 olarak girerek verileri yok etme veya bozma&#8221;, &#8220;ki\u015fiyi h\u00fcrriyetinden yoksun k\u0131lma&#8221;, &#8220;su\u00e7u bildirmeme&#8221; ve &#8220;su\u00e7luyu kay\u0131rma&#8221; su\u00e7lar\u0131ndan geni\u015f kapsaml\u0131 soru\u015fturma ba\u015flat\u0131ld\u0131.<\/p>\n\n\n\n<p class=\"wp-block-paragraph\">Bu kapsamda 30 \u015f\u00fcpheli g\u00f6zalt\u0131na al\u0131nd\u0131. Tutuklanan isimler aras\u0131nda d\u00f6nemin Tunceli Valisi Tuncay Sonel, o\u011flu Mustafa T\u00fcrkay Sonel, G\u00fclistan Doku&#8217;nun SIM kart\u0131ndaki verileri sildi\u011fi \u00f6ne s\u00fcr\u00fclen eski polis G\u00f6khan Ertok, hastane kay\u0131tlar\u0131n\u0131 sildi\u011fi iddia edilen d\u00f6nemin Tunceli Devlet Hastanesi Ba\u015fhekimi \u00c7a\u011fda\u015f \u00d6zdemir, eski Tunceli \u0130l \u00d6zel \u0130daresi \u00e7al\u0131\u015fan\u0131 Erdo\u011fan Elald\u0131, Celal Alta\u015f, Nur\u015fen Ar\u0131kan, Ferhat Hanedan G\u00fcven, G\u00fclistan Doku&#8217;nun erkek arkada\u015f\u0131 Zeinal Abakarov, annesi Cemile Y\u00fccer, eski polis olan \u00fcvey babas\u0131 Engin Y\u00fccer, d\u00f6nemin koruma polisi \u015e\u00fckr\u00fc Ero\u011flu, g\u00fcvenlik korucusu Fatih \u00d6zmen ile Doku&#8217;nun telefonuna m\u00fcdahale etti\u011fi de\u011ferlendirilen bili\u015fim \u015firketi sahibi Mehmet Aca yer ald\u0131.<\/p>\n\n\n\n<p class=\"wp-block-paragraph\">U\u011furcan A., Munzur \u00dcniversitesinin g\u00fcvenlik kameralar\u0131ndan sorumlu Sava\u015f G., S\u00fcleyman \u00d6., hastane kay\u0131tlar\u0131n\u0131 sildi\u011fi iddia edilen B.Y. ve Y.E., i\u015f insan\u0131 O.Y., F.K., A.\u015e., H.K., E.E., M.Y., T.S. ve E.Y. hakk\u0131nda yurt d\u0131\u015f\u0131na \u00e7\u0131k\u0131\u015f yasa\u011f\u0131 uygulanarak adli kontrol karar\u0131 verildi. Y.S., M.P. ve Y.A. ise savc\u0131l\u0131k ifadelerinin ard\u0131ndan serbest b\u0131rak\u0131ld\u0131.<\/p>\n\n\n\n<p class=\"wp-block-paragraph\">Soru\u015fturma kapsam\u0131nda k\u0131rm\u0131z\u0131 b\u00fcltenle aranan firari \u015f\u00fcpheli Umut Alta\u015f&#8217;\u0131n ABD&#8217;de yakaland\u0131\u011f\u0131 ve T\u00fcrkiye&#8217;ye iade s\u00fcrecinin devam etti\u011fi bildirildi.<\/p>\n\n\n\n<p class=\"wp-block-paragraph\">\u00d6te yandan Erzurum Cumhuriyet Ba\u015fsavc\u0131l\u0131\u011f\u0131 taraf\u0131ndan y\u00fcr\u00fct\u00fclen soru\u015fturma kapsam\u0131nda eski Tunceli Valisi Tuncay Sonel hakk\u0131nda inceleme s\u00fcrerken, d\u00f6nemin Tunceli Emniyet M\u00fcd\u00fcr\u00fc Y\u0131lmaz Delen de tan\u0131k s\u0131fat\u0131yla ifadeye \u00e7a\u011fr\u0131ld\u0131.<\/p>\n\n\n\n<figure class=\"wp-block-image size-full\"><img loading=\"lazy\" decoding=\"async\" width=\"640\" height=\"744\" src=\"https:\/\/turkiyemhaber.com\/wp-content\/uploads\/2026\/07\/bakan-gurlekten-gulistan-doku-20086995-7829_1_m.webp\" alt=\"\" class=\"wp-image-4247\" srcset=\"https:\/\/turkiyemhaber.com\/wp-content\/uploads\/2026\/07\/bakan-gurlekten-gulistan-doku-20086995-7829_1_m.webp 640w, https:\/\/turkiyemhaber.com\/wp-content\/uploads\/2026\/07\/bakan-gurlekten-gulistan-doku-20086995-7829_1_m-258x300.webp 258w, https:\/\/turkiyemhaber.com\/wp-content\/uploads\/2026\/07\/bakan-gurlekten-gulistan-doku-20086995-7829_1_m-10x12.webp 10w\" sizes=\"auto, (max-width: 640px) 100vw, 640px\" \/><\/figure>\n\n\n\n<p class=\"wp-block-paragraph\">Adalet Bakanl\u0131\u011f\u0131, G\u00fclistan Doku dosyas\u0131nda maddi ger\u00e7e\u011fin ortaya \u00e7\u0131kar\u0131lmas\u0131 ve sorumlular\u0131n adalet \u00f6n\u00fcnde hesap vermesi i\u00e7in soru\u015fturman\u0131n t\u00fcm y\u00f6nleriyle kararl\u0131l\u0131kla s\u00fcrd\u00fcr\u00fcld\u00fc\u011f\u00fcn\u00fc vurgulad\u0131.<\/p>\n","protected":false},"excerpt":{"rendered":"<p>Adalet Bakan\u0131 Ak\u0131n G\u00fcrlek, G\u00fclistan Doku&#8217;nun ak\u0131betini ayd\u0131nlatmak amac\u0131yla y\u00fcr\u00fct\u00fclen soru\u015fturmaya ili\u015fkin \u00f6nemli a\u00e7\u0131klamalarda bulundu.<\/p>\n","protected":false},"author":1,"featured_media":4243,"comment_status":"open","ping_status":"open","sticky":false,"template":"","format":"standard","meta":{"_rtcl_gb_attr":"","footnotes":""},"categories":[1],"tags":[],"class_list":["post-4242","post","type-post","status-publish","format-standard","has-post-thumbnail","hentry","category-http-turkiyemhaber-com-wp-content-uploads-2026-03-saray-59-haber-13-mart-pdf"],"_links":{"self":[{"href":"https:\/\/turkiyemhaber.com\/index.php?rest_route=\/wp\/v2\/posts\/4242","targetHints":{"allow":["GET"]}}],"collection":[{"href":"https:\/\/turkiyemhaber.com\/index.php?rest_route=\/wp\/v2\/posts"}],"about":[{"href":"https:\/\/turkiyemhaber.com\/index.php?rest_route=\/wp\/v2\/types\/post"}],"author":[{"embeddable":true,"href":"https:\/\/turkiyemhaber.com\/index.php?rest_route=\/wp\/v2\/users\/1"}],"replies":[{"embeddable":true,"href":"https:\/\/turkiyemhaber.com\/index.php?rest_route=%2Fwp%2Fv2%2Fcomments&post=4242"}],"version-history":[{"count":1,"href":"https:\/\/turkiyemhaber.com\/index.php?rest_route=\/wp\/v2\/posts\/4242\/revisions"}],"predecessor-version":[{"id":4248,"href":"https:\/\/turkiyemhaber.com\/index.php?rest_route=\/wp\/v2\/posts\/4242\/revisions\/4248"}],"wp:featuredmedia":[{"embeddable":true,"href":"https:\/\/turkiyemhaber.com\/index.php?rest_route=\/wp\/v2\/media\/4243"}],"wp:attachment":[{"href":"https:\/\/turkiyemhaber.com\/index.php?rest_route=%2Fwp%2Fv2%2Fmedia&parent=4242"}],"wp:term":[{"taxonomy":"category","embeddable":true,"href":"https:\/\/turkiyemhaber.com\/index.php?rest_route=%2Fwp%2Fv2%2Fcategories&post=4242"},{"taxonomy":"post_tag","embeddable":true,"href":"https:\/\/turkiyemhaber.com\/index.php?rest_route=%2Fwp%2Fv2%2Ftags&post=4242"}],"curies":[{"name":"wp","href":"https:\/\/api.w.org\/{rel}","templated":true}]}}