{"id":4239,"date":"2026-07-25T11:55:34","date_gmt":"2026-07-25T11:55:34","guid":{"rendered":"https:\/\/turkiyemhaber.com\/?p=4239"},"modified":"2026-07-25T11:55:39","modified_gmt":"2026-07-25T11:55:39","slug":"kopekleri-kurtardi-isinden-oldu-tekirdagda-tepki-ceken-olay","status":"publish","type":"post","link":"https:\/\/turkiyemhaber.com\/?p=4239","title":{"rendered":"K\u00f6pekleri Kurtard\u0131, \u0130\u015finden Oldu! Tekirda\u011f&#8217;da Tepki \u00c7eken Olay"},"content":{"rendered":"\n<p class=\"wp-block-paragraph\">Tekirda\u011f&#8217;da su kanal\u0131na at\u0131lan k\u00f6pekleri bo\u011fulmaktan kurtaran bir vatanda\u015f, olay\u0131n g\u00f6r\u00fcnt\u00fclerini sosyal medyada payla\u015fmas\u0131n\u0131n ard\u0131ndan \u00e7al\u0131\u015ft\u0131\u011f\u0131 firma taraf\u0131ndan i\u015ften \u00e7\u0131kar\u0131ld\u0131.<\/p>\n\n\n\n<p class=\"wp-block-paragraph\">Edinilen bilgilere g\u00f6re, su kanal\u0131ndaki k\u00f6peklerin ya\u015fam m\u00fccadelesini g\u00f6ren kep\u00e7e operat\u00f6r\u00fc, kendi imkanlar\u0131yla hayvanlar\u0131 kurtard\u0131. O anlar\u0131 cep telefonu kameras\u0131yla kaydederek sosyal medya hesab\u0131ndan payla\u015fan vatanda\u015f\u0131n videosu k\u0131sa s\u00fcrede b\u00fcy\u00fck ilgi g\u00f6rd\u00fc.<\/p>\n\n\n\n<p class=\"wp-block-paragraph\">G\u00f6r\u00fcnt\u00fclerin g\u00fcndem olmas\u0131n\u0131n ard\u0131ndan \u00e7al\u0131\u015ft\u0131\u011f\u0131 firma taraf\u0131ndan herhangi bir gerek\u00e7e g\u00f6sterilmeden i\u015f akdinin feshedildi\u011fini a\u00e7\u0131klayan vatanda\u015f, yay\u0131mlad\u0131\u011f\u0131 yeni videoda ya\u015fananlara tepki g\u00f6sterdi.<\/p>\n\n\n\n<p class=\"wp-block-paragraph\">\u0130\u015fini kaybetmesine ra\u011fmen yapt\u0131\u011f\u0131 davran\u0131\u015ftan pi\u015fman olmad\u0131\u011f\u0131n\u0131 ifade eden vatanda\u015f, &#8220;Gavur olsa o k\u00f6pekleri orada b\u0131rakmazd\u0131. Sosyal medyada bu kadar g\u00fcndem olaca\u011f\u0131n\u0131 tahmin etmemi\u015ftim. \u0130\u015f akdimi sonland\u0131rm\u0131\u015flar. S\u0131k\u0131nt\u0131 yok. R\u0131zk\u0131 veren Allah&#8217;t\u0131r. Bir kez daha anlad\u0131k ki bu \u00fclkede kimsenin a\u00e7\u0131\u011f\u0131n\u0131 s\u00f6ylemeyeceksin. K\u00f6pek de bo\u011fulacak, tilki de bo\u011fulacak.&#8221; dedi.<\/p>\n\n\n\n<p class=\"wp-block-paragraph\">Olay sosyal medyada geni\u015f yank\u0131 uyand\u0131r\u0131rken, \u00e7ok say\u0131da kullan\u0131c\u0131 vatanda\u015fa destek mesajlar\u0131 payla\u015ft\u0131. Yap\u0131lan yorumlarda, duyarl\u0131 davran\u0131\u015f\u0131 nedeniyle i\u015ften \u00e7\u0131kar\u0131lmas\u0131na tepki g\u00f6sterilirken, kendisine yeni i\u015f imk\u00e2n\u0131 sa\u011flanmas\u0131 y\u00f6n\u00fcnde \u00e7a\u011fr\u0131lar da yap\u0131ld\u0131.<\/p>\n","protected":false},"excerpt":{"rendered":"<p>Tekirda\u011f&#8217;da su kanal\u0131na at\u0131lan k\u00f6pekleri bo\u011fulmaktan kurtaran bir vatanda\u015f, olay\u0131n g\u00f6r\u00fcnt\u00fclerini sosyal medyada payla\u015fmas\u0131n\u0131n ard\u0131ndan<\/p>\n","protected":false},"author":1,"featured_media":4240,"comment_status":"open","ping_status":"open","sticky":false,"template":"","format":"standard","meta":{"_rtcl_gb_attr":"","footnotes":""},"categories":[74],"tags":[],"class_list":["post-4239","post","type-post","status-publish","format-standard","has-post-thumbnail","hentry","category-yerel-haberler"],"_links":{"self":[{"href":"https:\/\/turkiyemhaber.com\/index.php?rest_route=\/wp\/v2\/posts\/4239","targetHints":{"allow":["GET"]}}],"collection":[{"href":"https:\/\/turkiyemhaber.com\/index.php?rest_route=\/wp\/v2\/posts"}],"about":[{"href":"https:\/\/turkiyemhaber.com\/index.php?rest_route=\/wp\/v2\/types\/post"}],"author":[{"embeddable":true,"href":"https:\/\/turkiyemhaber.com\/index.php?rest_route=\/wp\/v2\/users\/1"}],"replies":[{"embeddable":true,"href":"https:\/\/turkiyemhaber.com\/index.php?rest_route=%2Fwp%2Fv2%2Fcomments&post=4239"}],"version-history":[{"count":1,"href":"https:\/\/turkiyemhaber.com\/index.php?rest_route=\/wp\/v2\/posts\/4239\/revisions"}],"predecessor-version":[{"id":4241,"href":"https:\/\/turkiyemhaber.com\/index.php?rest_route=\/wp\/v2\/posts\/4239\/revisions\/4241"}],"wp:featuredmedia":[{"embeddable":true,"href":"https:\/\/turkiyemhaber.com\/index.php?rest_route=\/wp\/v2\/media\/4240"}],"wp:attachment":[{"href":"https:\/\/turkiyemhaber.com\/index.php?rest_route=%2Fwp%2Fv2%2Fmedia&parent=4239"}],"wp:term":[{"taxonomy":"category","embeddable":true,"href":"https:\/\/turkiyemhaber.com\/index.php?rest_route=%2Fwp%2Fv2%2Fcategories&post=4239"},{"taxonomy":"post_tag","embeddable":true,"href":"https:\/\/turkiyemhaber.com\/index.php?rest_route=%2Fwp%2Fv2%2Ftags&post=4239"}],"curies":[{"name":"wp","href":"https:\/\/api.w.org\/{rel}","templated":true}]}}