{"id":4169,"date":"2026-07-20T10:24:33","date_gmt":"2026-07-20T10:24:33","guid":{"rendered":"https:\/\/turkiyemhaber.com\/?p=4169"},"modified":"2026-07-20T10:24:38","modified_gmt":"2026-07-20T10:24:38","slug":"elif-buse-dogan-konserde-saskina-dondu-malatyalilar-nerede","status":"publish","type":"post","link":"https:\/\/turkiyemhaber.com\/?p=4169","title":{"rendered":"Elif Buse Do\u011fan Konserde \u015ea\u015fk\u0131na D\u00f6nd\u00fc: \u201cMalatyal\u0131lar Nerede?\u201d"},"content":{"rendered":"\n<p class=\"wp-block-paragraph\">Malatya Uluslararas\u0131 K\u00fclt\u00fcr, Sanat ve Kay\u0131s\u0131 Festivali kapsam\u0131nda sahne alan sanat\u00e7\u0131 Elif Buse Do\u011fan, konser alan\u0131ndaki kalabal\u0131\u011f\u0131n beklenenden az olmas\u0131 kar\u015f\u0131s\u0131nda \u015fa\u015fk\u0131nl\u0131k ya\u015fad\u0131.<\/p>\n\n\n\n<figure class=\"wp-block-image size-full\"><img loading=\"lazy\" decoding=\"async\" width=\"640\" height=\"852\" src=\"https:\/\/turkiyemhaber.com\/wp-content\/uploads\/2026\/07\/konser-alanini-goren-elif-buse-20069054-5741_1_m.webp\" alt=\"\" class=\"wp-image-4171\" srcset=\"https:\/\/turkiyemhaber.com\/wp-content\/uploads\/2026\/07\/konser-alanini-goren-elif-buse-20069054-5741_1_m.webp 640w, https:\/\/turkiyemhaber.com\/wp-content\/uploads\/2026\/07\/konser-alanini-goren-elif-buse-20069054-5741_1_m-225x300.webp 225w, https:\/\/turkiyemhaber.com\/wp-content\/uploads\/2026\/07\/konser-alanini-goren-elif-buse-20069054-5741_1_m-9x12.webp 9w\" sizes=\"auto, (max-width: 640px) 100vw, 640px\" \/><\/figure>\n\n\n\n<p class=\"wp-block-paragraph\">Malatya B\u00fcy\u00fck\u015fehir Belediyesi taraf\u0131ndan d\u00fczenlenen festivalin ilk g\u00fcn\u00fcnde sahneye \u00e7\u0131kan Do\u011fan, konser s\u0131ras\u0131nda seyircilere d\u00f6nerek \u201cMalatyal\u0131lar nerede, \u00e7ok merak ediyorum. Ba\u015fka bir konser mi var?\u201d diye sordu.<\/p>\n\n\n\n<p class=\"wp-block-paragraph\">Sanat\u00e7\u0131n\u0131n sorusuna seyircilerden gelen \u201cKay\u0131s\u0131 toplamaya gittiler\u201d yan\u0131t\u0131 ise geceye damga vurdu. Bu cevap kar\u015f\u0131s\u0131nda g\u00fcl\u00fcmseyen Elif Buse Do\u011fan, \u201cKe\u015fke biz de yard\u0131ma gitseydik de i\u015fi bitirselerdi, ak\u015fama konsere gelselerdi\u201d ifadelerini kulland\u0131.<\/p>\n\n\n\n<figure class=\"wp-block-image size-full\"><img loading=\"lazy\" decoding=\"async\" width=\"640\" height=\"852\" src=\"https:\/\/turkiyemhaber.com\/wp-content\/uploads\/2026\/07\/konser-alanini-goren-elif-buse-20069054-1249_1_m.webp\" alt=\"\" class=\"wp-image-4172\" srcset=\"https:\/\/turkiyemhaber.com\/wp-content\/uploads\/2026\/07\/konser-alanini-goren-elif-buse-20069054-1249_1_m.webp 640w, https:\/\/turkiyemhaber.com\/wp-content\/uploads\/2026\/07\/konser-alanini-goren-elif-buse-20069054-1249_1_m-225x300.webp 225w, https:\/\/turkiyemhaber.com\/wp-content\/uploads\/2026\/07\/konser-alanini-goren-elif-buse-20069054-1249_1_m-9x12.webp 9w\" sizes=\"auto, (max-width: 640px) 100vw, 640px\" \/><\/figure>\n\n\n\n<p class=\"wp-block-paragraph\">Yakla\u015f\u0131k iki saat sahnede kalan sanat\u00e7\u0131n\u0131n seyircilerle ya\u015fad\u0131\u011f\u0131 samimi diyalog k\u0131sa s\u00fcrede sosyal medyada g\u00fcndem olurken, bir\u00e7ok kullan\u0131c\u0131 Malatya\u2019da kay\u0131s\u0131 hasad\u0131n\u0131n devam etti\u011fine dikkat \u00e7ekti.<\/p>\n\n\n\n<p class=\"wp-block-paragraph\">Elif Buse Do\u011fan, Malatya, Kay\u0131s\u0131 Festivali, konser, sosyal medya, magazin, k\u00fclt\u00fcr sanat, festival, kay\u0131s\u0131 hasad\u0131, g\u00fcndem<\/p>\n\n\n\n<p class=\"wp-block-paragraph\">#ElifBuseDo\u011fan #Malatya #Kay\u0131s\u0131Festivali #Konser #Magazin #K\u00fclt\u00fcrSanat #Festival #SosyalMedya #G\u00fcndem #T\u00fcrkiye #Gundem59 #TurkiyemHaber #Gundem44 #Gundem34Haber #Saray59 #TurkiyemHaberTV #TurkiyemRadyo<\/p>\n","protected":false},"excerpt":{"rendered":"<p>Malatya Uluslararas\u0131 K\u00fclt\u00fcr, Sanat ve Kay\u0131s\u0131 Festivali kapsam\u0131nda sahne alan sanat\u00e7\u0131 Elif Buse Do\u011fan, konser<\/p>\n","protected":false},"author":1,"featured_media":4170,"comment_status":"open","ping_status":"open","sticky":false,"template":"","format":"standard","meta":{"_rtcl_gb_attr":"","footnotes":""},"categories":[74],"tags":[],"class_list":["post-4169","post","type-post","status-publish","format-standard","has-post-thumbnail","hentry","category-yerel-haberler"],"_links":{"self":[{"href":"https:\/\/turkiyemhaber.com\/index.php?rest_route=\/wp\/v2\/posts\/4169","targetHints":{"allow":["GET"]}}],"collection":[{"href":"https:\/\/turkiyemhaber.com\/index.php?rest_route=\/wp\/v2\/posts"}],"about":[{"href":"https:\/\/turkiyemhaber.com\/index.php?rest_route=\/wp\/v2\/types\/post"}],"author":[{"embeddable":true,"href":"https:\/\/turkiyemhaber.com\/index.php?rest_route=\/wp\/v2\/users\/1"}],"replies":[{"embeddable":true,"href":"https:\/\/turkiyemhaber.com\/index.php?rest_route=%2Fwp%2Fv2%2Fcomments&post=4169"}],"version-history":[{"count":1,"href":"https:\/\/turkiyemhaber.com\/index.php?rest_route=\/wp\/v2\/posts\/4169\/revisions"}],"predecessor-version":[{"id":4173,"href":"https:\/\/turkiyemhaber.com\/index.php?rest_route=\/wp\/v2\/posts\/4169\/revisions\/4173"}],"wp:featuredmedia":[{"embeddable":true,"href":"https:\/\/turkiyemhaber.com\/index.php?rest_route=\/wp\/v2\/media\/4170"}],"wp:attachment":[{"href":"https:\/\/turkiyemhaber.com\/index.php?rest_route=%2Fwp%2Fv2%2Fmedia&parent=4169"}],"wp:term":[{"taxonomy":"category","embeddable":true,"href":"https:\/\/turkiyemhaber.com\/index.php?rest_route=%2Fwp%2Fv2%2Fcategories&post=4169"},{"taxonomy":"post_tag","embeddable":true,"href":"https:\/\/turkiyemhaber.com\/index.php?rest_route=%2Fwp%2Fv2%2Ftags&post=4169"}],"curies":[{"name":"wp","href":"https:\/\/api.w.org\/{rel}","templated":true}]}}