{"id":4166,"date":"2026-07-20T10:21:22","date_gmt":"2026-07-20T10:21:22","guid":{"rendered":"https:\/\/turkiyemhaber.com\/?p=4166"},"modified":"2026-07-20T10:21:26","modified_gmt":"2026-07-20T10:21:26","slug":"ozgur-ozel-cephesinde-yeni-parti-iddiasi-gozler-27-temmuza-cevrildi","status":"publish","type":"post","link":"https:\/\/turkiyemhaber.com\/?p=4166","title":{"rendered":"\u00d6zg\u00fcr \u00d6zel Cephesinde Yeni Parti \u0130ddias\u0131: G\u00f6zler 27 Temmuz\u2019a \u00c7evrildi"},"content":{"rendered":"\n<p class=\"wp-block-paragraph\">CHP\u2019de ya\u015fanan mutlak butlan karar\u0131n\u0131n ard\u0131ndan siyaset kulislerinde hareketlilik s\u00fcr\u00fcyor. Ankara\u2019da konu\u015fulan iddialara g\u00f6re, CHP Grup Ba\u015fkan\u0131 \u00d6zg\u00fcr \u00d6zel\u2019in \u00f6nc\u00fcl\u00fc\u011f\u00fcnde yeni bir siyasi olu\u015fum i\u00e7in haz\u0131rl\u0131klar\u0131n son a\u015famaya geldi\u011fi \u00f6ne s\u00fcr\u00fcl\u00fcyor.<\/p>\n\n\n\n<p class=\"wp-block-paragraph\">Kulis bilgilerine g\u00f6re, kurulu\u015f \u00e7al\u0131\u015fmalar\u0131n\u0131n tamamlanmas\u0131n\u0131n ard\u0131ndan yeni partinin kurulu\u015f dilek\u00e7esinin 27 Temmuz\u2019da \u0130\u00e7i\u015fleri Bakanl\u0131\u011f\u0131\u2019na sunulmas\u0131 planlan\u0131yor. Parti isminin ise \u201cYeni Parti\u201d olaca\u011f\u0131 iddia ediliyor.<\/p>\n\n\n\n<p class=\"wp-block-paragraph\">Siyasi \u00e7evrelerde konu\u015fulan bir di\u011fer iddia ise yeni olu\u015fuma \u00e7ok say\u0131da milletvekilinin kat\u0131labilece\u011fi y\u00f6n\u00fcnde. Meclis kulislerinde en az 70 milletvekilinin yeni parti \u00e7at\u0131s\u0131 alt\u0131nda yer almas\u0131n\u0131n beklendi\u011fi \u00f6ne s\u00fcr\u00fcl\u00fcyor.<\/p>\n\n\n\n<p class=\"wp-block-paragraph\">\u00d6te yandan g\u00f6zler yar\u0131n ger\u00e7ekle\u015ftirilecek CHP Grup Toplant\u0131s\u0131\u2019na \u00e7evrildi. \u00d6zg\u00fcr \u00d6zel\u2019in toplant\u0131da hem CHP\u2019de ya\u015fanan son geli\u015fmelere ili\u015fkin de\u011ferlendirmelerde bulunmas\u0131 hem de siyasi gelece\u011fine y\u00f6nelik \u00f6nemli mesajlar vermesi bekleniyor.<\/p>\n\n\n\n<p class=\"wp-block-paragraph\">Yeni parti iddialar\u0131na ili\u015fkin resmi kurulu\u015f i\u015flemleri hen\u00fcz tamamlanmazken, siyasi kulislerde ya\u015fanan hareketlilik Ankara g\u00fcndeminin en \u00e7ok konu\u015fulan ba\u015fl\u0131klar\u0131 aras\u0131nda yer al\u0131yor.<\/p>\n\n\n\n<p class=\"wp-block-paragraph\">\u00d6zg\u00fcr \u00d6zel, CHP, Yeni Parti, siyaset, Ankara, TBMM, milletvekilleri, CHP Grup Toplant\u0131s\u0131, \u0130\u00e7i\u015fleri Bakanl\u0131\u011f\u0131, siyasi kulisler<\/p>\n\n\n\n<p class=\"wp-block-paragraph\">#SonDakika #Siyaset #\u00d6zg\u00fcr\u00d6zel #CHP #YeniParti #TBMM #Ankara #G\u00fcndem #T\u00fcrkiye #Politika #Gundem59 #TurkiyemHaber #Gundem44 #Gundem34Haber #Saray59 #TurkiyemHaberTV #TurkiyemRadyo<\/p>\n","protected":false},"excerpt":{"rendered":"<p>CHP\u2019de ya\u015fanan mutlak butlan karar\u0131n\u0131n ard\u0131ndan siyaset kulislerinde hareketlilik s\u00fcr\u00fcyor. Ankara\u2019da konu\u015fulan iddialara g\u00f6re, CHP<\/p>\n","protected":false},"author":1,"featured_media":4167,"comment_status":"open","ping_status":"open","sticky":false,"template":"","format":"standard","meta":{"_rtcl_gb_attr":"","footnotes":""},"categories":[44],"tags":[],"class_list":["post-4166","post","type-post","status-publish","format-standard","has-post-thumbnail","hentry","category-politika"],"_links":{"self":[{"href":"https:\/\/turkiyemhaber.com\/index.php?rest_route=\/wp\/v2\/posts\/4166","targetHints":{"allow":["GET"]}}],"collection":[{"href":"https:\/\/turkiyemhaber.com\/index.php?rest_route=\/wp\/v2\/posts"}],"about":[{"href":"https:\/\/turkiyemhaber.com\/index.php?rest_route=\/wp\/v2\/types\/post"}],"author":[{"embeddable":true,"href":"https:\/\/turkiyemhaber.com\/index.php?rest_route=\/wp\/v2\/users\/1"}],"replies":[{"embeddable":true,"href":"https:\/\/turkiyemhaber.com\/index.php?rest_route=%2Fwp%2Fv2%2Fcomments&post=4166"}],"version-history":[{"count":1,"href":"https:\/\/turkiyemhaber.com\/index.php?rest_route=\/wp\/v2\/posts\/4166\/revisions"}],"predecessor-version":[{"id":4168,"href":"https:\/\/turkiyemhaber.com\/index.php?rest_route=\/wp\/v2\/posts\/4166\/revisions\/4168"}],"wp:featuredmedia":[{"embeddable":true,"href":"https:\/\/turkiyemhaber.com\/index.php?rest_route=\/wp\/v2\/media\/4167"}],"wp:attachment":[{"href":"https:\/\/turkiyemhaber.com\/index.php?rest_route=%2Fwp%2Fv2%2Fmedia&parent=4166"}],"wp:term":[{"taxonomy":"category","embeddable":true,"href":"https:\/\/turkiyemhaber.com\/index.php?rest_route=%2Fwp%2Fv2%2Fcategories&post=4166"},{"taxonomy":"post_tag","embeddable":true,"href":"https:\/\/turkiyemhaber.com\/index.php?rest_route=%2Fwp%2Fv2%2Ftags&post=4166"}],"curies":[{"name":"wp","href":"https:\/\/api.w.org\/{rel}","templated":true}]}}