{"id":4163,"date":"2026-07-20T10:15:24","date_gmt":"2026-07-20T10:15:24","guid":{"rendered":"https:\/\/turkiyemhaber.com\/?p=4163"},"modified":"2026-07-20T10:15:29","modified_gmt":"2026-07-20T10:15:29","slug":"marmaraereglisinde-surdurulebilir-uretim-incelemesi","status":"publish","type":"post","link":"https:\/\/turkiyemhaber.com\/?p=4163","title":{"rendered":"Marmaraere\u011flisi\u2019nde S\u00fcrd\u00fcr\u00fclebilir \u00dcretim \u0130ncelemesi"},"content":{"rendered":"\n<p class=\"wp-block-paragraph\">Tekirda\u011f \u0130l Tar\u0131m ve Orman M\u00fcd\u00fcr\u00fc Mehmet Aksoy, Marmaraere\u011flisi il\u00e7esinde faaliyet g\u00f6steren ve s\u0131f\u0131r at\u0131k ile ya\u011fmur suyu hasad\u0131 uygulamalar\u0131n\u0131 hayata ge\u00e7iren bir g\u0131da i\u015fletmesini ziyaret etti.<\/p>\n\n\n\n<p class=\"wp-block-paragraph\">Teknik heyetle birlikte i\u015fletmede incelemelerde bulunan Aksoy, \u00fcretim s\u00fcre\u00e7leri, hijyen standartlar\u0131, g\u0131da g\u00fcvenilirli\u011fi ve \u00e7evresel s\u00fcrd\u00fcr\u00fclebilirlik uygulamalar\u0131n\u0131 yerinde de\u011ferlendirdi. Ziyarette i\u015fletme yetkilileriyle sekt\u00f6r\u00fcn mevcut durumu ve s\u00fcrd\u00fcr\u00fclebilir \u00fcretime y\u00f6nelik \u00e7al\u0131\u015fmalar hakk\u0131nda g\u00f6r\u00fc\u015f al\u0131\u015fveri\u015finde bulunuldu.<\/p>\n\n\n\n<p class=\"wp-block-paragraph\">Mehmet Aksoy, do\u011fal kaynaklar\u0131n korunmas\u0131, suyun verimli kullan\u0131lmas\u0131 ve at\u0131klar\u0131n ekonomiye yeniden kazand\u0131r\u0131lmas\u0131na y\u00f6nelik uygulamalar\u0131n s\u00fcrd\u00fcr\u00fclebilir \u00fcretim a\u00e7\u0131s\u0131ndan b\u00fcy\u00fck \u00f6nem ta\u015f\u0131d\u0131\u011f\u0131n\u0131 belirtti. \u0130l Tar\u0131m ve Orman M\u00fcd\u00fcrl\u00fc\u011f\u00fc\u2019n\u00fcn \u00e7evre dostu \u00fcretim modellerini desteklemeye devam etti\u011fi ifade edildi.<\/p>\n\n\n\n<p class=\"wp-block-paragraph\">Marmaraere\u011flisi, Mehmet Aksoy, Tekirda\u011f \u0130l Tar\u0131m ve Orman M\u00fcd\u00fcrl\u00fc\u011f\u00fc, s\u0131f\u0131r at\u0131k, ya\u011fmur suyu hasad\u0131, s\u00fcrd\u00fcr\u00fclebilir \u00fcretim, g\u0131da g\u00fcvenli\u011fi, \u00e7evre, tar\u0131m, Tekirda\u011f<\/p>\n\n\n\n<p class=\"wp-block-paragraph\">#Marmaraere\u011flisi #Tekirda\u011f #Tar\u0131m #\u00c7evre #S\u0131f\u0131rAt\u0131k #S\u00fcrd\u00fcr\u00fclebilirlik #G\u0131daG\u00fcvenli\u011fi #MehmetAksoy #YerelHaber #Tekirda\u011fHaber #Gundem59 #TurkiyemHaber #Gundem44 #Gundem34Haber #Saray59 #TurkiyemHaberTV #TurkiyemRadyo<\/p>\n","protected":false},"excerpt":{"rendered":"<p>Tekirda\u011f \u0130l Tar\u0131m ve Orman M\u00fcd\u00fcr\u00fc Mehmet Aksoy, Marmaraere\u011flisi il\u00e7esinde faaliyet g\u00f6steren ve s\u0131f\u0131r at\u0131k<\/p>\n","protected":false},"author":1,"featured_media":4164,"comment_status":"open","ping_status":"open","sticky":false,"template":"","format":"standard","meta":{"_rtcl_gb_attr":"","footnotes":""},"categories":[74],"tags":[],"class_list":["post-4163","post","type-post","status-publish","format-standard","has-post-thumbnail","hentry","category-yerel-haberler"],"_links":{"self":[{"href":"https:\/\/turkiyemhaber.com\/index.php?rest_route=\/wp\/v2\/posts\/4163","targetHints":{"allow":["GET"]}}],"collection":[{"href":"https:\/\/turkiyemhaber.com\/index.php?rest_route=\/wp\/v2\/posts"}],"about":[{"href":"https:\/\/turkiyemhaber.com\/index.php?rest_route=\/wp\/v2\/types\/post"}],"author":[{"embeddable":true,"href":"https:\/\/turkiyemhaber.com\/index.php?rest_route=\/wp\/v2\/users\/1"}],"replies":[{"embeddable":true,"href":"https:\/\/turkiyemhaber.com\/index.php?rest_route=%2Fwp%2Fv2%2Fcomments&post=4163"}],"version-history":[{"count":1,"href":"https:\/\/turkiyemhaber.com\/index.php?rest_route=\/wp\/v2\/posts\/4163\/revisions"}],"predecessor-version":[{"id":4165,"href":"https:\/\/turkiyemhaber.com\/index.php?rest_route=\/wp\/v2\/posts\/4163\/revisions\/4165"}],"wp:featuredmedia":[{"embeddable":true,"href":"https:\/\/turkiyemhaber.com\/index.php?rest_route=\/wp\/v2\/media\/4164"}],"wp:attachment":[{"href":"https:\/\/turkiyemhaber.com\/index.php?rest_route=%2Fwp%2Fv2%2Fmedia&parent=4163"}],"wp:term":[{"taxonomy":"category","embeddable":true,"href":"https:\/\/turkiyemhaber.com\/index.php?rest_route=%2Fwp%2Fv2%2Fcategories&post=4163"},{"taxonomy":"post_tag","embeddable":true,"href":"https:\/\/turkiyemhaber.com\/index.php?rest_route=%2Fwp%2Fv2%2Ftags&post=4163"}],"curies":[{"name":"wp","href":"https:\/\/api.w.org\/{rel}","templated":true}]}}