{"id":4161,"date":"2026-07-20T09:08:33","date_gmt":"2026-07-20T09:08:33","guid":{"rendered":"https:\/\/turkiyemhaber.com\/?p=4161"},"modified":"2026-07-20T09:08:37","modified_gmt":"2026-07-20T09:08:37","slug":"saray-siyasetinde-gozler-abdul-tasyasana-cevrildi","status":"publish","type":"post","link":"https:\/\/turkiyemhaber.com\/?p=4161","title":{"rendered":"Saray Siyasetinde G\u00f6zler Abd\u00fcl Ta\u015fyasan\u2019a \u00c7evrildi"},"content":{"rendered":"\n<p class=\"wp-block-paragraph\">CHP Saray \u0130l\u00e7e Ba\u015fkan\u0131 Erol G\u00fcrler\u2019in istifas\u0131, Saray siyasetinde yeni tart\u0131\u015fmalar\u0131 da beraberinde getirdi. G\u00fcrler\u2019in istifa gerek\u00e7esi olarak kamuoyunda, CHP\u2019de ya\u015fanan genel merkez tart\u0131\u015fmalar\u0131 ve parti y\u00f6netimine ili\u015fkin g\u00f6r\u00fc\u015f ayr\u0131l\u0131klar\u0131 g\u00f6sterilirken, \u015fimdi g\u00f6zler Saray Belediye Ba\u015fkan\u0131 Abd\u00fcl Ta\u015fyasan\u2019a \u00e7evrildi.<\/p>\n\n\n\n<p class=\"wp-block-paragraph\">Son d\u00f6nemde kamuoyunda zaman zaman AK Parti\u2019ye yak\u0131n oldu\u011fu ve parti de\u011fi\u015ftirebilece\u011fi y\u00f6n\u00fcnde iddialarla g\u00fcndeme gelen Ba\u015fkan Abd\u00fcl Ta\u015fyasan, daha \u00f6nce yapt\u0131\u011f\u0131 a\u00e7\u0131klamalarda bu iddialar\u0131 kesin bir dille yalanlam\u0131\u015ft\u0131. Ancak CHP\u2019de ya\u015fanan geli\u015fmeler ve il\u00e7e ba\u015fkan\u0131n\u0131n istifas\u0131 sonras\u0131 siyasi kulislerde yeni senaryolar konu\u015fulmaya ba\u015fland\u0131.<\/p>\n\n\n\n<p class=\"wp-block-paragraph\">\u00d6zellikle CHP Genel Ba\u015fkanl\u0131\u011f\u0131 konusunda ya\u015fanan tart\u0131\u015fmalar\u0131n ard\u0131ndan Saray\u2019da siyasi dengelerin nas\u0131l \u015fekillenece\u011fi merak konusu oldu. Kamuoyunda; \u201cAbd\u00fcl Ta\u015fyasan CHP\u2019den istifa ederek \u00d6zg\u00fcr \u00d6zel\u2019in yan\u0131nda m\u0131 yer alacak?\u201d, \u201cAK Parti\u2019ye ge\u00e7ece\u011fi y\u00f6n\u00fcndeki iddialar yeniden g\u00fcndeme gelir mi?\u201d ya da \u201cCHP\u2019den se\u00e7ildim, g\u00f6revime CHP\u2019li olarak devam edece\u011fim mi diyecek?\u201d sorular\u0131 dillendirilmeye ba\u015fland\u0131.<\/p>\n\n\n\n<p class=\"wp-block-paragraph\">\u015eu ana kadar Saray Belediye Ba\u015fkan\u0131 Abd\u00fcl Ta\u015fyasan taraf\u0131ndan bu iddialara ili\u015fkin yeni bir a\u00e7\u0131klama yap\u0131lmazken, siyasi g\u00f6zlemciler \u00f6n\u00fcm\u00fczdeki g\u00fcnlerde yap\u0131lacak a\u00e7\u0131klamalar\u0131n Saray siyasetinin y\u00f6n\u00fcn\u00fc belirleyebilece\u011fini ifade ediyor.<\/p>\n\n\n\n<p class=\"wp-block-paragraph\">\u00d6te yandan siyasi kulislerde konu\u015fulan iddialar\u0131n hen\u00fcz resmi bir dayana\u011f\u0131 bulunmazken, Ba\u015fkan Ta\u015fyasan\u2019\u0131n \u00f6n\u00fcm\u00fczdeki s\u00fcre\u00e7te nas\u0131l bir tutum sergileyece\u011fi merakla bekleniyor.<\/p>\n\n\n\n<p class=\"wp-block-paragraph\">Saray, Abd\u00fcl Ta\u015fyasan, CHP, Erol G\u00fcrler, Tekirda\u011f siyaseti, Saray Belediyesi, \u00d6zg\u00fcr \u00d6zel, Kemal K\u0131l\u0131\u00e7daro\u011flu, yerel siyaset, CHP Saray<\/p>\n\n\n\n<p class=\"wp-block-paragraph\">#Saray #Tekirda\u011f #Abd\u00fclTa\u015fyasan #CHP #Siyaset #SonDakika #YerelSiyaset #Tekirda\u011fHaber #Gundem59 #TurkiyemHaber #Gundem44 #Gundem34Haber #Saray59 #TurkiyemHaberTV #TurkiyemRadyo<\/p>\n","protected":false},"excerpt":{"rendered":"<p>CHP Saray \u0130l\u00e7e Ba\u015fkan\u0131 Erol G\u00fcrler\u2019in istifas\u0131, Saray siyasetinde yeni tart\u0131\u015fmalar\u0131 da beraberinde getirdi. G\u00fcrler\u2019in<\/p>\n","protected":false},"author":1,"featured_media":4046,"comment_status":"open","ping_status":"open","sticky":false,"template":"","format":"standard","meta":{"_rtcl_gb_attr":"","footnotes":""},"categories":[44,74],"tags":[],"class_list":["post-4161","post","type-post","status-publish","format-standard","has-post-thumbnail","hentry","category-politika","category-yerel-haberler"],"_links":{"self":[{"href":"https:\/\/turkiyemhaber.com\/index.php?rest_route=\/wp\/v2\/posts\/4161","targetHints":{"allow":["GET"]}}],"collection":[{"href":"https:\/\/turkiyemhaber.com\/index.php?rest_route=\/wp\/v2\/posts"}],"about":[{"href":"https:\/\/turkiyemhaber.com\/index.php?rest_route=\/wp\/v2\/types\/post"}],"author":[{"embeddable":true,"href":"https:\/\/turkiyemhaber.com\/index.php?rest_route=\/wp\/v2\/users\/1"}],"replies":[{"embeddable":true,"href":"https:\/\/turkiyemhaber.com\/index.php?rest_route=%2Fwp%2Fv2%2Fcomments&post=4161"}],"version-history":[{"count":1,"href":"https:\/\/turkiyemhaber.com\/index.php?rest_route=\/wp\/v2\/posts\/4161\/revisions"}],"predecessor-version":[{"id":4162,"href":"https:\/\/turkiyemhaber.com\/index.php?rest_route=\/wp\/v2\/posts\/4161\/revisions\/4162"}],"wp:featuredmedia":[{"embeddable":true,"href":"https:\/\/turkiyemhaber.com\/index.php?rest_route=\/wp\/v2\/media\/4046"}],"wp:attachment":[{"href":"https:\/\/turkiyemhaber.com\/index.php?rest_route=%2Fwp%2Fv2%2Fmedia&parent=4161"}],"wp:term":[{"taxonomy":"category","embeddable":true,"href":"https:\/\/turkiyemhaber.com\/index.php?rest_route=%2Fwp%2Fv2%2Fcategories&post=4161"},{"taxonomy":"post_tag","embeddable":true,"href":"https:\/\/turkiyemhaber.com\/index.php?rest_route=%2Fwp%2Fv2%2Ftags&post=4161"}],"curies":[{"name":"wp","href":"https:\/\/api.w.org\/{rel}","templated":true}]}}