{"id":4158,"date":"2026-07-20T08:58:03","date_gmt":"2026-07-20T08:58:03","guid":{"rendered":"https:\/\/turkiyemhaber.com\/?p=4158"},"modified":"2026-07-20T08:58:08","modified_gmt":"2026-07-20T08:58:08","slug":"chp-sarayda-beklenen-istifa-ilce-baskani-erol-gurler-gorevini-birakti","status":"publish","type":"post","link":"https:\/\/turkiyemhaber.com\/?p=4158","title":{"rendered":"CHP Saray\u2019da Beklenen \u0130stifa: \u0130l\u00e7e Ba\u015fkan\u0131 Erol G\u00fcrler G\u00f6revini B\u0131rakt\u0131"},"content":{"rendered":"\n<p class=\"wp-block-paragraph\">Cumhuriyet Halk Partisi (CHP) Saray \u0130l\u00e7e Ba\u015fkan\u0131 Erol G\u00fcrler, g\u00f6revinden istifa etti\u011fini a\u00e7\u0131klad\u0131. Yaz\u0131l\u0131 bir a\u00e7\u0131klama yay\u0131mlayan G\u00fcrler, karar\u0131n\u0131 vicdani kanaati do\u011frultusunda ald\u0131\u011f\u0131n\u0131 belirterek il\u00e7e ba\u015fkanl\u0131\u011f\u0131 g\u00f6revini b\u0131rakt\u0131\u011f\u0131n\u0131 duyurdu.<\/p>\n\n\n\n<p class=\"wp-block-paragraph\">A\u00e7\u0131klamas\u0131nda CHP&#8217;nin temel ilkelerine, Cumhuriyet de\u011ferlerine ve demokrasi m\u00fccadelesine olan inanc\u0131n\u0131 korudu\u011funu vurgulayan G\u00fcrler, bug\u00fcne kadar partisine en iyi \u015fekilde hizmet etmeye \u00e7al\u0131\u015ft\u0131\u011f\u0131n\u0131 ifade etti. Ancak gelinen noktada g\u00f6revini s\u00fcrd\u00fcrmesinin m\u00fcmk\u00fcn olmad\u0131\u011f\u0131n\u0131 d\u00fc\u015f\u00fcnd\u00fc\u011f\u00fcn\u00fc belirterek istifa karar\u0131n\u0131 kamuoyuyla payla\u015ft\u0131.<\/p>\n\n\n\n<p class=\"wp-block-paragraph\">G\u00fcrler\u2019in istifas\u0131 Saray siyasetinde yank\u0131 uyand\u0131r\u0131rken, kendisiyle yapt\u0131\u011f\u0131m\u0131z g\u00f6r\u00fc\u015fmede dikkat \u00e7eken a\u00e7\u0131klamalarda bulundu. \u0130stifas\u0131n\u0131n temel nedenini anlatan G\u00fcrler, \u201cBen se\u00e7ilmi\u015flerin taraf\u0131nday\u0131m, atanm\u0131\u015flar\u0131n de\u011fil\u201d ifadelerini kulland\u0131.<\/p>\n\n\n\n<p class=\"wp-block-paragraph\">Son d\u00f6nemde CHP i\u00e7inde ya\u015fanan geli\u015fmeler ve parti y\u00f6netimine ili\u015fkin tart\u0131\u015fmalar\u0131n ard\u0131ndan gelen bu a\u00e7\u0131klama, siyasi kulislerde farkl\u0131 yorumlara neden oldu.<\/p>\n\n\n\n<p class=\"wp-block-paragraph\">\u00d6te yandan G\u00fcrler\u2019e yeni kurulmas\u0131 g\u00fcndemde olan bir siyasi olu\u015fuma kat\u0131l\u0131p kat\u0131lmayaca\u011f\u0131 da soruldu. Bu soruya temkinli yakla\u015fan G\u00fcrler, \u201cHen\u00fcz net bir \u015fey s\u00f6ylemek m\u00fcmk\u00fcn de\u011fil. \u00d6n\u00fcm\u00fczdeki s\u00fcre\u00e7 neyi g\u00f6sterir bilinmez. Bu konuda net konu\u015fmak istemiyorum\u201d dedi.<\/p>\n\n\n\n<p class=\"wp-block-paragraph\">Erol G\u00fcrler\u2019in istifas\u0131n\u0131n ard\u0131ndan CHP Saray \u0130l\u00e7e Te\u015fkilat\u0131\u2019nda nas\u0131l bir yol izlenece\u011fi merak konusu olurken, \u00f6n\u00fcm\u00fczdeki g\u00fcnlerde il\u00e7e y\u00f6netimiyle ilgili yeni g\u00f6revlendirme veya kongre s\u00fcrecinin ba\u015flat\u0131lmas\u0131 bekleniyor.<\/p>\n\n\n\n<p class=\"wp-block-paragraph\">CHP, Saray, Erol G\u00fcrler, CHP Saray \u0130l\u00e7e Ba\u015fkanl\u0131\u011f\u0131, istifa, Tekirda\u011f siyaseti, Saray siyaseti, Cumhuriyet Halk Partisi, yerel siyaset, Tekirda\u011f<\/p>\n\n\n\n<p class=\"wp-block-paragraph\">#CHP #Saray #Tekirda\u011f #ErolG\u00fcrler #Siyaset #SonDakika #CHPSaray #Tekirda\u011fHaber #Gundem59 #TurkiyemHaber #Gundem44 #Gundem34Haber #Saray59 #TurkiyemHaberTV #TurkiyemRadyo<\/p>\n","protected":false},"excerpt":{"rendered":"<p>Cumhuriyet Halk Partisi (CHP) Saray \u0130l\u00e7e Ba\u015fkan\u0131 Erol G\u00fcrler, g\u00f6revinden istifa etti\u011fini a\u00e7\u0131klad\u0131. Yaz\u0131l\u0131 bir<\/p>\n","protected":false},"author":1,"featured_media":4159,"comment_status":"open","ping_status":"open","sticky":false,"template":"","format":"standard","meta":{"_rtcl_gb_attr":"","footnotes":""},"categories":[44,74],"tags":[],"class_list":["post-4158","post","type-post","status-publish","format-standard","has-post-thumbnail","hentry","category-politika","category-yerel-haberler"],"_links":{"self":[{"href":"https:\/\/turkiyemhaber.com\/index.php?rest_route=\/wp\/v2\/posts\/4158","targetHints":{"allow":["GET"]}}],"collection":[{"href":"https:\/\/turkiyemhaber.com\/index.php?rest_route=\/wp\/v2\/posts"}],"about":[{"href":"https:\/\/turkiyemhaber.com\/index.php?rest_route=\/wp\/v2\/types\/post"}],"author":[{"embeddable":true,"href":"https:\/\/turkiyemhaber.com\/index.php?rest_route=\/wp\/v2\/users\/1"}],"replies":[{"embeddable":true,"href":"https:\/\/turkiyemhaber.com\/index.php?rest_route=%2Fwp%2Fv2%2Fcomments&post=4158"}],"version-history":[{"count":1,"href":"https:\/\/turkiyemhaber.com\/index.php?rest_route=\/wp\/v2\/posts\/4158\/revisions"}],"predecessor-version":[{"id":4160,"href":"https:\/\/turkiyemhaber.com\/index.php?rest_route=\/wp\/v2\/posts\/4158\/revisions\/4160"}],"wp:featuredmedia":[{"embeddable":true,"href":"https:\/\/turkiyemhaber.com\/index.php?rest_route=\/wp\/v2\/media\/4159"}],"wp:attachment":[{"href":"https:\/\/turkiyemhaber.com\/index.php?rest_route=%2Fwp%2Fv2%2Fmedia&parent=4158"}],"wp:term":[{"taxonomy":"category","embeddable":true,"href":"https:\/\/turkiyemhaber.com\/index.php?rest_route=%2Fwp%2Fv2%2Fcategories&post=4158"},{"taxonomy":"post_tag","embeddable":true,"href":"https:\/\/turkiyemhaber.com\/index.php?rest_route=%2Fwp%2Fv2%2Ftags&post=4158"}],"curies":[{"name":"wp","href":"https:\/\/api.w.org\/{rel}","templated":true}]}}