{"id":4149,"date":"2026-07-20T00:22:18","date_gmt":"2026-07-20T00:22:18","guid":{"rendered":"https:\/\/turkiyemhaber.com\/?p=4149"},"modified":"2026-07-20T00:22:23","modified_gmt":"2026-07-20T00:22:23","slug":"ispanya-dunya-sampiyonu-oldu","status":"publish","type":"post","link":"https:\/\/turkiyemhaber.com\/?p=4149","title":{"rendered":"\u0130spanya D\u00fcnya \u015eampiyonu Oldu"},"content":{"rendered":"\n<p class=\"wp-block-paragraph\">FIFA 2026 D\u00fcnya Kupas\u0131 finalinde \u0130spanya, uzatmalara giden nefes kesen m\u00fccadelede Arjantin\u2019i 1-0 ma\u011flup ederek tarihinde ikinci kez D\u00fcnya Kupas\u0131\u2019n\u0131 kazand\u0131.<\/p>\n\n\n\n<p class=\"wp-block-paragraph\">ABD\u2019deki MetLife Stadyumu\u2019nda oynanan finalin normal s\u00fcresi gols\u00fcz e\u015fitlikle tamamland\u0131. Kar\u015f\u0131la\u015fman\u0131n uzatma dakikalar\u0131nda bask\u0131s\u0131n\u0131 art\u0131ran \u0130spanya, 106. dakikada Ferran Torres\u2019in kaydetti\u011fi golle \u00f6ne ge\u00e7ti. Kalan dakikalarda skor \u00fcst\u00fcnl\u00fc\u011f\u00fcn\u00fc koruyan \u0130spanyollar, kupaya uzanan taraf oldu.<\/p>\n\n\n\n<figure class=\"wp-block-image size-full\"><img loading=\"lazy\" decoding=\"async\" width=\"640\" height=\"425\" src=\"https:\/\/turkiyemhaber.com\/wp-content\/uploads\/2026\/07\/dunya-kupasinda-sampiyon-ispan-20067844-3340_1_m.webp\" alt=\"\" class=\"wp-image-4151\" srcset=\"https:\/\/turkiyemhaber.com\/wp-content\/uploads\/2026\/07\/dunya-kupasinda-sampiyon-ispan-20067844-3340_1_m.webp 640w, https:\/\/turkiyemhaber.com\/wp-content\/uploads\/2026\/07\/dunya-kupasinda-sampiyon-ispan-20067844-3340_1_m-300x199.webp 300w, https:\/\/turkiyemhaber.com\/wp-content\/uploads\/2026\/07\/dunya-kupasinda-sampiyon-ispan-20067844-3340_1_m-18x12.webp 18w\" sizes=\"auto, (max-width: 640px) 100vw, 640px\" \/><\/figure>\n\n\n\n<p class=\"wp-block-paragraph\">Ma\u00e7\u0131n son anlar\u0131nda Arjantin, Enzo Fernandez\u2019in g\u00f6rd\u00fc\u011f\u00fc k\u0131rm\u0131z\u0131 kart sonras\u0131 10 ki\u015fi kald\u0131. \u0130spanya\u2019n\u0131n Nico Williams ile buldu\u011fu bir gol faul gerek\u00e7esiyle, Ferran Torres\u2019in ikinci gol\u00fc ise ofsayt nedeniyle ge\u00e7ersiz say\u0131ld\u0131.<\/p>\n\n\n\n<figure class=\"wp-block-image size-full\"><img loading=\"lazy\" decoding=\"async\" width=\"640\" height=\"425\" src=\"https:\/\/turkiyemhaber.com\/wp-content\/uploads\/2026\/07\/dunya-kupasinda-sampiyon-ispan-20067844-5562_1_m.webp\" alt=\"\" class=\"wp-image-4152\" srcset=\"https:\/\/turkiyemhaber.com\/wp-content\/uploads\/2026\/07\/dunya-kupasinda-sampiyon-ispan-20067844-5562_1_m.webp 640w, https:\/\/turkiyemhaber.com\/wp-content\/uploads\/2026\/07\/dunya-kupasinda-sampiyon-ispan-20067844-5562_1_m-300x199.webp 300w, https:\/\/turkiyemhaber.com\/wp-content\/uploads\/2026\/07\/dunya-kupasinda-sampiyon-ispan-20067844-5562_1_m-18x12.webp 18w\" sizes=\"auto, (max-width: 640px) 100vw, 640px\" \/><\/figure>\n\n\n\n<p class=\"wp-block-paragraph\">2010 y\u0131l\u0131n\u0131n ard\u0131ndan ikinci kez d\u00fcnya \u015fampiyonlu\u011funa ula\u015fan \u0130spanya b\u00fcy\u00fck sevin\u00e7 ya\u015farken, son \u015fampiyon Arjantin turnuvay\u0131 ikinci s\u0131rada tamamlad\u0131.<\/p>\n\n\n\n<p class=\"wp-block-paragraph\">Turnuvan\u0131n gol kral\u0131 ise 10 golle Fransa Milli Tak\u0131m\u0131&#8217;n\u0131n y\u0131ld\u0131z\u0131 Kylian Mbappe oldu. Mbappe, D\u00fcnya Kupas\u0131 tarihindeki toplam gol say\u0131s\u0131n\u0131 22\u2019ye \u00e7\u0131kararak Lionel Messi\u2019yi geride b\u0131rakt\u0131.<\/p>\n\n\n\n<figure class=\"wp-block-image size-full\"><img loading=\"lazy\" decoding=\"async\" width=\"640\" height=\"425\" src=\"https:\/\/turkiyemhaber.com\/wp-content\/uploads\/2026\/07\/dunya-kupasinda-sampiyon-ispan-20067844-4583_1_m.webp\" alt=\"\" class=\"wp-image-4153\" srcset=\"https:\/\/turkiyemhaber.com\/wp-content\/uploads\/2026\/07\/dunya-kupasinda-sampiyon-ispan-20067844-4583_1_m.webp 640w, https:\/\/turkiyemhaber.com\/wp-content\/uploads\/2026\/07\/dunya-kupasinda-sampiyon-ispan-20067844-4583_1_m-300x199.webp 300w, https:\/\/turkiyemhaber.com\/wp-content\/uploads\/2026\/07\/dunya-kupasinda-sampiyon-ispan-20067844-4583_1_m-18x12.webp 18w\" sizes=\"auto, (max-width: 640px) 100vw, 640px\" \/><\/figure>\n\n\n\n<p class=\"wp-block-paragraph\">D\u00fcnya Kupas\u0131, \u0130spanya, Arjantin, Ferran Torres, Lamine Yamal, Lionel Messi, Kylian Mbappe, FIFA 2026, futbol, spor<\/p>\n\n\n\n<p class=\"wp-block-paragraph\">#D\u00fcnyaKupas\u0131 #FIFA2026 #\u0130spanya #Arjantin #Futbol #FerranTorres #LamineYamal #Messi #Mbappe #Spor #SonDakika #Gundem59 #TurkiyemHaber #Gundem44 #Gundem34Haber #Saray59 #TurkiyemHaberTV #TurkiyemRadyo<\/p>\n","protected":false},"excerpt":{"rendered":"<p>FIFA 2026 D\u00fcnya Kupas\u0131 finalinde \u0130spanya, uzatmalara giden nefes kesen m\u00fccadelede Arjantin\u2019i 1-0 ma\u011flup ederek<\/p>\n","protected":false},"author":1,"featured_media":4150,"comment_status":"open","ping_status":"open","sticky":false,"template":"","format":"standard","meta":{"_rtcl_gb_attr":"","footnotes":""},"categories":[3],"tags":[],"class_list":["post-4149","post","type-post","status-publish","format-standard","has-post-thumbnail","hentry","category-spor"],"_links":{"self":[{"href":"https:\/\/turkiyemhaber.com\/index.php?rest_route=\/wp\/v2\/posts\/4149","targetHints":{"allow":["GET"]}}],"collection":[{"href":"https:\/\/turkiyemhaber.com\/index.php?rest_route=\/wp\/v2\/posts"}],"about":[{"href":"https:\/\/turkiyemhaber.com\/index.php?rest_route=\/wp\/v2\/types\/post"}],"author":[{"embeddable":true,"href":"https:\/\/turkiyemhaber.com\/index.php?rest_route=\/wp\/v2\/users\/1"}],"replies":[{"embeddable":true,"href":"https:\/\/turkiyemhaber.com\/index.php?rest_route=%2Fwp%2Fv2%2Fcomments&post=4149"}],"version-history":[{"count":1,"href":"https:\/\/turkiyemhaber.com\/index.php?rest_route=\/wp\/v2\/posts\/4149\/revisions"}],"predecessor-version":[{"id":4154,"href":"https:\/\/turkiyemhaber.com\/index.php?rest_route=\/wp\/v2\/posts\/4149\/revisions\/4154"}],"wp:featuredmedia":[{"embeddable":true,"href":"https:\/\/turkiyemhaber.com\/index.php?rest_route=\/wp\/v2\/media\/4150"}],"wp:attachment":[{"href":"https:\/\/turkiyemhaber.com\/index.php?rest_route=%2Fwp%2Fv2%2Fmedia&parent=4149"}],"wp:term":[{"taxonomy":"category","embeddable":true,"href":"https:\/\/turkiyemhaber.com\/index.php?rest_route=%2Fwp%2Fv2%2Fcategories&post=4149"},{"taxonomy":"post_tag","embeddable":true,"href":"https:\/\/turkiyemhaber.com\/index.php?rest_route=%2Fwp%2Fv2%2Ftags&post=4149"}],"curies":[{"name":"wp","href":"https:\/\/api.w.org\/{rel}","templated":true}]}}