{"id":4144,"date":"2026-07-20T00:11:40","date_gmt":"2026-07-20T00:11:40","guid":{"rendered":"https:\/\/turkiyemhaber.com\/?p=4144"},"modified":"2026-07-20T00:11:46","modified_gmt":"2026-07-20T00:11:46","slug":"parkta-hareketsiz-bulundu-65-yasindaki-adam-hayatini-kaybetti","status":"publish","type":"post","link":"https:\/\/turkiyemhaber.com\/?p=4144","title":{"rendered":"Parkta Hareketsiz Bulundu: 65 Ya\u015f\u0131ndaki Adam Hayat\u0131n\u0131 Kaybetti"},"content":{"rendered":"\n<p class=\"wp-block-paragraph\">Tekirda\u011f\u2019\u0131n \u00c7orlu il\u00e7esinde 65 ya\u015f\u0131ndaki Erkan Ergene, parkta bank \u00fczerinde \u00f6l\u00fc olarak bulundu.<\/p>\n\n\n\n<p class=\"wp-block-paragraph\">Olay, ak\u015fam saatlerinde Cemaliye Mahallesi\u2019ndeki Eski Gaziler Park\u0131\u2019nda meydana geldi. Bank \u00fczerinde battaniyeye sar\u0131l\u0131 halde uzun s\u00fcre hareketsiz yatan ki\u015fiyi fark eden vatanda\u015flar durumu 112 Acil \u00c7a\u011fr\u0131 Merkezi\u2019ne bildirdi. \u0130hbar \u00fczerine olay yerine polis ve sa\u011fl\u0131k ekipleri sevk edildi.<\/p>\n\n\n\n<figure class=\"wp-block-image size-full\"><img loading=\"lazy\" decoding=\"async\" width=\"640\" height=\"289\" src=\"https:\/\/turkiyemhaber.com\/wp-content\/uploads\/2026\/07\/corluda-bir-kisi-parkta-olu-bu-20067692-6806_1_m.webp\" alt=\"\" class=\"wp-image-4147\" srcset=\"https:\/\/turkiyemhaber.com\/wp-content\/uploads\/2026\/07\/corluda-bir-kisi-parkta-olu-bu-20067692-6806_1_m.webp 640w, https:\/\/turkiyemhaber.com\/wp-content\/uploads\/2026\/07\/corluda-bir-kisi-parkta-olu-bu-20067692-6806_1_m-300x135.webp 300w, https:\/\/turkiyemhaber.com\/wp-content\/uploads\/2026\/07\/corluda-bir-kisi-parkta-olu-bu-20067692-6806_1_m-18x8.webp 18w\" sizes=\"auto, (max-width: 640px) 100vw, 640px\" \/><\/figure>\n\n\n\n<p class=\"wp-block-paragraph\">Sa\u011fl\u0131k ekiplerinin yapt\u0131\u011f\u0131 kontrolde Erkan Ergene\u2019nin ya\u015fam\u0131n\u0131 yitirdi\u011fi tespit edildi. \u015eeker hastas\u0131 oldu\u011fu \u00f6\u011frenilen Ergene\u2019nin cenazesi, kesin \u00f6l\u00fcm nedeninin belirlenmesi amac\u0131yla \u00c7orlu Devlet Hastanesi morguna kald\u0131r\u0131ld\u0131.<\/p>\n\n\n\n<p class=\"wp-block-paragraph\">Polis ekipleri olay yerinde inceleme yaparken, \u00f6l\u00fcm\u00fcn nedenine ili\u015fkin soru\u015fturma ba\u015flat\u0131ld\u0131.<\/p>\n\n\n\n<figure class=\"wp-block-image size-full\"><img loading=\"lazy\" decoding=\"async\" width=\"640\" height=\"391\" src=\"https:\/\/turkiyemhaber.com\/wp-content\/uploads\/2026\/07\/corluda-bir-kisi-parkta-olu-bu-20067692-4287_1_m.webp\" alt=\"\" class=\"wp-image-4146\" srcset=\"https:\/\/turkiyemhaber.com\/wp-content\/uploads\/2026\/07\/corluda-bir-kisi-parkta-olu-bu-20067692-4287_1_m.webp 640w, https:\/\/turkiyemhaber.com\/wp-content\/uploads\/2026\/07\/corluda-bir-kisi-parkta-olu-bu-20067692-4287_1_m-300x183.webp 300w, https:\/\/turkiyemhaber.com\/wp-content\/uploads\/2026\/07\/corluda-bir-kisi-parkta-olu-bu-20067692-4287_1_m-18x12.webp 18w\" sizes=\"auto, (max-width: 640px) 100vw, 640px\" \/><\/figure>\n\n\n\n<p class=\"wp-block-paragraph\">\u00c7orlu, Tekirda\u011f, Erkan Ergene, Eski Gaziler Park\u0131, polis, sa\u011fl\u0131k ekipleri, \u00f6l\u00fcm olay\u0131, inceleme, \u00c7orlu Devlet Hastanesi, g\u00fcncel haber<\/p>\n\n\n\n<p class=\"wp-block-paragraph\">#\u00c7orlu #Tekirda\u011f #SonDakika #Asayi\u015f #G\u00fcndem #YerelHaber #Polis #\u00c7orluHaber #Tekirda\u011fHaber #Gundem59 #TurkiyemHaber #Gundem44 #Gundem34Haber #Saray59 #TurkiyemHaberTV #TurkiyemRadyo<\/p>\n","protected":false},"excerpt":{"rendered":"<p>Tekirda\u011f\u2019\u0131n \u00c7orlu il\u00e7esinde 65 ya\u015f\u0131ndaki Erkan Ergene, parkta bank \u00fczerinde \u00f6l\u00fc olarak bulundu. Olay, ak\u015fam<\/p>\n","protected":false},"author":1,"featured_media":4145,"comment_status":"open","ping_status":"open","sticky":false,"template":"","format":"standard","meta":{"_rtcl_gb_attr":"","footnotes":""},"categories":[74],"tags":[],"class_list":["post-4144","post","type-post","status-publish","format-standard","has-post-thumbnail","hentry","category-yerel-haberler"],"_links":{"self":[{"href":"https:\/\/turkiyemhaber.com\/index.php?rest_route=\/wp\/v2\/posts\/4144","targetHints":{"allow":["GET"]}}],"collection":[{"href":"https:\/\/turkiyemhaber.com\/index.php?rest_route=\/wp\/v2\/posts"}],"about":[{"href":"https:\/\/turkiyemhaber.com\/index.php?rest_route=\/wp\/v2\/types\/post"}],"author":[{"embeddable":true,"href":"https:\/\/turkiyemhaber.com\/index.php?rest_route=\/wp\/v2\/users\/1"}],"replies":[{"embeddable":true,"href":"https:\/\/turkiyemhaber.com\/index.php?rest_route=%2Fwp%2Fv2%2Fcomments&post=4144"}],"version-history":[{"count":1,"href":"https:\/\/turkiyemhaber.com\/index.php?rest_route=\/wp\/v2\/posts\/4144\/revisions"}],"predecessor-version":[{"id":4148,"href":"https:\/\/turkiyemhaber.com\/index.php?rest_route=\/wp\/v2\/posts\/4144\/revisions\/4148"}],"wp:featuredmedia":[{"embeddable":true,"href":"https:\/\/turkiyemhaber.com\/index.php?rest_route=\/wp\/v2\/media\/4145"}],"wp:attachment":[{"href":"https:\/\/turkiyemhaber.com\/index.php?rest_route=%2Fwp%2Fv2%2Fmedia&parent=4144"}],"wp:term":[{"taxonomy":"category","embeddable":true,"href":"https:\/\/turkiyemhaber.com\/index.php?rest_route=%2Fwp%2Fv2%2Fcategories&post=4144"},{"taxonomy":"post_tag","embeddable":true,"href":"https:\/\/turkiyemhaber.com\/index.php?rest_route=%2Fwp%2Fv2%2Ftags&post=4144"}],"curies":[{"name":"wp","href":"https:\/\/api.w.org\/{rel}","templated":true}]}}