{"id":4140,"date":"2026-07-19T16:06:40","date_gmt":"2026-07-19T16:06:40","guid":{"rendered":"https:\/\/turkiyemhaber.com\/?p=4140"},"modified":"2026-07-19T16:06:45","modified_gmt":"2026-07-19T16:06:45","slug":"filenin-efeleri-tarih-yazdi-turkiye-ilk-kez-vnl-ceyrek-finalinde","status":"publish","type":"post","link":"https:\/\/turkiyemhaber.com\/?p=4140","title":{"rendered":"Filenin Efeleri Tarih Yazd\u0131: T\u00fcrkiye \u0130lk Kez VNL \u00c7eyrek Finalinde"},"content":{"rendered":"\n<p class=\"wp-block-paragraph\">A Milli Erkek Voleybol Tak\u0131m\u0131, 2026 Voleybol Milletler Ligi&#8217;nde tarihi bir ba\u015far\u0131ya imza att\u0131. \u0130ran&#8217;\u0131 3-1 ma\u011flup eden Filenin Efeleri, tarihinde ilk kez Voleybol Milletler Ligi&#8217;nde \u00e7eyrek finale y\u00fckselerek T\u00fcrk voleybolunda yeni bir sayfa a\u00e7t\u0131.<\/p>\n\n\n\n<figure class=\"wp-block-image size-full\"><img loading=\"lazy\" decoding=\"async\" width=\"735\" height=\"490\" src=\"https:\/\/turkiyemhaber.com\/wp-content\/uploads\/2026\/07\/filenin-efeleri-tarih-yaziyor_20067221_19.jpg\" alt=\"\" class=\"wp-image-4142\" srcset=\"https:\/\/turkiyemhaber.com\/wp-content\/uploads\/2026\/07\/filenin-efeleri-tarih-yaziyor_20067221_19.jpg 735w, https:\/\/turkiyemhaber.com\/wp-content\/uploads\/2026\/07\/filenin-efeleri-tarih-yaziyor_20067221_19-300x200.jpg 300w, https:\/\/turkiyemhaber.com\/wp-content\/uploads\/2026\/07\/filenin-efeleri-tarih-yaziyor_20067221_19-18x12.jpg 18w\" sizes=\"auto, (max-width: 735px) 100vw, 735px\" \/><\/figure>\n\n\n\n<p class=\"wp-block-paragraph\">Belgrad Arena&#8217;da oynanan kar\u015f\u0131la\u015fmaya istedi\u011fi ba\u015flang\u0131c\u0131 yapamayan milliler, ilk seti 25-17 kaybetmesine ra\u011fmen sonraki setlerde \u00fcst\u00fcn bir performans sergiledi. Ay-y\u0131ld\u0131zl\u0131 ekip, ikinci seti 25-22, \u00fc\u00e7\u00fcnc\u00fc seti 25-16 ve d\u00f6rd\u00fcnc\u00fc seti 25-19 kazanarak m\u00fccadeleden 3-1 galip ayr\u0131ld\u0131.<\/p>\n\n\n\n<p class=\"wp-block-paragraph\">Bu sonu\u00e7la birlikte Milletler Ligi&#8217;nde 8&#8217;inci galibiyetini alan T\u00fcrkiye, puan\u0131n\u0131 22&#8217;ye y\u00fckselterek ad\u0131n\u0131 tarihinde ilk kez \u00e7eyrek finale yazd\u0131rd\u0131.<\/p>\n\n\n\n<p class=\"wp-block-paragraph\">A Milli Erkek Voleybol Tak\u0131m\u0131, 29 Temmuz &#8211; 2 A\u011fustos 2026 tarihleri aras\u0131nda \u00c7in&#8217;in Ningbo kentinde d\u00fczenlenecek Voleybol Milletler Ligi Finalleri&#8217;nde m\u00fccadele edecek.<\/p>\n\n\n\n<p class=\"wp-block-paragraph\">Kar\u015f\u0131la\u015fman\u0131n ard\u0131ndan b\u00fcy\u00fck sevin\u00e7 ya\u015fayan milli oyuncular ve teknik ekip, tarihi ba\u015far\u0131y\u0131 taraftarlarla kutlad\u0131.<\/p>\n\n\n\n<p class=\"wp-block-paragraph\">T\u00fcrkiye: Ahmet, Murat, G\u00f6k\u00e7en, Bedirhan, Adis, Efe, Berkay (L) (Mirza, Kaan, Hilmi, Cafer)<\/p>\n\n\n\n<p class=\"wp-block-paragraph\">\u0130ran: Morteza, Mohommad, Arshia, Haghparast, Nima, Haji, Hazrat (L) (Ilshan, Poriya, Mohsen, Eisa, Hossein (L), Nasri)<\/p>\n\n\n\n<p class=\"wp-block-paragraph\">Setler: 17-25, 25-22, 25-16, 25-19<\/p>\n\n\n\n<p class=\"wp-block-paragraph\">S\u00fcre: 111 dakika<\/p>\n\n\n\n<p class=\"wp-block-paragraph\">Filenin Efeleri, A Milli Erkek Voleybol Tak\u0131m\u0131, Voleybol Milletler Ligi, VNL 2026, T\u00fcrkiye, \u0130ran, Spor, Milli Tak\u0131m, \u00c7eyrek Final, Ningbo, \u00c7in<\/p>\n\n\n\n<p class=\"wp-block-paragraph\">#FileninEfeleri #Voleybol #VNL2026 #T\u00fcrkiye #MilliTak\u0131m #Spor #\u0130ran #\u00c7eyrekFinal #VoleybolMilletlerLigi #SonDakika #Gundem59 #TurkiyemHaber #Gundem44 #Gundem34Haber #Saray59 #TurkiyemHaberTV #TurkiyemRadyo<\/p>\n","protected":false},"excerpt":{"rendered":"<p>A Milli Erkek Voleybol Tak\u0131m\u0131, 2026 Voleybol Milletler Ligi&#8217;nde tarihi bir ba\u015far\u0131ya imza att\u0131. \u0130ran&#8217;\u0131<\/p>\n","protected":false},"author":1,"featured_media":4141,"comment_status":"open","ping_status":"open","sticky":false,"template":"","format":"standard","meta":{"_rtcl_gb_attr":"","footnotes":""},"categories":[3],"tags":[],"class_list":["post-4140","post","type-post","status-publish","format-standard","has-post-thumbnail","hentry","category-spor"],"_links":{"self":[{"href":"https:\/\/turkiyemhaber.com\/index.php?rest_route=\/wp\/v2\/posts\/4140","targetHints":{"allow":["GET"]}}],"collection":[{"href":"https:\/\/turkiyemhaber.com\/index.php?rest_route=\/wp\/v2\/posts"}],"about":[{"href":"https:\/\/turkiyemhaber.com\/index.php?rest_route=\/wp\/v2\/types\/post"}],"author":[{"embeddable":true,"href":"https:\/\/turkiyemhaber.com\/index.php?rest_route=\/wp\/v2\/users\/1"}],"replies":[{"embeddable":true,"href":"https:\/\/turkiyemhaber.com\/index.php?rest_route=%2Fwp%2Fv2%2Fcomments&post=4140"}],"version-history":[{"count":1,"href":"https:\/\/turkiyemhaber.com\/index.php?rest_route=\/wp\/v2\/posts\/4140\/revisions"}],"predecessor-version":[{"id":4143,"href":"https:\/\/turkiyemhaber.com\/index.php?rest_route=\/wp\/v2\/posts\/4140\/revisions\/4143"}],"wp:featuredmedia":[{"embeddable":true,"href":"https:\/\/turkiyemhaber.com\/index.php?rest_route=\/wp\/v2\/media\/4141"}],"wp:attachment":[{"href":"https:\/\/turkiyemhaber.com\/index.php?rest_route=%2Fwp%2Fv2%2Fmedia&parent=4140"}],"wp:term":[{"taxonomy":"category","embeddable":true,"href":"https:\/\/turkiyemhaber.com\/index.php?rest_route=%2Fwp%2Fv2%2Fcategories&post=4140"},{"taxonomy":"post_tag","embeddable":true,"href":"https:\/\/turkiyemhaber.com\/index.php?rest_route=%2Fwp%2Fv2%2Ftags&post=4140"}],"curies":[{"name":"wp","href":"https:\/\/api.w.org\/{rel}","templated":true}]}}