{"id":4136,"date":"2026-07-19T15:59:39","date_gmt":"2026-07-19T15:59:39","guid":{"rendered":"https:\/\/turkiyemhaber.com\/?p=4136"},"modified":"2026-07-19T15:59:44","modified_gmt":"2026-07-19T15:59:44","slug":"aziz-ustel-son-yolculuguna-ugurlandi","status":"publish","type":"post","link":"https:\/\/turkiyemhaber.com\/?p=4136","title":{"rendered":"Aziz \u00dcstel Son Yolculu\u011funa U\u011furland\u0131"},"content":{"rendered":"\n<p class=\"wp-block-paragraph\">\u0130zmir&#8217;de tedavi g\u00f6rd\u00fc\u011f\u00fc hastanede hayat\u0131n\u0131 kaybeden gazeteci, televizyon yap\u0131mc\u0131s\u0131 ve eski Galatasaray y\u00f6neticisi Aziz \u00dcstel, d\u00fczenlenen cenaze t\u00f6reninin ard\u0131ndan son yolculu\u011funa u\u011furland\u0131.<\/p>\n\n\n\n<figure class=\"wp-block-image size-large\"><img loading=\"lazy\" decoding=\"async\" width=\"1024\" height=\"768\" src=\"https:\/\/turkiyemhaber.com\/wp-content\/uploads\/2026\/07\/aziz-ustel-izmir-de-son-yolculuguna-ugurlandi-9-20065212_amp-1-1024x768.jpg\" alt=\"\" class=\"wp-image-4138\" srcset=\"https:\/\/turkiyemhaber.com\/wp-content\/uploads\/2026\/07\/aziz-ustel-izmir-de-son-yolculuguna-ugurlandi-9-20065212_amp-1-1024x768.jpg 1024w, https:\/\/turkiyemhaber.com\/wp-content\/uploads\/2026\/07\/aziz-ustel-izmir-de-son-yolculuguna-ugurlandi-9-20065212_amp-1-300x225.jpg 300w, https:\/\/turkiyemhaber.com\/wp-content\/uploads\/2026\/07\/aziz-ustel-izmir-de-son-yolculuguna-ugurlandi-9-20065212_amp-1-768x576.jpg 768w, https:\/\/turkiyemhaber.com\/wp-content\/uploads\/2026\/07\/aziz-ustel-izmir-de-son-yolculuguna-ugurlandi-9-20065212_amp-1-16x12.jpg 16w, https:\/\/turkiyemhaber.com\/wp-content\/uploads\/2026\/07\/aziz-ustel-izmir-de-son-yolculuguna-ugurlandi-9-20065212_amp-1-320x240.jpg 320w, https:\/\/turkiyemhaber.com\/wp-content\/uploads\/2026\/07\/aziz-ustel-izmir-de-son-yolculuguna-ugurlandi-9-20065212_amp-1.jpg 1200w\" sizes=\"auto, (max-width: 1024px) 100vw, 1024px\" \/><\/figure>\n\n\n\n<p class=\"wp-block-paragraph\">80 ya\u015f\u0131nda ya\u015fam\u0131n\u0131 yitiren Aziz \u00dcstel i\u00e7in \u0130zmir&#8217;deki Hac\u0131 Fatma Tatari Camii&#8217;nde ikindi namaz\u0131na m\u00fcteakip cenaze t\u00f6reni d\u00fczenlendi. T\u00f6rene ailesi, yak\u0131nlar\u0131, gazeteci dostlar\u0131 ve spor camias\u0131ndan isimler kat\u0131ld\u0131.<\/p>\n\n\n\n<p class=\"wp-block-paragraph\">Aziz \u00dcstel&#8217;in eski e\u015fi Filiz D\u00f6ner&#8217;in yan\u0131 s\u0131ra AK Parti \u0130zmir Milletvekili Mehmet Muharrem Kasapo\u011flu da cenazede yer ald\u0131. G\u00f6ztepe ve Galatasaray kul\u00fcplerinin yan\u0131 s\u0131ra Fatih Terim ve Arda Turan da cenazeye \u00e7elenk g\u00f6nderdi. \u00dcstel&#8217;in tabutuna Galatasaray bayra\u011f\u0131 sar\u0131ld\u0131.<\/p>\n\n\n\n<p class=\"wp-block-paragraph\">T\u00f6rende konu\u015fan Mehmet Muharrem Kasapo\u011flu, Aziz \u00dcstel&#8217;in spor ve medya d\u00fcnyas\u0131nda \u00f6nemli izler b\u0131rakt\u0131\u011f\u0131n\u0131 belirterek, &#8220;Hem gazeteci hem spor insan\u0131 hem de g\u00fc\u00e7l\u00fc bir entelekt\u00fcel kimli\u011fe sahipti. Nezaketi ve duru\u015fuyla her zaman hat\u0131rlanacakt\u0131r&#8221; ifadelerini kulland\u0131.<\/p>\n\n\n\n<p class=\"wp-block-paragraph\">K\u0131l\u0131nan cenaze namaz\u0131n\u0131n ard\u0131ndan Aziz \u00dcstel&#8217;in naa\u015f\u0131 Yeni \u00d6rnekk\u00f6y Mezarl\u0131\u011f\u0131&#8217;nda topra\u011fa verildi.<\/p>\n\n\n\n<p class=\"wp-block-paragraph\">Uzun y\u0131llar gazetecilik, televizyonculuk ve spor y\u00f6neticili\u011fi alanlar\u0131nda g\u00f6rev yapan Aziz \u00dcstel&#8217;in vefat\u0131, medya ve spor camias\u0131nda b\u00fcy\u00fck \u00fcz\u00fcnt\u00fc yaratt\u0131.<\/p>\n\n\n\n<p class=\"wp-block-paragraph\">Aziz \u00dcstel, \u0130zmir, Galatasaray, Spor, Medya, Gazeteci, Televizyon Yap\u0131mc\u0131s\u0131, Fatih Terim, Arda Turan, Mehmet Muharrem Kasapo\u011flu, G\u00fcncel, K\u00fclt\u00fcr Sanat<\/p>\n\n\n\n<p class=\"wp-block-paragraph\">#Aziz\u00dcstel #\u0130zmir #Galatasaray #Spor #Medya #Gazeteci #SonDakika #G\u00fcncel #FatihTerim #ArdaTuran #T\u00fcrkiyemHaber #Gundem59 #Gundem44 #Gundem34Haber #Saray59 #TurkiyemHaberTV #TurkiyemRadyo<\/p>\n","protected":false},"excerpt":{"rendered":"<p>\u0130zmir&#8217;de tedavi g\u00f6rd\u00fc\u011f\u00fc hastanede hayat\u0131n\u0131 kaybeden gazeteci, televizyon yap\u0131mc\u0131s\u0131 ve eski Galatasaray y\u00f6neticisi Aziz \u00dcstel,<\/p>\n","protected":false},"author":1,"featured_media":4137,"comment_status":"open","ping_status":"open","sticky":false,"template":"","format":"standard","meta":{"_rtcl_gb_attr":"","footnotes":""},"categories":[3],"tags":[],"class_list":["post-4136","post","type-post","status-publish","format-standard","has-post-thumbnail","hentry","category-spor"],"_links":{"self":[{"href":"https:\/\/turkiyemhaber.com\/index.php?rest_route=\/wp\/v2\/posts\/4136","targetHints":{"allow":["GET"]}}],"collection":[{"href":"https:\/\/turkiyemhaber.com\/index.php?rest_route=\/wp\/v2\/posts"}],"about":[{"href":"https:\/\/turkiyemhaber.com\/index.php?rest_route=\/wp\/v2\/types\/post"}],"author":[{"embeddable":true,"href":"https:\/\/turkiyemhaber.com\/index.php?rest_route=\/wp\/v2\/users\/1"}],"replies":[{"embeddable":true,"href":"https:\/\/turkiyemhaber.com\/index.php?rest_route=%2Fwp%2Fv2%2Fcomments&post=4136"}],"version-history":[{"count":1,"href":"https:\/\/turkiyemhaber.com\/index.php?rest_route=\/wp\/v2\/posts\/4136\/revisions"}],"predecessor-version":[{"id":4139,"href":"https:\/\/turkiyemhaber.com\/index.php?rest_route=\/wp\/v2\/posts\/4136\/revisions\/4139"}],"wp:featuredmedia":[{"embeddable":true,"href":"https:\/\/turkiyemhaber.com\/index.php?rest_route=\/wp\/v2\/media\/4137"}],"wp:attachment":[{"href":"https:\/\/turkiyemhaber.com\/index.php?rest_route=%2Fwp%2Fv2%2Fmedia&parent=4136"}],"wp:term":[{"taxonomy":"category","embeddable":true,"href":"https:\/\/turkiyemhaber.com\/index.php?rest_route=%2Fwp%2Fv2%2Fcategories&post=4136"},{"taxonomy":"post_tag","embeddable":true,"href":"https:\/\/turkiyemhaber.com\/index.php?rest_route=%2Fwp%2Fv2%2Ftags&post=4136"}],"curies":[{"name":"wp","href":"https:\/\/api.w.org\/{rel}","templated":true}]}}