{"id":4128,"date":"2026-07-19T09:57:10","date_gmt":"2026-07-19T09:57:10","guid":{"rendered":"https:\/\/turkiyemhaber.com\/?p=4128"},"modified":"2026-07-19T09:57:15","modified_gmt":"2026-07-19T09:57:15","slug":"milyonlarca-emeklinin-bekledigi-duzenleme-tbmm-gundeminde-en-dusuk-maas-23-bin-552-tlye-cikiyor","status":"publish","type":"post","link":"https:\/\/turkiyemhaber.com\/?p=4128","title":{"rendered":"Milyonlarca Emeklinin Bekledi\u011fi D\u00fczenleme TBMM G\u00fcndeminde: En D\u00fc\u015f\u00fck Maa\u015f 23 Bin 552 TL&#8217;ye \u00c7\u0131k\u0131yor"},"content":{"rendered":"\n<p class=\"wp-block-paragraph\">T\u00fcrkiye B\u00fcy\u00fck Millet Meclisi (TBMM), bu hafta milyonlarca emekliyi ilgilendiren kritik d\u00fczenlemeleri g\u00f6r\u00fc\u015fmeye haz\u0131rlan\u0131yor. Genel Kurul g\u00fcndeminin en \u00f6nemli ba\u015fl\u0131klar\u0131ndan biri, en d\u00fc\u015f\u00fck emekli ayl\u0131\u011f\u0131n\u0131n 20 bin TL&#8217;den 23 bin 552 TL&#8217;ye y\u00fckseltilmesini \u00f6ng\u00f6ren torba kanun teklifi olacak.<\/p>\n\n\n\n<p class=\"wp-block-paragraph\">Yakla\u015f\u0131k 5,1 milyon emekliyi do\u011frudan ilgilendiren d\u00fczenlemenin, Meclis&#8217;te kabul edilerek k\u0131sa s\u00fcre i\u00e7erisinde yasala\u015fmas\u0131 bekleniyor.<\/p>\n\n\n\n<h3 class=\"wp-block-heading\">Emekli Maa\u015flar\u0131nda Yeni D\u00f6nem<\/h3>\n\n\n\n<p class=\"wp-block-paragraph\">Torba teklif kapsam\u0131nda en d\u00fc\u015f\u00fck emekli ayl\u0131\u011f\u0131n\u0131n y\u00fczde 17,76 oran\u0131nda art\u0131r\u0131larak 23 bin 552 TL&#8217;ye \u00e7\u0131kar\u0131lmas\u0131 planlan\u0131yor. D\u00fczenlemenin yasala\u015fmas\u0131 halinde yeni maa\u015flar\u0131n A\u011fustos ay\u0131nda hesaplara yat\u0131r\u0131lmas\u0131 bekleniyor.<\/p>\n\n\n\n<h3 class=\"wp-block-heading\">Siber G\u00fcvenlik Yetkileri Tek \u00c7at\u0131 Alt\u0131nda Toplanacak<\/h3>\n\n\n\n<p class=\"wp-block-paragraph\">Teklifte yer alan bir di\u011fer \u00f6nemli d\u00fczenleme ise siber g\u00fcvenlik alan\u0131nda olacak. Bilgi Teknolojileri ve \u0130leti\u015fim Kurumu&#8217;nun (BTK) baz\u0131 kritik yetkileri Siber G\u00fcvenlik Ba\u015fkanl\u0131\u011f\u0131&#8217;na devredilecek.<\/p>\n\n\n\n<p class=\"wp-block-paragraph\">Yeni d\u00fczenlemeyle birlikte;<\/p>\n\n\n\n<ul class=\"wp-block-list\">\n<li>Siber savunma,<\/li>\n\n\n\n<li>Alan ad\u0131 y\u00f6netimi,<\/li>\n\n\n\n<li>\u0130nternet altyap\u0131 denetimi,<\/li>\n\n\n\n<li>Dijital tehdit analizleri<\/li>\n<\/ul>\n\n\n\n<p class=\"wp-block-paragraph\">gibi stratejik alanlarda yetki devri ger\u00e7ekle\u015ftirilecek.<\/p>\n\n\n\n<h3 class=\"wp-block-heading\">\u00dcst D\u00fczey Memur Atamalar\u0131nda K\u0131dem \u015eart\u0131 Art\u0131yor<\/h3>\n\n\n\n<p class=\"wp-block-paragraph\">Devlet Memurlar\u0131 Kanunu&#8217;nda yap\u0131lacak de\u011fi\u015fiklikle daire ba\u015fkan\u0131 ve dengi y\u00f6neticilik kadrolar\u0131na atanabilmek i\u00e7in gerekli hizmet s\u00fcresi 5 y\u0131ldan 10 y\u0131la \u00e7\u0131kar\u0131lacak.<\/p>\n\n\n\n<h3 class=\"wp-block-heading\">Trafikte Drift ve Makasa A\u011f\u0131r Yapt\u0131r\u0131m<\/h3>\n\n\n\n<p class=\"wp-block-paragraph\">Karayollar\u0131 Trafik Kanunu&#8217;nda yap\u0131lacak de\u011fi\u015fiklikle trafik g\u00fcvenli\u011fini tehlikeye atan s\u00fcr\u00fcc\u00fclere y\u00f6nelik yapt\u0131r\u0131mlar sertle\u015fiyor.<\/p>\n\n\n\n<p class=\"wp-block-paragraph\">Yeni d\u00fczenlemeye g\u00f6re;<\/p>\n\n\n\n<ul class=\"wp-block-list\">\n<li>Drift atan,<\/li>\n\n\n\n<li>Makas atan,<\/li>\n<\/ul>\n\n\n\n<p class=\"wp-block-paragraph\">aday s\u00fcr\u00fcc\u00fclerin ehliyetleri do\u011frudan iptal edilebilecek.<\/p>\n\n\n\n<h3 class=\"wp-block-heading\">Otomobillerde \u00d6TV Sistemi De\u011fi\u015fiyor<\/h3>\n\n\n\n<p class=\"wp-block-paragraph\">Torba teklif kapsam\u0131nda ara\u00e7 vergilendirmesinde de yeni bir d\u00f6nemin kap\u0131s\u0131 aralan\u0131yor.<\/p>\n\n\n\n<p class=\"wp-block-paragraph\">Buna g\u00f6re sadece motor hacmi de\u011fil, arac\u0131n \u00e7eki\u015f sistemi de \u00d6TV oranlar\u0131n\u0131 belirleyen kriterlerden biri olacak.<\/p>\n\n\n\n<p class=\"wp-block-paragraph\">\u00d6rne\u011fin;<\/p>\n\n\n\n<ul class=\"wp-block-list\">\n<li>4&#215;2 ara\u00e7lar,<\/li>\n\n\n\n<li>4&#215;4 ara\u00e7lar<\/li>\n<\/ul>\n\n\n\n<p class=\"wp-block-paragraph\">ayn\u0131 motor hacmine sahip olsalar bile farkl\u0131 vergi dilimlerinde de\u011ferlendirilebilecek.<\/p>\n\n\n\n<h3 class=\"wp-block-heading\">Turizm ve Sinema Sekt\u00f6r\u00fcne Destek<\/h3>\n\n\n\n<p class=\"wp-block-paragraph\">Kanun teklifinde turizm i\u015fletmelerine sigorta primi deste\u011fi sa\u011flanmas\u0131 da yer al\u0131yor.<\/p>\n\n\n\n<p class=\"wp-block-paragraph\">\u00d6te yandan dijital yay\u0131n platformlar\u0131n\u0131n y\u0131ll\u0131k net sat\u0131\u015flar\u0131n\u0131n y\u00fczde 2&#8217;si sinema sekt\u00f6r\u00fcn\u00fcn desteklenmesi amac\u0131yla K\u00fclt\u00fcr ve Turizm Bakanl\u0131\u011f\u0131&#8217;n\u0131n d\u00f6ner sermaye hesab\u0131na aktar\u0131lacak.<\/p>\n\n\n\n<figure class=\"wp-block-image size-full\"><img loading=\"lazy\" decoding=\"async\" width=\"735\" height=\"490\" src=\"http:\/\/turkiyemhaber.com\/wp-content\/uploads\/2026\/07\/cift-maasli-vekiller-18-milyona-daire-sahibi-olacak_20063426_78.jpg\" alt=\"\" class=\"wp-image-4080\" srcset=\"https:\/\/turkiyemhaber.com\/wp-content\/uploads\/2026\/07\/cift-maasli-vekiller-18-milyona-daire-sahibi-olacak_20063426_78.jpg 735w, https:\/\/turkiyemhaber.com\/wp-content\/uploads\/2026\/07\/cift-maasli-vekiller-18-milyona-daire-sahibi-olacak_20063426_78-300x200.jpg 300w, https:\/\/turkiyemhaber.com\/wp-content\/uploads\/2026\/07\/cift-maasli-vekiller-18-milyona-daire-sahibi-olacak_20063426_78-18x12.jpg 18w\" sizes=\"auto, (max-width: 735px) 100vw, 735px\" \/><\/figure>\n\n\n\n<h3 class=\"wp-block-heading\">G\u00f6zler TBMM&#8217;de<\/h3>\n\n\n\n<p class=\"wp-block-paragraph\">Meclis&#8217;in yaz tatiline girmesine k\u0131sa s\u00fcre kala torba teklifin bu hafta Genel Kurul&#8217;da g\u00f6r\u00fc\u015f\u00fclerek yasala\u015ft\u0131r\u0131lmas\u0131 hedefleniyor. D\u00fczenleme \u00f6zellikle emekliler, memurlar, s\u00fcr\u00fcc\u00fcler ve otomobil almay\u0131 planlayan vatanda\u015flar taraf\u0131ndan yak\u0131ndan takip ediliyor.<\/p>\n\n\n\n<p class=\"wp-block-paragraph\"><strong>Etiketler:<\/strong> TBMM, Emekli Maa\u015f\u0131, En D\u00fc\u015f\u00fck Emekli Maa\u015f\u0131, Emekli Zamm\u0131, Memur, \u00d6TV, Siber G\u00fcvenlik, Trafik Cezalar\u0131, Ekonomi, G\u00fcncel Haberler<\/p>\n\n\n\n<p class=\"wp-block-paragraph\">#SonDakika #TBMM #Emekli #EmekliMaa\u015f\u0131 #EmekliZamm\u0131 #Ekonomi #Memur #\u00d6TV #Trafik #G\u00fcndem #T\u00fcrkiye #Gundem59 #TurkiyemHaber #Gundem44 #Gundem34Haber #Saray59 #TurkiyemHaberTV #TurkiyemRadyo<\/p>\n","protected":false},"excerpt":{"rendered":"<p>T\u00fcrkiye B\u00fcy\u00fck Millet Meclisi (TBMM), bu hafta milyonlarca emekliyi ilgilendiren kritik d\u00fczenlemeleri g\u00f6r\u00fc\u015fmeye haz\u0131rlan\u0131yor. Genel<\/p>\n","protected":false},"author":1,"featured_media":4129,"comment_status":"open","ping_status":"open","sticky":false,"template":"","format":"standard","meta":{"_rtcl_gb_attr":"","footnotes":""},"categories":[1],"tags":[],"class_list":["post-4128","post","type-post","status-publish","format-standard","has-post-thumbnail","hentry","category-http-turkiyemhaber-com-wp-content-uploads-2026-03-saray-59-haber-13-mart-pdf"],"_links":{"self":[{"href":"https:\/\/turkiyemhaber.com\/index.php?rest_route=\/wp\/v2\/posts\/4128","targetHints":{"allow":["GET"]}}],"collection":[{"href":"https:\/\/turkiyemhaber.com\/index.php?rest_route=\/wp\/v2\/posts"}],"about":[{"href":"https:\/\/turkiyemhaber.com\/index.php?rest_route=\/wp\/v2\/types\/post"}],"author":[{"embeddable":true,"href":"https:\/\/turkiyemhaber.com\/index.php?rest_route=\/wp\/v2\/users\/1"}],"replies":[{"embeddable":true,"href":"https:\/\/turkiyemhaber.com\/index.php?rest_route=%2Fwp%2Fv2%2Fcomments&post=4128"}],"version-history":[{"count":1,"href":"https:\/\/turkiyemhaber.com\/index.php?rest_route=\/wp\/v2\/posts\/4128\/revisions"}],"predecessor-version":[{"id":4130,"href":"https:\/\/turkiyemhaber.com\/index.php?rest_route=\/wp\/v2\/posts\/4128\/revisions\/4130"}],"wp:featuredmedia":[{"embeddable":true,"href":"https:\/\/turkiyemhaber.com\/index.php?rest_route=\/wp\/v2\/media\/4129"}],"wp:attachment":[{"href":"https:\/\/turkiyemhaber.com\/index.php?rest_route=%2Fwp%2Fv2%2Fmedia&parent=4128"}],"wp:term":[{"taxonomy":"category","embeddable":true,"href":"https:\/\/turkiyemhaber.com\/index.php?rest_route=%2Fwp%2Fv2%2Fcategories&post=4128"},{"taxonomy":"post_tag","embeddable":true,"href":"https:\/\/turkiyemhaber.com\/index.php?rest_route=%2Fwp%2Fv2%2Ftags&post=4128"}],"curies":[{"name":"wp","href":"https:\/\/api.w.org\/{rel}","templated":true}]}}